{"id":9510,"date":"2015-04-20T18:30:02","date_gmt":"2015-04-20T15:30:02","guid":{"rendered":"http:\/\/baptist.org.md\/ro\/?p=9510"},"modified":"2015-04-20T18:48:50","modified_gmt":"2015-04-20T15:48:50","slug":"prima-cursa-de-ciclism-pentru-binecuvantarea-moldovei-din-2015-foto","status":"publish","type":"post","link":"https:\/\/baptist.org.md\/ro\/?p=9510","title":{"rendered":"Prima curs\u0103 de &#8220;Ciclism pentru binecuv\u00e2ntarea Moldovei&#8221; din 2015 (FOTO)"},"content":{"rendered":"<p style=\"text-align: justify;\">Rug\u0103ciune \u015fi Evanghelizare pe biciclete. Acestea sunt cuvintele cheie care definesc scopul \u015fi misiunea maratoanelor\u00a0de\u00a0<a href=\"https:\/\/www.facebook.com\/veloblessing?fref=ts\" target=\"_blank\"><strong>&#8220;Ciclism pentru binecuv\u00e2ntarea Moldovei&#8221;<\/strong><\/a>. \u00cen perioada, 16-19 aprilie 2015, \u00een Comunitatea de Nord s-a desf\u0103\u015furat cea de-a II-a curs\u0103 de ciclism. De binecuv\u00e2ntare prin rug\u0103ciune \u015fi evanghelizare au beneficiat localit\u0103\u0163i din raioanele: Soroca, Dondu\u015feni, Ocni\u0163a \u015fi Edine\u0163.<\/p>\n<p style=\"text-align: justify;\"><a href=\"http:\/\/baptist.org.md\/ro\/wp-content\/uploads\/cover-site.jpg\"><img decoding=\"async\" class=\"aligncenter wp-image-9517\" src=\"http:\/\/baptist.org.md\/ro\/wp-content\/uploads\/cover-site.jpg\" alt=\"cover site\" width=\"720\" srcset=\"https:\/\/baptist.org.md\/ro\/wp-content\/uploads\/cover-site.jpg 960w, https:\/\/baptist.org.md\/ro\/wp-content\/uploads\/cover-site-300x225.jpg 300w\" sizes=\"(max-width: 960px) 100vw, 960px\" \/><\/a><\/p>\n<p style=\"text-align: justify;\">Timp de patru zile, cei 18 participan\u0163i au reu\u015fit s\u0103 viziteze 12 biserici. \u00cen localit\u0103\u0163ile unde nu au g\u0103sit Biserici Evanghelice, tinerii au binecuv\u00e2ntat localit\u0103\u0163ile prin rug\u0103ciune la intrarea \u00een sat sau pe stadionul de fotbal unde au vestit Evanghelia tinerilor.<\/p>\n<p style=\"text-align: justify;\">Prima zi din Cursa de &#8220;Ciclism pentru binecuv\u00e2ntarea Moldovei&#8221; 2015 a fost plin\u0103 de surprize \u015fi experien\u0163e frumoase cu Dumnezeu. Ajun\u015fi \u00een prima localitate de pe traseul planificat, T\u00eernova, raionul Dondu\u015feni, mai devreme dec\u00e2t ora stabilit\u0103, b\u0103ie\u0163ii au aflat c\u0103 pe stadionul din sat tinerii se adun\u0103 s\u0103 joace fotbal. Au mers pe stadion pentru a se \u00eemprieteni \u015fi a le vesti Evanghelia. Dup\u0103 o partid\u0103 bun\u0103 de fotbal, timp \u00een care au reu\u015fit s\u0103 se \u00eemprieteneasc\u0103, echipa de cicli\u015fti au f\u0103cut un cerc pe gazon \u015fi au m\u0103rturisit tinerilor c\u0103 Domnul Isus a murit \u015fi a \u00eenviat ca s\u0103 ne r\u0103scumpere de p\u0103cat. Vestea transmis\u0103 prin cuv\u00e2nt \u015fi muzic\u0103 cre\u015ftin\u0103 a captivat tinerii, care au ascultat mesajul cu mult interes.<\/p>\n<p style=\"text-align: justify;\"><a href=\"http:\/\/baptist.org.md\/ro\/wp-content\/uploads\/11156347_848004998568529_1791486491252301139_n.jpg\"><img decoding=\"async\" class=\"aligncenter wp-image-9539\" src=\"http:\/\/baptist.org.md\/ro\/wp-content\/uploads\/11156347_848004998568529_1791486491252301139_n.jpg\" alt=\"11156347_848004998568529_1791486491252301139_n\" width=\"720\" srcset=\"https:\/\/baptist.org.md\/ro\/wp-content\/uploads\/11156347_848004998568529_1791486491252301139_n.jpg 960w, https:\/\/baptist.org.md\/ro\/wp-content\/uploads\/11156347_848004998568529_1791486491252301139_n-300x225.jpg 300w\" sizes=\"(max-width: 960px) 100vw, 960px\" \/><\/a><\/p>\n<p style=\"text-align: justify;\">Liderul pentru Rug\u0103ciune din cadrul Departamentului de Tineret, Valeriu Doncil\u0103 ne-a dat c\u00e2teva detalii despre acest eveniment: &#8220;\u00cen aceast\u0103 curs\u0103 am parcurs peste 200 km pe biciclete. Este a doua curs\u0103 pe care cu ajutorul Domnului o organizez \u00een calitate de lider a Departamentului de Rug\u0103ciune \u015fi ambele au cuprins zona de Nord. Eu personal am participat la 6 curse. De aceast\u0103 dat\u0103 am avut un timp special de p\u0103rt\u0103\u015fie cu bisericile locale pe care le-am vizitat. Scopul primordial a fost rug\u0103ciunea. Ne-am rugat pe drum cu oamenii, \u00een cadrul serviciilor de rug\u0103ciune cu Bisericile. Echipa a fost foarte dedicat\u0103 rug\u0103ciunii, fiecare membru s-a implicat cu \u00eendemnuri la rug\u0103ciune \u015fi \u00eencurajarea cre\u015ftinilor din nordul \u0163\u0103rii. A fost o atmosfer\u0103 frumoas\u0103, plin\u0103 de unitate \u015fi responsabilitate fa\u0163\u0103 de scopul \u015fi lucrarea la care ne-am dedicat \u00een aceste patru zile. B\u0103ie\u0163ii au fost foarte receptivi la toate nevoile \u015fi cople\u015fi\u0163i de un duh de rug\u0103ciune. Bisericile care le-am vizitat ne-au petrecut cu lacrimi de bucurie \u00een ochi. Am v\u0103zut puterea lui Dumnezeu la lucru \u015fi aceasta ne-a \u00eencurajat foarte mult \u015fi ne-a dat putere s\u0103 facem fa\u0163\u0103 la oboseala fizic\u0103&#8221;, ne-a explicat Valeriu Doncil\u0103.<\/p>\n<p style=\"text-align: justify;\"><a href=\"http:\/\/baptist.org.md\/ro\/wp-content\/uploads\/IMG_1323.jpg\"><img decoding=\"async\" class=\"aligncenter wp-image-9518\" src=\"http:\/\/baptist.org.md\/ro\/wp-content\/uploads\/IMG_1323.jpg\" alt=\"IMG_1323\" width=\"720\" srcset=\"https:\/\/baptist.org.md\/ro\/wp-content\/uploads\/IMG_1323.jpg 909w, https:\/\/baptist.org.md\/ro\/wp-content\/uploads\/IMG_1323-300x183.jpg 300w\" sizes=\"(max-width: 909px) 100vw, 909px\" \/><\/a><\/p>\n<p style=\"text-align: justify;\">Ac\u0163iunii pe biciclete s-a al\u0103turat \u015fi liderul de tineret pe Comunitatea de Nord, Vlad Lecari: &#8220;Este a doua curs\u0103 de ciclism \u00een Comunitatea de Nord. \u00cen cele dou\u0103 curse au fost vizitate aproape toate Bisericile Baptiste din comunitate. Prim\u0103vara anului trecut, echipa de rug\u0103ciune pe biciclete a reu\u015fit s\u0103 viziteze \u00een jur de 17 biserici din raioanele Edine\u0163 \u015fi Briceni. \u00cen aceast\u0103 curs\u0103 am ajuns \u00een 12 biserici. \u00cen total, \u00een cele dou\u0103 curse am reu\u015fit s\u0103 vizit\u0103m majoritatea Bisericilor Baptiste din Comunitatea de Nord. Asemenea evenimente sunt extrem de importante, \u00een mod special pentru bisericile mici din Nordul \u0163\u0103rii. A fost un timp de har. <span style=\"color: #141823;\">Multumim Domnului ca ne-a binecuv\u00e2ntat cu putere fizic\u0103 \u015fi am putut fi de folos pentru \u00eencurajarea bisericilor<\/span>&#8220;, ne-a \u00eemp\u0103rt\u0103\u015fit fratele Vadim Lecari.<\/p>\n<p style=\"text-align: justify;\"><a href=\"http:\/\/baptist.org.md\/ro\/wp-content\/uploads\/IMG_1339.jpg\"><img decoding=\"async\" class=\"aligncenter wp-image-9520\" src=\"http:\/\/baptist.org.md\/ro\/wp-content\/uploads\/IMG_1339.jpg\" alt=\"IMG_1339\" width=\"720\" srcset=\"https:\/\/baptist.org.md\/ro\/wp-content\/uploads\/IMG_1339.jpg 784w, https:\/\/baptist.org.md\/ro\/wp-content\/uploads\/IMG_1339-300x217.jpg 300w\" sizes=\"(max-width: 784px) 100vw, 784px\" \/><\/a><\/p>\n<p style=\"text-align: justify;\">Vadim Talmaci particip\u0103 pentru a doua\u00a0oar\u0103 la cursa de ciclism. Din aceast\u0103 curs\u0103, liderul de tineret din satul Dancu ne-a \u00eemp\u0103rt\u0103\u015fit: &#8220;\u00cen satul Oclanda, raionul Soroca am tr\u0103it o experien\u0163\u0103 nemaipomenit\u0103. Am avut ocazia s\u0103 m\u0103 rog cu 5 copii veni\u0163i la \u00eent\u00e2lnirea noastr\u0103 de rug\u0103ciune. Am r\u0103mas foarte impresionat de rug\u0103ciunile lor fierbin\u0163i pentru m\u00e2ntuirea p\u0103rin\u0163ilor lor, \u00eenc\u0103 ne\u00eemp\u0103ca\u0163i cu Domnul. Biblia ne spune c\u0103 mare putere are rug\u0103ciunea celui neprih\u0103nit, de aceea v\u0103 \u00eendemn\u0103m s\u0103 sta\u0163i \u00een rug\u0103ciune, \u00een mod special, pentru cei care nu \u00cel cunosc pe Domnul&#8221;, a \u00eendemnat Vadim Talmaci.<\/p>\n<p style=\"text-align: justify;\"><a href=\"http:\/\/baptist.org.md\/ro\/wp-content\/uploads\/vitalie-carabet.jpg\"><img loading=\"lazy\" decoding=\"async\" class=\"aligncenter size-full wp-image-9547\" src=\"http:\/\/baptist.org.md\/ro\/wp-content\/uploads\/vitalie-carabet.jpg\" alt=\"vitalie carabet\" width=\"718\" height=\"561\" srcset=\"https:\/\/baptist.org.md\/ro\/wp-content\/uploads\/vitalie-carabet.jpg 718w, https:\/\/baptist.org.md\/ro\/wp-content\/uploads\/vitalie-carabet-300x234.jpg 300w\" sizes=\"auto, (max-width: 718px) 100vw, 718px\" \/><\/a><\/p>\n<p style=\"text-align: justify;\">Scopul \u015fi misiunea acestei ac\u0163iuni ne-a explicat-o liderul na\u0163ional de tineret, Vitalie Carabe\u0163: &#8220;Eu cred \u00een puterea rug\u0103ciunii \u015fi cred c\u0103 binecuv\u00e2ntarea lui Dumnezeu vine \u00een urma mijlocirii.\u00a0Prin ciclismul de binecuv\u00e2ntare a Moldovei dorim s\u0103 cuprindem \u00een rug\u0103ciunile noastre fiecare localitate \u015fi s\u0103 cerem binecuv\u00e2ntarea lui Dumnezeu peste ele. Vrem s\u0103 chem\u0103m binecuv\u00e2ntarea lui Dumnezeu s\u0103 vin\u0103 peste familii, copiii, b\u0103rba\u0163i \u015fi femei. Peste b\u0103tr\u00e2ni, peste bolnavi, peste orfani \u015fi v\u0103duve. Peste conduc\u0103tori, primari \u015fi directori de \u015fcoal\u0103, profesori&#8230;&#8221;, ne-a explicat Vitalie Carabe\u0163.<\/p>\n<p style=\"text-align: justify;\"><img decoding=\"async\" class=\"aligncenter wp-image-9523\" src=\"http:\/\/baptist.org.md\/ro\/wp-content\/uploads\/IMG_1360.jpg\" alt=\"IMG_1360\" width=\"720\" srcset=\"https:\/\/baptist.org.md\/ro\/wp-content\/uploads\/IMG_1360.jpg 1024w, https:\/\/baptist.org.md\/ro\/wp-content\/uploads\/IMG_1360-300x200.jpg 300w\" sizes=\"(max-width: 1024px) 100vw, 1024px\" \/><\/p>\n<p style=\"text-align: justify;\"><strong>Scurt istoric a cursei de &#8220;Ciclism pentru binecuv\u00e2ntarea Moldovei&#8221;<\/strong><\/p>\n<p style=\"text-align: justify;\"><a href=\"https:\/\/doinitabejenaru.wordpress.com\/2009\/05\/29\/jurnalul-maratonului-de-ciclism\/\" target=\"_blank\"><strong>Prima edi\u0163ie a cursei de ciclism<\/strong><\/a> a avut loc \u00een prim\u0103vara anului 2009 cu traseul Chi\u015fin\u0103u-Palanca, la care au participat 15 b\u0103ie\u0163i. A doua edi\u0163ie s-a desf\u0103\u015furat \u00een toamna anului 2009\u00a0cu traseul Giurgiule\u015fti-Cahul, \u015fi la ea au participat 13 tineri.\u00a0<a href=\"https:\/\/doinitabejenaru.wordpress.com\/2010\/05\/15\/startul-celei-de-a-iii-a-editie-a-cursei-de-ciclism-de-binecuvantare-a-moldovei\/\" target=\"_blank\"><strong>Cea de-a III-a edi\u0163ie a cursei de ciclism<\/strong><\/a> a\u00a0avut\u00a0traseul Chi\u015fin\u0103u-H\u00e2nce\u015fti \u015fi 15 participan\u0163i, care au vizitat peste 20 de biserici din raionul H\u00e2nce\u015fti.<a href=\"https:\/\/doinitabejenaru.wordpress.com\/2011\/05\/12\/cursa-%E2%80%9Eciclism-pentru-binecuvantarea-moldovei%E2%80%9D-la-a-iv-a-editie\/\" target=\"_blank\"><strong> A patra edi\u0163ie a cursei de ciclism<\/strong> <\/a>s-a desf\u0103\u015furat \u00een perioada, 12-18 mai 2011. Traseul acestei edi\u0163ii a fost\u00a0Chi\u015fin\u0103u \u2013 Ungheni \u2013 Nisporeni \u2013 Chi\u015fin\u0103u. \u00cen cadrul cursei, 11 b\u0103ie\u0163ii au\u00a0vizitat peste 24\u00a0localit\u0103\u0163i \u015fi 18 biserici din jude\u0163ele Str\u0103\u015feni, C\u0103l\u0103ra\u015fi, Ungheni \u015fi Nisporeni. <strong>Al V-lea\u00a0maraton de rug\u0103ciune pe biciclete<\/strong> a inclus traseul Orhei \u2013 Rezina, \u00een perioada 29 septembrie \u2013 2 octombrie 2011 la care au participat 8 b\u0103rba\u0163i, au trecut prin 18 localit\u0103\u0163i \u015fi au vizitat 8 biserici. <strong>Cel de-al VI-lea maraton de ciclism<\/strong> a avut traseul Glodeni \u2013 R\u00e2\u0219cani, \u00een perioada mai 2012. Au participat aproximativ 15 b\u0103rba\u021bi, au trecut prin 25 localit\u0103\u021bi \u0219i au vizitat circa 15 biserici. <strong>Al VII-lea tur de ciclism<\/strong> s-a desf\u0103\u015furat \u00een perioada, 4-7 octombrie 2012, pe traseul S\u00eengerei &#8211; B\u0103l\u0163i &#8211; F\u0103le\u015fti. La acest maraton au participat 15 b\u0103rba\u0163i \u015fi au trecut prin 25 de localit\u0103\u0163i \u015fi au vizitat aproximativ 15-18 biserici. A 8-a curs\u0103 de ciclism a marcat traseul Edine\u0163 &#8211; Briceni, \u00een perioada 23-27 aprilie 2014. La aceast\u0103 curs\u0103 au participat 11 b\u0103ie\u0163i \u015fi au binecuv\u00e2ntat prin rug\u0103ciune 28 de localit\u0103\u0163i \u015fi 17 biserici.<\/p>\n<p style=\"text-align: justify;\"><img decoding=\"async\" class=\"aligncenter wp-image-9521\" src=\"http:\/\/baptist.org.md\/ro\/wp-content\/uploads\/IMG_1347.jpg\" alt=\"IMG_1347\" width=\"721\" srcset=\"https:\/\/baptist.org.md\/ro\/wp-content\/uploads\/IMG_1347.jpg 923w, https:\/\/baptist.org.md\/ro\/wp-content\/uploads\/IMG_1347-300x182.jpg 300w\" sizes=\"(max-width: 923px) 100vw, 923px\" \/><\/p>\n<p style=\"text-align: justify;\">La \u00eenceput, maratoanele de rug\u0103ciune pe biciclete au fost organizate \u00een cadrul Zilelor Mondiale de Rug\u0103ciune. Ac\u0163iunea urm\u0103rea \u00eemplinirea cuv\u00e2ntului l\u0103sat \u00een 2 Cronici 7:14: <strong style=\"font-style: italic; color: #0000ff;\">\u201eDac\u0103 poporul Meu, peste care este chemat Numele Meu se va smeri, se va ruga \u015fi va c\u0103uta fa\u0163a Mea, \u015fi se va abate de la c\u0103ile lui rele \u2013 \u00eel voi asculta din ceruri, \u00eei voi ierta p\u0103catul \u015fi-i voi t\u0103m\u0103dui \u0163ara.\u201d<\/strong><\/p>\n<p style=\"text-align: justify;\">Acum a devenit o bun\u0103 tradi\u0163ie, care se desf\u0103\u015foar\u0103 de dou\u0103 ori pe an prim\u0103vara \u015fi toamna. Urm\u0103torul tur de &#8220;Ciclism pentru binecuv\u00e2ntarea Moldovei&#8221; va purta pe m\u00e2ini de rug\u0103ciune Regiunea Transnistrian\u0103.<\/p>\n","protected":false},"excerpt":{"rendered":"<p>Rug\u0103ciune \u015fi Evanghelizare pe biciclete. Acestea sunt cuvintele cheie care definesc scopul \u015fi misiunea maratoanelor\u00a0de\u00a0&#8220;Ciclism pentru binecuv\u00e2ntarea Moldovei&#8221;. \u00cen perioada, 16-19 aprilie 2015, \u00een Comunitatea de Nord s-a desf\u0103\u015furat cea de-a II-a curs\u0103 de&#46;&#46;&#46;<\/p>\n","protected":false},"author":2,"featured_media":9517,"comment_status":"open","ping_status":"open","sticky":false,"template":"","format":"standard","meta":{"footnotes":""},"categories":[138,77,23,27],"tags":[775,777,776],"class_list":["post-9510","post","type-post","status-publish","format-standard","has-post-thumbnail","hentry","category-galerie-foto","category-slides","category-interne","category-tineret-tineri-in-actiune","tag-ciclism-pentru-binecuvantarea-moldovei-2015","tag-nordul-moldovei","tag-rugaciune-pe-biciclete"],"fimg_url":"https:\/\/baptist.org.md\/ro\/wp-content\/uploads\/cover-site.jpg","views":3565,"_links":{"self":[{"href":"https:\/\/baptist.org.md\/ro\/index.php?rest_route=\/wp\/v2\/posts\/9510","targetHints":{"allow":["GET"]}}],"collection":[{"href":"https:\/\/baptist.org.md\/ro\/index.php?rest_route=\/wp\/v2\/posts"}],"about":[{"href":"https:\/\/baptist.org.md\/ro\/index.php?rest_route=\/wp\/v2\/types\/post"}],"author":[{"embeddable":true,"href":"https:\/\/baptist.org.md\/ro\/index.php?rest_route=\/wp\/v2\/users\/2"}],"replies":[{"embeddable":true,"href":"https:\/\/baptist.org.md\/ro\/index.php?rest_route=%2Fwp%2Fv2%2Fcomments&post=9510"}],"version-history":[{"count":28,"href":"https:\/\/baptist.org.md\/ro\/index.php?rest_route=\/wp\/v2\/posts\/9510\/revisions"}],"predecessor-version":[{"id":9548,"href":"https:\/\/baptist.org.md\/ro\/index.php?rest_route=\/wp\/v2\/posts\/9510\/revisions\/9548"}],"wp:featuredmedia":[{"embeddable":true,"href":"https:\/\/baptist.org.md\/ro\/index.php?rest_route=\/wp\/v2\/media\/9517"}],"wp:attachment":[{"href":"https:\/\/baptist.org.md\/ro\/index.php?rest_route=%2Fwp%2Fv2%2Fmedia&parent=9510"}],"wp:term":[{"taxonomy":"category","embeddable":true,"href":"https:\/\/baptist.org.md\/ro\/index.php?rest_route=%2Fwp%2Fv2%2Fcategories&post=9510"},{"taxonomy":"post_tag","embeddable":true,"href":"https:\/\/baptist.org.md\/ro\/index.php?rest_route=%2Fwp%2Fv2%2Ftags&post=9510"}],"curies":[{"name":"wp","href":"https:\/\/api.w.org\/{rel}","templated":true}]}}