{"id":9368,"date":"2015-04-11T16:55:55","date_gmt":"2015-04-11T13:55:55","guid":{"rendered":"http:\/\/baptist.org.md\/ro\/?p=9368"},"modified":"2015-04-11T16:55:55","modified_gmt":"2015-04-11T13:55:55","slug":"ion-miron-va-invita-la-festivalul-pascal-lauda-mielului-2015-video","status":"publish","type":"post","link":"https:\/\/baptist.org.md\/ro\/?p=9368","title":{"rendered":"Ion Miron v\u0103 invit\u0103 la Festivalul Pascal: &#8220;Laud\u0103 Mielului&#8221; 2015 (VIDEO)"},"content":{"rendered":"<p style=\"text-align: justify;\"><a href=\"http:\/\/baptist.org.md\/ro\/wp-content\/uploads\/festival-pascal-2015-cover-site.jpg\"><img loading=\"lazy\" decoding=\"async\" class=\"aligncenter size-full wp-image-9372\" src=\"http:\/\/baptist.org.md\/ro\/wp-content\/uploads\/festival-pascal-2015-cover-site.jpg\" alt=\"festival pascal 2015 cover site\" width=\"720\" height=\"266\" srcset=\"https:\/\/baptist.org.md\/ro\/wp-content\/uploads\/festival-pascal-2015-cover-site.jpg 720w, https:\/\/baptist.org.md\/ro\/wp-content\/uploads\/festival-pascal-2015-cover-site-300x110.jpg 300w\" sizes=\"auto, (max-width: 720px) 100vw, 720px\" \/><\/a><\/p>\n<p style=\"text-align: justify;\">Cea de-a II-a edi\u0163ie a Festivalului Pascal: &#8220;Laud\u0103 Mielului&#8221; va include \u00een programul s\u0103u trei subiecte majore, care au menirea s\u0103 ne prezinte frumuse\u0163ea \u015fi m\u0103re\u0163ia planului de m\u00e2ntuire f\u0103cut prin Domnul Isus Cristos. Festivalul va fi moderat de doi prezentatori \u015fi va implica mai multe grupuri de \u00eenchinare \u015fi pastori din Bisericile din ora\u015f.<\/p>\n<p><iframe loading=\"lazy\" src=\"https:\/\/www.youtube.com\/embed\/xVPeLPecDCg\" width=\"640\" height=\"360\" frameborder=\"0\" allowfullscreen=\"allowfullscreen\"><\/iframe><\/p>\n<p style=\"text-align: justify;\"><strong>Primul subiect ne va explica: &#8220;\u00cemplinirea proociilor cu privire la \u00cenvierea Domnului Isus&#8221; \u00een trei mesaje predicate de vorbitori diferi\u0163i:\u00a0<\/strong><\/p>\n<p style=\"text-align: justify;\">1. ION MIRON: &#8220;Pa\u015ftele \u00een Vechiul Testament&#8221;<br \/>\n2. Veaceslav Agafonov: &#8220;Cristos &#8211; Miel pascal&#8221;<br \/>\n3. Andrei Talmazan: &#8220;\u00cemplinirea proorociilor Vechiului Testament despre \u00eenviere&#8221;<\/p>\n<p style=\"text-align: justify;\"><strong>Al doilea Subiect va aborda: &#8220;Realitatea \u00eenvierii&#8221; \u00een urm\u0103toarele subiecte:<\/strong><\/p>\n<p style=\"text-align: justify;\">1. Nicolae Vozian: &#8220;Necredin\u0163a \u00een \u00eenviere&#8221;<br \/>\n2. Nicolai Plucci: &#8220;Morm\u00e2ntul gol&#8221;<br \/>\n3. Serghei Ia\u0163enco: &#8220;\u00cent\u00e2lnirea personal\u0103 cu Cristosul \u00eenviat&#8221;<br \/>\n4. Tudor Lupanciuc: &#8220;Transformarea radical\u0103 a ucenicilor&#8221;<\/p>\n<p style=\"text-align: justify;\"><strong>Al treilea subiect va dezbate: &#8220;Rezultatele \u00eenvierii&#8221;:<\/strong><\/p>\n<p style=\"text-align: justify;\">1. Alexandr Belev: &#8220;Bucuria vie\u0163ii&#8221;<br \/>\n2. &#8220;Bucuria iert\u0103rii&#8221;<br \/>\n3. Pavel Poperecin\u00eei: &#8220;Bucuria \u00eencrederii \u00een viitor&#8221;<br \/>\n4. Valeriu Ghile\u0163chi: &#8220;Bucuria Slujirii&#8221;<\/p>\n<p style=\"text-align: justify;\">V\u0103 a\u015ftept\u0103m cu drag, \u00eempreun\u0103 cu familiile dvs. la Festivalul Pascal 2015: &#8220;Lauda Mielului&#8221;, s\u0103 celebr\u0103m \u00eempreun\u0103 \u00eenvierea Domnului Isus \u015fi \u00eenvierea noastr\u0103 la o via\u0163\u0103 ve\u015fnic\u0103 prin credin\u0163a \u00een EL.<\/p>\n<p style=\"text-align: justify;\">Veni\u0163i s\u0103 ne bucur\u0103m \u00eempreun\u0103 luni, 13 aprilie, 17:00, la\u00a0Biserica &#8220;Isus Salvatorul&#8221; din Chi\u015fin\u0103u, pe str. Sf\u00e2ntul Ilie 41. Pute\u0163i ajunge cu urm\u0103toarele unit\u0103\u0163i de transport:<\/p>\n<p>De la Botanica \u015fi Centru cu microbuzele: 103, 171, 174, 108, 135, 188.<br \/>\nDe la Buiucani cu: 127<br \/>\nDe la Po\u015fta Veche, Ciocana \u015fi R\u00ee\u015fcanovka cu: 127, 129, 180,<\/p>\n","protected":false},"excerpt":{"rendered":"<p>Cea de-a II-a edi\u0163ie a Festivalului Pascal: &#8220;Laud\u0103 Mielului&#8221; va include \u00een programul s\u0103u trei subiecte majore, care au menirea s\u0103 ne prezinte frumuse\u0163ea \u015fi m\u0103re\u0163ia planului de m\u00e2ntuire f\u0103cut prin Domnul Isus Cristos.&#46;&#46;&#46;<\/p>\n","protected":false},"author":2,"featured_media":9372,"comment_status":"open","ping_status":"open","sticky":false,"template":"","format":"standard","meta":{"footnotes":""},"categories":[77,23,28],"tags":[751,54,84,181,188],"class_list":["post-9368","post","type-post","status-publish","format-standard","has-post-thumbnail","hentry","category-slides","category-interne","category-video","tag-festivalul-pascal-lauda-mielului-2015","tag-ion-miron","tag-isus-salvatorul","tag-nicolae-vozian","tag-uniunea-baptista-din-moldova"],"fimg_url":"https:\/\/baptist.org.md\/ro\/wp-content\/uploads\/festival-pascal-2015-cover-site.jpg","views":2729,"_links":{"self":[{"href":"https:\/\/baptist.org.md\/ro\/index.php?rest_route=\/wp\/v2\/posts\/9368","targetHints":{"allow":["GET"]}}],"collection":[{"href":"https:\/\/baptist.org.md\/ro\/index.php?rest_route=\/wp\/v2\/posts"}],"about":[{"href":"https:\/\/baptist.org.md\/ro\/index.php?rest_route=\/wp\/v2\/types\/post"}],"author":[{"embeddable":true,"href":"https:\/\/baptist.org.md\/ro\/index.php?rest_route=\/wp\/v2\/users\/2"}],"replies":[{"embeddable":true,"href":"https:\/\/baptist.org.md\/ro\/index.php?rest_route=%2Fwp%2Fv2%2Fcomments&post=9368"}],"version-history":[{"count":8,"href":"https:\/\/baptist.org.md\/ro\/index.php?rest_route=\/wp\/v2\/posts\/9368\/revisions"}],"predecessor-version":[{"id":9377,"href":"https:\/\/baptist.org.md\/ro\/index.php?rest_route=\/wp\/v2\/posts\/9368\/revisions\/9377"}],"wp:featuredmedia":[{"embeddable":true,"href":"https:\/\/baptist.org.md\/ro\/index.php?rest_route=\/wp\/v2\/media\/9372"}],"wp:attachment":[{"href":"https:\/\/baptist.org.md\/ro\/index.php?rest_route=%2Fwp%2Fv2%2Fmedia&parent=9368"}],"wp:term":[{"taxonomy":"category","embeddable":true,"href":"https:\/\/baptist.org.md\/ro\/index.php?rest_route=%2Fwp%2Fv2%2Fcategories&post=9368"},{"taxonomy":"post_tag","embeddable":true,"href":"https:\/\/baptist.org.md\/ro\/index.php?rest_route=%2Fwp%2Fv2%2Ftags&post=9368"}],"curies":[{"name":"wp","href":"https:\/\/api.w.org\/{rel}","templated":true}]}}