{"id":9362,"date":"2015-04-10T17:52:40","date_gmt":"2015-04-10T14:52:40","guid":{"rendered":"http:\/\/baptist.org.md\/ro\/?p=9362"},"modified":"2015-04-11T13:12:42","modified_gmt":"2015-04-11T10:12:42","slug":"otniel-bunaciu-invierea-domnului-isus-este-sarbatoarea-bucuriei-si-a-sperantei","status":"publish","type":"post","link":"https:\/\/baptist.org.md\/ro\/?p=9362","title":{"rendered":"Otniel Bunaciu: &#8220;\u00cenvierea Domnului Isus este s\u0103rb\u0103toarea bucuriei \u015fi a speran\u0163ei&#8221;"},"content":{"rendered":"<p><a href=\"http:\/\/baptist.org.md\/ro\/wp-content\/uploads\/70_Conferinta_Betel_14martie2015.jpg\"><img loading=\"lazy\" decoding=\"async\" class=\"aligncenter size-large wp-image-9364\" src=\"http:\/\/baptist.org.md\/ro\/wp-content\/uploads\/70_Conferinta_Betel_14martie2015-1024x682.jpg\" alt=\"70_Conferinta_Betel_14martie2015\" width=\"720\" height=\"479\" srcset=\"https:\/\/baptist.org.md\/ro\/wp-content\/uploads\/70_Conferinta_Betel_14martie2015-1024x682.jpg 1024w, https:\/\/baptist.org.md\/ro\/wp-content\/uploads\/70_Conferinta_Betel_14martie2015-300x200.jpg 300w\" sizes=\"auto, (max-width: 720px) 100vw, 720px\" \/><\/a><\/p>\n<p style=\"text-align: justify;\">Mesajul de felicitare al Pre\u015fedintelui Uniunii Baptiste din Rom\u00e2nia \u015fi Pre\u015fedintele Federa\u0163iei Europene Baptiste, Otniel Bunaciu cu ocazia s\u0103rb\u0103torii \u00cenvierii Domnului Isus.<\/p>\n<p><iframe loading=\"lazy\" src=\"https:\/\/www.youtube.com\/embed\/PwU0fYlIJ80\" width=\"640\" height=\"360\" frameborder=\"0\" allowfullscreen=\"allowfullscreen\"><\/iframe><\/p>\n<p>Sursa: <a href=\"http:\/\/revistacrestinulazi.ro\/\" target=\"_blank\"><strong>Revista Cre\u015ftinul Azi.ro<\/strong><\/a><\/p>\n","protected":false},"excerpt":{"rendered":"<p>Mesajul de felicitare al Pre\u015fedintelui Uniunii Baptiste din Rom\u00e2nia \u015fi Pre\u015fedintele Federa\u0163iei Europene Baptiste, Otniel Bunaciu cu ocazia s\u0103rb\u0103torii \u00cenvierii Domnului Isus. Sursa: Revista Cre\u015ftinul Azi.ro<\/p>\n","protected":false},"author":2,"featured_media":9364,"comment_status":"open","ping_status":"open","sticky":false,"template":"","format":"standard","meta":{"footnotes":""},"categories":[2,77,28],"tags":[750,740,132,133,749],"class_list":["post-9362","post","type-post","status-publish","format-standard","has-post-thumbnail","hentry","category-spiritualitate","category-slides","category-video","tag-federatia-european-baptista","tag-hristos-a-inviat","tag-otniel-bunaciu","tag-presedintele-ebf","tag-presedintele-uniunii-baptiste-din-romania"],"fimg_url":"https:\/\/baptist.org.md\/ro\/wp-content\/uploads\/70_Conferinta_Betel_14martie2015.jpg","views":2600,"_links":{"self":[{"href":"https:\/\/baptist.org.md\/ro\/index.php?rest_route=\/wp\/v2\/posts\/9362","targetHints":{"allow":["GET"]}}],"collection":[{"href":"https:\/\/baptist.org.md\/ro\/index.php?rest_route=\/wp\/v2\/posts"}],"about":[{"href":"https:\/\/baptist.org.md\/ro\/index.php?rest_route=\/wp\/v2\/types\/post"}],"author":[{"embeddable":true,"href":"https:\/\/baptist.org.md\/ro\/index.php?rest_route=\/wp\/v2\/users\/2"}],"replies":[{"embeddable":true,"href":"https:\/\/baptist.org.md\/ro\/index.php?rest_route=%2Fwp%2Fv2%2Fcomments&post=9362"}],"version-history":[{"count":3,"href":"https:\/\/baptist.org.md\/ro\/index.php?rest_route=\/wp\/v2\/posts\/9362\/revisions"}],"predecessor-version":[{"id":9366,"href":"https:\/\/baptist.org.md\/ro\/index.php?rest_route=\/wp\/v2\/posts\/9362\/revisions\/9366"}],"wp:featuredmedia":[{"embeddable":true,"href":"https:\/\/baptist.org.md\/ro\/index.php?rest_route=\/wp\/v2\/media\/9364"}],"wp:attachment":[{"href":"https:\/\/baptist.org.md\/ro\/index.php?rest_route=%2Fwp%2Fv2%2Fmedia&parent=9362"}],"wp:term":[{"taxonomy":"category","embeddable":true,"href":"https:\/\/baptist.org.md\/ro\/index.php?rest_route=%2Fwp%2Fv2%2Fcategories&post=9362"},{"taxonomy":"post_tag","embeddable":true,"href":"https:\/\/baptist.org.md\/ro\/index.php?rest_route=%2Fwp%2Fv2%2Ftags&post=9362"}],"curies":[{"name":"wp","href":"https:\/\/api.w.org\/{rel}","templated":true}]}}