{"id":9326,"date":"2015-04-10T14:25:13","date_gmt":"2015-04-10T11:25:13","guid":{"rendered":"http:\/\/baptist.org.md\/ro\/?p=9326"},"modified":"2015-04-11T16:53:06","modified_gmt":"2015-04-11T13:53:06","slug":"mesajul-de-felicitare-al-conducerii-ubceb-hristos-a-inviat","status":"publish","type":"post","link":"https:\/\/baptist.org.md\/ro\/?p=9326","title":{"rendered":"Mesajul de felicitare al Conducerii UBCEB: &#8220;Hristos a \u00eenviat&#8221;"},"content":{"rendered":"<p><a href=\"http:\/\/baptist.org.md\/ro\/wp-content\/uploads\/cover_fb_2.jpg\"><img loading=\"lazy\" decoding=\"async\" class=\"aligncenter size-large wp-image-9329\" src=\"http:\/\/baptist.org.md\/ro\/wp-content\/uploads\/cover_fb_2-1024x413.jpg\" alt=\"cover_fb_2\" width=\"720\" height=\"290\" srcset=\"https:\/\/baptist.org.md\/ro\/wp-content\/uploads\/cover_fb_2-1024x413.jpg 1024w, https:\/\/baptist.org.md\/ro\/wp-content\/uploads\/cover_fb_2-300x121.jpg 300w\" sizes=\"auto, (max-width: 720px) 100vw, 720px\" \/><\/a><\/p>\n<p style=\"text-align: right;\"><em><strong>&#8221;\u00a0\u2026a \u00eenviat,<\/strong><\/em><br \/>\n<em><strong> nu este aici\u2026&#8221;<\/strong><\/em><br \/>\n<em><strong> Marcu 16:6<\/strong><\/em><\/p>\n<p style=\"text-align: justify;\">Dragi fra\u0163i \u015fi surori,<br \/>\nConducerea Uniunii Bisericilor Cre\u015ftine Evanghelice Baptiste din Moldova\u00a0v\u0103 felicit\u0103 c\u0103lduros cu ocazia m\u0103re\u0163ei s\u0103rb\u0103tori de PA\u015eTE!<\/p>\n<p style=\"text-align: justify;\">S\u0103rb\u0103toarea \u00cenvierii Domnului nostru Isus Cristos continu\u0103 s\u0103 aduc\u0103 bucurie \u015fi speran\u0163\u0103 tuturor cre\u015ftinilor de-a lungul secolelor. Minunata veste ce \u00eenvioreaz\u0103 sufletul o putem auzi \u015fi ast\u0103zi prin \u00eengerul Domnului, care zice:<\/p>\n<p style=\"text-align: justify;\"><em><strong>&#8220;Nu v\u0103 teme\u0163i &#8230; Isus, care a fost r\u0103stignit&#8230; a \u00eenviat!&#8221; (Matei 28:5-6)<\/strong><\/em><\/p>\n<p style=\"text-align: justify;\">Prin suferin\u0163a \u015fi moartea Mielului suntem ierta\u0163i de orice p\u0103cat, iar prin \u00eenvierea Lui am primit speran\u0163a vie\u0163ii ve\u015fnice. Biruin\u0163a Lui asupra mor\u0163ii va deveni \u00eentr-o zi \u015fi biruin\u0163a noastr\u0103.<\/p>\n<p style=\"text-align: justify;\"><em><strong>&#8220;Isus i-a zis: \u201eEu sunt \u00cenvierea \u015fi Via\u0163a. Cine crede \u00een Mine, chiar dac\u0103 ar fi murit, va tr\u0103i. \u015ei oricine tr\u0103ie\u015fte \u015fi crede \u00een Mine nu va muri niciodat\u0103&#8221;. (Ioan 11:25,26)<\/strong><\/em><\/p>\n<p style=\"text-align: justify;\">Ca \u015fi credincio\u015fi putem fi biruitori \u00een aceast\u0103 lume dac\u0103 \u00cel m\u0103rturisim cu gura noastr\u0103 ca Domn \u015fi dac\u0103 credem cu adev\u0103rat c\u0103 Dumnezeu L-a \u00eenviat din mor\u0163i. S\u0103 a\u015ftept\u0103m deci, venirea Domnului \u015fi s\u0103 ne a\u0163intim privirile noastre spre Isus care a \u00eenviat, \u015fi plini de \u00eendr\u0103zneal\u0103 s\u0103 ducem aceast\u0103 veste tuturor.<\/p>\n<p style=\"text-align: justify;\">Fie ca aceast\u0103 s\u0103rb\u0103toare s\u0103 ne motiveze pe fiecare la DRAGOSTE, CREDIN\u0162\u0102, SPERAN\u0162\u0102 \u015fi UNITATE !<\/p>\n<p>CRISTOS A \u00ceNVIAT!<\/p>\n<p style=\"text-align: justify;\">Cu dragoste \u00een Cristos,<\/p>\n<p style=\"text-align: justify;\"><strong>Ion Miron,<\/strong>\u00a0<em>Episcopul Uniunii\u00a0BCEB din Moldova\u00a0<\/em><\/p>\n<p style=\"text-align: justify;\"><strong> Nicolae Vozian,\u00a0<\/strong><em>Secretar Executiv\u00a0al Uniunii BCEBM<\/em><\/p>\n<p style=\"text-align: justify;\"><strong> Alexandru Goncearuc,<\/strong><em>\u00a0Episcop adjunct\u00a0al Uniunii BCEBM\u00a0<\/em><\/p>\n","protected":false},"excerpt":{"rendered":"<p>&#8221;\u00a0\u2026a \u00eenviat, nu este aici\u2026&#8221; Marcu 16:6 Dragi fra\u0163i \u015fi surori, Conducerea Uniunii Bisericilor Cre\u015ftine Evanghelice Baptiste din Moldova\u00a0v\u0103 felicit\u0103 c\u0103lduros cu ocazia m\u0103re\u0163ei s\u0103rb\u0103tori de PA\u015eTE! S\u0103rb\u0103toarea \u00cenvierii Domnului nostru Isus Cristos continu\u0103&#46;&#46;&#46;<\/p>\n","protected":false},"author":2,"featured_media":9329,"comment_status":"open","ping_status":"open","sticky":false,"template":"","format":"standard","meta":{"footnotes":""},"categories":[2,77,23],"tags":[741,740,739],"class_list":["post-9326","post","type-post","status-publish","format-standard","has-post-thumbnail","hentry","category-spiritualitate","category-slides","category-interne","tag-felicitare-de-paste-2015","tag-hristos-a-inviat","tag-paste-2015"],"fimg_url":"https:\/\/baptist.org.md\/ro\/wp-content\/uploads\/cover_fb_2.jpg","views":8540,"_links":{"self":[{"href":"https:\/\/baptist.org.md\/ro\/index.php?rest_route=\/wp\/v2\/posts\/9326","targetHints":{"allow":["GET"]}}],"collection":[{"href":"https:\/\/baptist.org.md\/ro\/index.php?rest_route=\/wp\/v2\/posts"}],"about":[{"href":"https:\/\/baptist.org.md\/ro\/index.php?rest_route=\/wp\/v2\/types\/post"}],"author":[{"embeddable":true,"href":"https:\/\/baptist.org.md\/ro\/index.php?rest_route=\/wp\/v2\/users\/2"}],"replies":[{"embeddable":true,"href":"https:\/\/baptist.org.md\/ro\/index.php?rest_route=%2Fwp%2Fv2%2Fcomments&post=9326"}],"version-history":[{"count":3,"href":"https:\/\/baptist.org.md\/ro\/index.php?rest_route=\/wp\/v2\/posts\/9326\/revisions"}],"predecessor-version":[{"id":9330,"href":"https:\/\/baptist.org.md\/ro\/index.php?rest_route=\/wp\/v2\/posts\/9326\/revisions\/9330"}],"wp:featuredmedia":[{"embeddable":true,"href":"https:\/\/baptist.org.md\/ro\/index.php?rest_route=\/wp\/v2\/media\/9329"}],"wp:attachment":[{"href":"https:\/\/baptist.org.md\/ro\/index.php?rest_route=%2Fwp%2Fv2%2Fmedia&parent=9326"}],"wp:term":[{"taxonomy":"category","embeddable":true,"href":"https:\/\/baptist.org.md\/ro\/index.php?rest_route=%2Fwp%2Fv2%2Fcategories&post=9326"},{"taxonomy":"post_tag","embeddable":true,"href":"https:\/\/baptist.org.md\/ro\/index.php?rest_route=%2Fwp%2Fv2%2Ftags&post=9326"}],"curies":[{"name":"wp","href":"https:\/\/api.w.org\/{rel}","templated":true}]}}