{"id":8994,"date":"2015-03-14T18:05:59","date_gmt":"2015-03-14T16:05:59","guid":{"rendered":"http:\/\/baptist.org.md\/ro\/?p=8994"},"modified":"2015-03-20T19:07:15","modified_gmt":"2015-03-20T17:07:15","slug":"prima-zi-la-conferinta-nationala-2015-innoirea-spirituala-a-slujitorului-foto","status":"publish","type":"post","link":"https:\/\/baptist.org.md\/ro\/?p=8994","title":{"rendered":"PRIMA ZI la Conferin\u0163a Na\u0163ional\u0103 2015: &#8220;\u00cennoirea Spiritual\u0103 a Slujitorului&#8221; FOTO"},"content":{"rendered":"<p style=\"text-align: justify;\">Clipe de har, momente sublime, contemplare la m\u0103re\u0163ia lui Dumnezeu au tr\u0103it peste 700 de slujitori din toat\u0103 \u0163ara la programul Conferin\u0163ei Na\u0163ionale 2015: &#8220;\u00cennoirea Spiritual\u0103 a Slujitorului&#8221;.<\/p>\n<p style=\"text-align: justify;\"><a href=\"http:\/\/baptist.org.md\/ro\/wp-content\/uploads\/151_Conferinta_Betel_13martie2015.jpg\"><img loading=\"lazy\" decoding=\"async\" class=\"aligncenter size-full wp-image-9055\" src=\"http:\/\/baptist.org.md\/ro\/wp-content\/uploads\/151_Conferinta_Betel_13martie2015.jpg\" alt=\"151_Conferinta_Betel_13martie2015\" width=\"800\" height=\"533\" srcset=\"https:\/\/baptist.org.md\/ro\/wp-content\/uploads\/151_Conferinta_Betel_13martie2015.jpg 800w, https:\/\/baptist.org.md\/ro\/wp-content\/uploads\/151_Conferinta_Betel_13martie2015-300x199.jpg 300w\" sizes=\"auto, (max-width: 800px) 100vw, 800px\" \/><\/a><\/p>\n<p style=\"text-align: justify;\">Al\u0103turi de vorbitorii evenimentului, participan\u0163ii au putut medita la Cuv\u00e2ntul lui Dumnezeu, s-au \u00eenchinat al\u0103turi de grupurile de \u00eenchinare \u015fi au stat \u00een rug\u0103ciune pentru a mult a\u015fteptat &#8220;\u00cennoire Spiritual\u0103&#8221;. Cei mai mul\u0163i dintre slujitori au venit \u00eempreun\u0103 cu so\u0163iile lor.<\/p>\n<p style=\"text-align: justify;\">V\u0103 vom povesti mai multe detalii \u00een reportajele finale, p\u00e2n\u0103 atunci v\u0103 invit\u0103m s\u0103 gusta\u0163i din bucuria tr\u0103it\u0103 \u00een aceste zile la Biserica &#8220;Betel&#8221; \u00een galeria foto.<\/p>\n<p style=\"text-align: justify;\">Vorbitorii Conferin\u0163ei Na\u0163ionale 2015<\/p>\n\n\t\t<style type=\"text\/css\">\n\t\t\t#gallery-1 {\n\t\t\t\tmargin: auto;\n\t\t\t}\n\t\t\t#gallery-1 .gallery-item {\n\t\t\t\tfloat: left;\n\t\t\t\tmargin-top: 10px;\n\t\t\t\ttext-align: center;\n\t\t\t\twidth: 25%;\n\t\t\t}\n\t\t\t#gallery-1 img {\n\t\t\t\tborder: 2px solid #cfcfcf;\n\t\t\t}\n\t\t\t#gallery-1 .gallery-caption {\n\t\t\t\tmargin-left: 0;\n\t\t\t}\n\t\t\t\/* see gallery_shortcode() in wp-includes\/media.php *\/\n\t\t<\/style>\n\t\t<div id='gallery-1' class='gallery galleryid-8994 gallery-columns-4 gallery-size-thumbnail'><dl class='gallery-item'>\n\t\t\t<dt class='gallery-icon landscape'>\n\t\t\t\t<a href='https:\/\/baptist.org.md\/ro\/?attachment_id=8996'><img loading=\"lazy\" decoding=\"async\" width=\"150\" height=\"150\" src=\"https:\/\/baptist.org.md\/ro\/wp-content\/uploads\/7_Conferinta_Betel_13martie2015-150x150.jpg\" class=\"attachment-thumbnail size-thumbnail\" alt=\"\" aria-describedby=\"gallery-1-8996\" srcset=\"https:\/\/baptist.org.md\/ro\/wp-content\/uploads\/7_Conferinta_Betel_13martie2015-150x150.jpg 150w, https:\/\/baptist.org.md\/ro\/wp-content\/uploads\/7_Conferinta_Betel_13martie2015-160x160.jpg 160w\" sizes=\"auto, (max-width: 150px) 100vw, 150px\" \/><\/a>\n\t\t\t<\/dt>\n\t\t\t\t<dd class='wp-caption-text gallery-caption' id='gallery-1-8996'>\n\t\t\t\tVorbitorii Conferin\u0163ei Na\u0163ionale 2015: &#8220;\u00cennoirea Spiritual\u0103 a Slujitorului&#8221;\n\t\t\t\t<\/dd><\/dl><dl class='gallery-item'>\n\t\t\t<dt class='gallery-icon landscape'>\n\t\t\t\t<a href='https:\/\/baptist.org.md\/ro\/?attachment_id=9020'><img loading=\"lazy\" decoding=\"async\" width=\"150\" height=\"150\" src=\"https:\/\/baptist.org.md\/ro\/wp-content\/uploads\/161_Conferinta_Betel_13martie2015-150x150.jpg\" class=\"attachment-thumbnail size-thumbnail\" alt=\"\" aria-describedby=\"gallery-1-9020\" srcset=\"https:\/\/baptist.org.md\/ro\/wp-content\/uploads\/161_Conferinta_Betel_13martie2015-150x150.jpg 150w, https:\/\/baptist.org.md\/ro\/wp-content\/uploads\/161_Conferinta_Betel_13martie2015-160x160.jpg 160w\" sizes=\"auto, (max-width: 150px) 100vw, 150px\" \/><\/a>\n\t\t\t<\/dt>\n\t\t\t\t<dd class='wp-caption-text gallery-caption' id='gallery-1-9020'>\n\t\t\t\tPre\u015fedintele Societ\u0103\u0163ii Misionare Rom\u00e2ne \u015fi fondatorul \u015ecolii de Apologetic\u0103 \u00een cadrul Uniunii Baptiste, Livius Percy Rom\n\t\t\t\t<\/dd><\/dl><dl class='gallery-item'>\n\t\t\t<dt class='gallery-icon landscape'>\n\t\t\t\t<a href='https:\/\/baptist.org.md\/ro\/?attachment_id=9007'><img loading=\"lazy\" decoding=\"async\" width=\"150\" height=\"150\" src=\"https:\/\/baptist.org.md\/ro\/wp-content\/uploads\/40_Conferinta_Betel_13martie2015-150x150.jpg\" class=\"attachment-thumbnail size-thumbnail\" alt=\"\" aria-describedby=\"gallery-1-9007\" srcset=\"https:\/\/baptist.org.md\/ro\/wp-content\/uploads\/40_Conferinta_Betel_13martie2015-150x150.jpg 150w, https:\/\/baptist.org.md\/ro\/wp-content\/uploads\/40_Conferinta_Betel_13martie2015-160x160.jpg 160w\" sizes=\"auto, (max-width: 150px) 100vw, 150px\" \/><\/a>\n\t\t\t<\/dt>\n\t\t\t\t<dd class='wp-caption-text gallery-caption' id='gallery-1-9007'>\n\t\t\t\tPre\u015fedintele Uniunii Baptiste din Kazahstan, Frans Tissen\n\t\t\t\t<\/dd><\/dl><dl class='gallery-item'>\n\t\t\t<dt class='gallery-icon landscape'>\n\t\t\t\t<a href='https:\/\/baptist.org.md\/ro\/?attachment_id=9008'><img loading=\"lazy\" decoding=\"async\" width=\"150\" height=\"150\" src=\"https:\/\/baptist.org.md\/ro\/wp-content\/uploads\/66_Conferinta_Betel_13martie2015-150x150.jpg\" class=\"attachment-thumbnail size-thumbnail\" alt=\"\" aria-describedby=\"gallery-1-9008\" srcset=\"https:\/\/baptist.org.md\/ro\/wp-content\/uploads\/66_Conferinta_Betel_13martie2015-150x150.jpg 150w, https:\/\/baptist.org.md\/ro\/wp-content\/uploads\/66_Conferinta_Betel_13martie2015-160x160.jpg 160w\" sizes=\"auto, (max-width: 150px) 100vw, 150px\" \/><\/a>\n\t\t\t<\/dt>\n\t\t\t\t<dd class='wp-caption-text gallery-caption' id='gallery-1-9008'>\n\t\t\t\tPre\u015fedintele Federa\u0163iei Europene Baptiste, Otniel Bunaciu\n\t\t\t\t<\/dd><\/dl><br style=\"clear: both\" \/><dl class='gallery-item'>\n\t\t\t<dt class='gallery-icon landscape'>\n\t\t\t\t<a href='https:\/\/baptist.org.md\/ro\/?attachment_id=9010'><img loading=\"lazy\" decoding=\"async\" width=\"150\" height=\"150\" src=\"https:\/\/baptist.org.md\/ro\/wp-content\/uploads\/87_Conferinta_Betel_13martie2015-150x150.jpg\" class=\"attachment-thumbnail size-thumbnail\" alt=\"\" aria-describedby=\"gallery-1-9010\" srcset=\"https:\/\/baptist.org.md\/ro\/wp-content\/uploads\/87_Conferinta_Betel_13martie2015-150x150.jpg 150w, https:\/\/baptist.org.md\/ro\/wp-content\/uploads\/87_Conferinta_Betel_13martie2015-160x160.jpg 160w\" sizes=\"auto, (max-width: 150px) 100vw, 150px\" \/><\/a>\n\t\t\t<\/dt>\n\t\t\t\t<dd class='wp-caption-text gallery-caption' id='gallery-1-9010'>\n\t\t\t\tPre\u015fedintele Uniunii Bisericilor CEB Ruse, Coasta de Est SUA, Vitalie Corcevschi\n\t\t\t\t<\/dd><\/dl><dl class='gallery-item'>\n\t\t\t<dt class='gallery-icon landscape'>\n\t\t\t\t<a href='https:\/\/baptist.org.md\/ro\/?attachment_id=9022'><img loading=\"lazy\" decoding=\"async\" width=\"150\" height=\"150\" src=\"https:\/\/baptist.org.md\/ro\/wp-content\/uploads\/episcopul-ion-miron--150x150.jpg\" class=\"attachment-thumbnail size-thumbnail\" alt=\"\" aria-describedby=\"gallery-1-9022\" srcset=\"https:\/\/baptist.org.md\/ro\/wp-content\/uploads\/episcopul-ion-miron--150x150.jpg 150w, https:\/\/baptist.org.md\/ro\/wp-content\/uploads\/episcopul-ion-miron--160x160.jpg 160w\" sizes=\"auto, (max-width: 150px) 100vw, 150px\" \/><\/a>\n\t\t\t<\/dt>\n\t\t\t\t<dd class='wp-caption-text gallery-caption' id='gallery-1-9022'>\n\t\t\t\tEpiscopul Uniunii Baptiste, Ion Miron\n\t\t\t\t<\/dd><\/dl><dl class='gallery-item'>\n\t\t\t<dt class='gallery-icon landscape'>\n\t\t\t\t<a href='https:\/\/baptist.org.md\/ro\/?attachment_id=9023'><img loading=\"lazy\" decoding=\"async\" width=\"150\" height=\"150\" src=\"https:\/\/baptist.org.md\/ro\/wp-content\/uploads\/secretarul-general-nicolae-vozian-150x150.jpg\" class=\"attachment-thumbnail size-thumbnail\" alt=\"\" aria-describedby=\"gallery-1-9023\" srcset=\"https:\/\/baptist.org.md\/ro\/wp-content\/uploads\/secretarul-general-nicolae-vozian-150x150.jpg 150w, https:\/\/baptist.org.md\/ro\/wp-content\/uploads\/secretarul-general-nicolae-vozian-160x160.jpg 160w\" sizes=\"auto, (max-width: 150px) 100vw, 150px\" \/><\/a>\n\t\t\t<\/dt>\n\t\t\t\t<dd class='wp-caption-text gallery-caption' id='gallery-1-9023'>\n\t\t\t\tSecretarul general al Uniunii Baptiste, Nicolae Vozian\n\t\t\t\t<\/dd><\/dl><dl class='gallery-item'>\n\t\t\t<dt class='gallery-icon landscape'>\n\t\t\t\t<a href='https:\/\/baptist.org.md\/ro\/?attachment_id=9019'><img loading=\"lazy\" decoding=\"async\" width=\"150\" height=\"150\" src=\"https:\/\/baptist.org.md\/ro\/wp-content\/uploads\/107_Conferinta_Betel_13martie2015-150x150.jpg\" class=\"attachment-thumbnail size-thumbnail\" alt=\"\" aria-describedby=\"gallery-1-9019\" srcset=\"https:\/\/baptist.org.md\/ro\/wp-content\/uploads\/107_Conferinta_Betel_13martie2015-150x150.jpg 150w, https:\/\/baptist.org.md\/ro\/wp-content\/uploads\/107_Conferinta_Betel_13martie2015-160x160.jpg 160w\" sizes=\"auto, (max-width: 150px) 100vw, 150px\" \/><\/a>\n\t\t\t<\/dt>\n\t\t\t\t<dd class='wp-caption-text gallery-caption' id='gallery-1-9019'>\n\t\t\t\tEpiscopul adjunct al Uniunii Baptiste, Alexandru Goncearuc\n\t\t\t\t<\/dd><\/dl><br style=\"clear: both\" \/>\n\t\t<\/div>\n\n<p>Momente de \u00eenchinare:<\/p>\n\n\t\t<style type=\"text\/css\">\n\t\t\t#gallery-2 {\n\t\t\t\tmargin: auto;\n\t\t\t}\n\t\t\t#gallery-2 .gallery-item {\n\t\t\t\tfloat: left;\n\t\t\t\tmargin-top: 10px;\n\t\t\t\ttext-align: center;\n\t\t\t\twidth: 33%;\n\t\t\t}\n\t\t\t#gallery-2 img {\n\t\t\t\tborder: 2px solid #cfcfcf;\n\t\t\t}\n\t\t\t#gallery-2 .gallery-caption {\n\t\t\t\tmargin-left: 0;\n\t\t\t}\n\t\t\t\/* see gallery_shortcode() in wp-includes\/media.php *\/\n\t\t<\/style>\n\t\t<div id='gallery-2' class='gallery galleryid-8994 gallery-columns-3 gallery-size-thumbnail'><dl class='gallery-item'>\n\t\t\t<dt class='gallery-icon landscape'>\n\t\t\t\t<a href='https:\/\/baptist.org.md\/ro\/?attachment_id=9001'><img loading=\"lazy\" decoding=\"async\" width=\"150\" height=\"150\" src=\"https:\/\/baptist.org.md\/ro\/wp-content\/uploads\/17_Conferinta_Betel_13martie2015-150x150.jpg\" class=\"attachment-thumbnail size-thumbnail\" alt=\"\" srcset=\"https:\/\/baptist.org.md\/ro\/wp-content\/uploads\/17_Conferinta_Betel_13martie2015-150x150.jpg 150w, https:\/\/baptist.org.md\/ro\/wp-content\/uploads\/17_Conferinta_Betel_13martie2015-160x160.jpg 160w\" sizes=\"auto, (max-width: 150px) 100vw, 150px\" \/><\/a>\n\t\t\t<\/dt><\/dl><dl class='gallery-item'>\n\t\t\t<dt class='gallery-icon landscape'>\n\t\t\t\t<a href='https:\/\/baptist.org.md\/ro\/?attachment_id=9032'><img loading=\"lazy\" decoding=\"async\" width=\"150\" height=\"150\" src=\"https:\/\/baptist.org.md\/ro\/wp-content\/uploads\/2_Conferinta_Betel_13martie20151-150x150.jpg\" class=\"attachment-thumbnail size-thumbnail\" alt=\"\" srcset=\"https:\/\/baptist.org.md\/ro\/wp-content\/uploads\/2_Conferinta_Betel_13martie20151-150x150.jpg 150w, https:\/\/baptist.org.md\/ro\/wp-content\/uploads\/2_Conferinta_Betel_13martie20151-160x160.jpg 160w\" sizes=\"auto, (max-width: 150px) 100vw, 150px\" \/><\/a>\n\t\t\t<\/dt><\/dl><dl class='gallery-item'>\n\t\t\t<dt class='gallery-icon landscape'>\n\t\t\t\t<a href='https:\/\/baptist.org.md\/ro\/?attachment_id=9009'><img loading=\"lazy\" decoding=\"async\" width=\"150\" height=\"150\" src=\"https:\/\/baptist.org.md\/ro\/wp-content\/uploads\/74_Conferinta_Betel_13martie2015-150x150.jpg\" class=\"attachment-thumbnail size-thumbnail\" alt=\"\" srcset=\"https:\/\/baptist.org.md\/ro\/wp-content\/uploads\/74_Conferinta_Betel_13martie2015-150x150.jpg 150w, https:\/\/baptist.org.md\/ro\/wp-content\/uploads\/74_Conferinta_Betel_13martie2015-160x160.jpg 160w\" sizes=\"auto, (max-width: 150px) 100vw, 150px\" \/><\/a>\n\t\t\t<\/dt><\/dl><br style=\"clear: both\" \/>\n\t\t<\/div>\n\n<p>Momente \u00een rug\u0103ciune:<\/p>\n\n\t\t<style type=\"text\/css\">\n\t\t\t#gallery-3 {\n\t\t\t\tmargin: auto;\n\t\t\t}\n\t\t\t#gallery-3 .gallery-item {\n\t\t\t\tfloat: left;\n\t\t\t\tmargin-top: 10px;\n\t\t\t\ttext-align: center;\n\t\t\t\twidth: 33%;\n\t\t\t}\n\t\t\t#gallery-3 img {\n\t\t\t\tborder: 2px solid #cfcfcf;\n\t\t\t}\n\t\t\t#gallery-3 .gallery-caption {\n\t\t\t\tmargin-left: 0;\n\t\t\t}\n\t\t\t\/* see gallery_shortcode() in wp-includes\/media.php *\/\n\t\t<\/style>\n\t\t<div id='gallery-3' class='gallery galleryid-8994 gallery-columns-3 gallery-size-thumbnail'><dl class='gallery-item'>\n\t\t\t<dt class='gallery-icon landscape'>\n\t\t\t\t<a href='https:\/\/baptist.org.md\/ro\/?attachment_id=9033'><img loading=\"lazy\" decoding=\"async\" width=\"150\" height=\"150\" src=\"https:\/\/baptist.org.md\/ro\/wp-content\/uploads\/11_Conferinta_Betel_13martie2015-150x150.jpg\" class=\"attachment-thumbnail size-thumbnail\" alt=\"\" srcset=\"https:\/\/baptist.org.md\/ro\/wp-content\/uploads\/11_Conferinta_Betel_13martie2015-150x150.jpg 150w, https:\/\/baptist.org.md\/ro\/wp-content\/uploads\/11_Conferinta_Betel_13martie2015-160x160.jpg 160w\" sizes=\"auto, (max-width: 150px) 100vw, 150px\" \/><\/a>\n\t\t\t<\/dt><\/dl><dl class='gallery-item'>\n\t\t\t<dt class='gallery-icon landscape'>\n\t\t\t\t<a href='https:\/\/baptist.org.md\/ro\/?attachment_id=9061'><img loading=\"lazy\" decoding=\"async\" width=\"150\" height=\"150\" src=\"https:\/\/baptist.org.md\/ro\/wp-content\/uploads\/10_Conferinta_Betel_13martie2015-150x150.jpg\" class=\"attachment-thumbnail size-thumbnail\" alt=\"\" srcset=\"https:\/\/baptist.org.md\/ro\/wp-content\/uploads\/10_Conferinta_Betel_13martie2015-150x150.jpg 150w, https:\/\/baptist.org.md\/ro\/wp-content\/uploads\/10_Conferinta_Betel_13martie2015-160x160.jpg 160w\" sizes=\"auto, (max-width: 150px) 100vw, 150px\" \/><\/a>\n\t\t\t<\/dt><\/dl><dl class='gallery-item'>\n\t\t\t<dt class='gallery-icon landscape'>\n\t\t\t\t<a href='https:\/\/baptist.org.md\/ro\/?attachment_id=9025'><img loading=\"lazy\" decoding=\"async\" width=\"150\" height=\"150\" src=\"https:\/\/baptist.org.md\/ro\/wp-content\/uploads\/9_Conferinta_Betel_13martie20151-150x150.jpg\" class=\"attachment-thumbnail size-thumbnail\" alt=\"\" srcset=\"https:\/\/baptist.org.md\/ro\/wp-content\/uploads\/9_Conferinta_Betel_13martie20151-150x150.jpg 150w, https:\/\/baptist.org.md\/ro\/wp-content\/uploads\/9_Conferinta_Betel_13martie20151-160x160.jpg 160w\" sizes=\"auto, (max-width: 150px) 100vw, 150px\" \/><\/a>\n\t\t\t<\/dt><\/dl><br style=\"clear: both\" \/><dl class='gallery-item'>\n\t\t\t<dt class='gallery-icon landscape'>\n\t\t\t\t<a href='https:\/\/baptist.org.md\/ro\/?attachment_id=9026'><img loading=\"lazy\" decoding=\"async\" width=\"150\" height=\"150\" src=\"https:\/\/baptist.org.md\/ro\/wp-content\/uploads\/13_Conferinta_Betel_13martie20151-150x150.jpg\" class=\"attachment-thumbnail size-thumbnail\" alt=\"\" srcset=\"https:\/\/baptist.org.md\/ro\/wp-content\/uploads\/13_Conferinta_Betel_13martie20151-150x150.jpg 150w, https:\/\/baptist.org.md\/ro\/wp-content\/uploads\/13_Conferinta_Betel_13martie20151-160x160.jpg 160w\" sizes=\"auto, (max-width: 150px) 100vw, 150px\" \/><\/a>\n\t\t\t<\/dt><\/dl><dl class='gallery-item'>\n\t\t\t<dt class='gallery-icon landscape'>\n\t\t\t\t<a href='https:\/\/baptist.org.md\/ro\/?attachment_id=9041'><img loading=\"lazy\" decoding=\"async\" width=\"150\" height=\"150\" src=\"https:\/\/baptist.org.md\/ro\/wp-content\/uploads\/45_Conferinta_Betel_13martie2015-150x150.jpg\" class=\"attachment-thumbnail size-thumbnail\" alt=\"\" srcset=\"https:\/\/baptist.org.md\/ro\/wp-content\/uploads\/45_Conferinta_Betel_13martie2015-150x150.jpg 150w, https:\/\/baptist.org.md\/ro\/wp-content\/uploads\/45_Conferinta_Betel_13martie2015-160x160.jpg 160w\" sizes=\"auto, (max-width: 150px) 100vw, 150px\" \/><\/a>\n\t\t\t<\/dt><\/dl><dl class='gallery-item'>\n\t\t\t<dt class='gallery-icon landscape'>\n\t\t\t\t<a href='https:\/\/baptist.org.md\/ro\/?attachment_id=9040'><img loading=\"lazy\" decoding=\"async\" width=\"150\" height=\"150\" src=\"https:\/\/baptist.org.md\/ro\/wp-content\/uploads\/44_Conferinta_Betel_13martie2015-150x150.jpg\" class=\"attachment-thumbnail size-thumbnail\" alt=\"\" srcset=\"https:\/\/baptist.org.md\/ro\/wp-content\/uploads\/44_Conferinta_Betel_13martie2015-150x150.jpg 150w, https:\/\/baptist.org.md\/ro\/wp-content\/uploads\/44_Conferinta_Betel_13martie2015-160x160.jpg 160w\" sizes=\"auto, (max-width: 150px) 100vw, 150px\" \/><\/a>\n\t\t\t<\/dt><\/dl><br style=\"clear: both\" \/>\n\t\t<\/div>\n\n<p>Momente \u00een studierea Cuv\u00e2ntului:<\/p>\n\n\t\t<style type=\"text\/css\">\n\t\t\t#gallery-4 {\n\t\t\t\tmargin: auto;\n\t\t\t}\n\t\t\t#gallery-4 .gallery-item {\n\t\t\t\tfloat: left;\n\t\t\t\tmargin-top: 10px;\n\t\t\t\ttext-align: center;\n\t\t\t\twidth: 25%;\n\t\t\t}\n\t\t\t#gallery-4 img {\n\t\t\t\tborder: 2px solid #cfcfcf;\n\t\t\t}\n\t\t\t#gallery-4 .gallery-caption {\n\t\t\t\tmargin-left: 0;\n\t\t\t}\n\t\t\t\/* see gallery_shortcode() in wp-includes\/media.php *\/\n\t\t<\/style>\n\t\t<div id='gallery-4' class='gallery galleryid-8994 gallery-columns-4 gallery-size-thumbnail'><dl class='gallery-item'>\n\t\t\t<dt class='gallery-icon landscape'>\n\t\t\t\t<a href='https:\/\/baptist.org.md\/ro\/?attachment_id=9056'><img loading=\"lazy\" decoding=\"async\" width=\"150\" height=\"150\" src=\"https:\/\/baptist.org.md\/ro\/wp-content\/uploads\/163_Conferinta_Betel_13martie2015-150x150.jpg\" class=\"attachment-thumbnail size-thumbnail\" alt=\"\" srcset=\"https:\/\/baptist.org.md\/ro\/wp-content\/uploads\/163_Conferinta_Betel_13martie2015-150x150.jpg 150w, https:\/\/baptist.org.md\/ro\/wp-content\/uploads\/163_Conferinta_Betel_13martie2015-160x160.jpg 160w\" sizes=\"auto, (max-width: 150px) 100vw, 150px\" \/><\/a>\n\t\t\t<\/dt><\/dl><dl class='gallery-item'>\n\t\t\t<dt class='gallery-icon landscape'>\n\t\t\t\t<a href='https:\/\/baptist.org.md\/ro\/?attachment_id=9059'><img loading=\"lazy\" decoding=\"async\" width=\"150\" height=\"150\" src=\"https:\/\/baptist.org.md\/ro\/wp-content\/uploads\/168_Conferinta_Betel_13martie2015-150x150.jpg\" class=\"attachment-thumbnail size-thumbnail\" alt=\"\" srcset=\"https:\/\/baptist.org.md\/ro\/wp-content\/uploads\/168_Conferinta_Betel_13martie2015-150x150.jpg 150w, https:\/\/baptist.org.md\/ro\/wp-content\/uploads\/168_Conferinta_Betel_13martie2015-160x160.jpg 160w\" sizes=\"auto, (max-width: 150px) 100vw, 150px\" \/><\/a>\n\t\t\t<\/dt><\/dl><dl class='gallery-item'>\n\t\t\t<dt class='gallery-icon landscape'>\n\t\t\t\t<a href='https:\/\/baptist.org.md\/ro\/?attachment_id=9058'><img loading=\"lazy\" decoding=\"async\" width=\"150\" height=\"150\" src=\"https:\/\/baptist.org.md\/ro\/wp-content\/uploads\/165_Conferinta_Betel_13martie2015-150x150.jpg\" class=\"attachment-thumbnail size-thumbnail\" alt=\"\" srcset=\"https:\/\/baptist.org.md\/ro\/wp-content\/uploads\/165_Conferinta_Betel_13martie2015-150x150.jpg 150w, https:\/\/baptist.org.md\/ro\/wp-content\/uploads\/165_Conferinta_Betel_13martie2015-160x160.jpg 160w\" sizes=\"auto, (max-width: 150px) 100vw, 150px\" \/><\/a>\n\t\t\t<\/dt><\/dl><dl class='gallery-item'>\n\t\t\t<dt class='gallery-icon landscape'>\n\t\t\t\t<a href='https:\/\/baptist.org.md\/ro\/?attachment_id=9057'><img loading=\"lazy\" decoding=\"async\" width=\"150\" height=\"150\" src=\"https:\/\/baptist.org.md\/ro\/wp-content\/uploads\/164_Conferinta_Betel_13martie2015-150x150.jpg\" class=\"attachment-thumbnail size-thumbnail\" alt=\"\" srcset=\"https:\/\/baptist.org.md\/ro\/wp-content\/uploads\/164_Conferinta_Betel_13martie2015-150x150.jpg 150w, https:\/\/baptist.org.md\/ro\/wp-content\/uploads\/164_Conferinta_Betel_13martie2015-160x160.jpg 160w\" sizes=\"auto, (max-width: 150px) 100vw, 150px\" \/><\/a>\n\t\t\t<\/dt><\/dl><br style=\"clear: both\" \/><dl class='gallery-item'>\n\t\t\t<dt class='gallery-icon landscape'>\n\t\t\t\t<a href='https:\/\/baptist.org.md\/ro\/?attachment_id=9048'><img loading=\"lazy\" decoding=\"async\" width=\"150\" height=\"150\" src=\"https:\/\/baptist.org.md\/ro\/wp-content\/uploads\/101_Conferinta_Betel_13martie20151-150x150.jpg\" class=\"attachment-thumbnail size-thumbnail\" alt=\"\" srcset=\"https:\/\/baptist.org.md\/ro\/wp-content\/uploads\/101_Conferinta_Betel_13martie20151-150x150.jpg 150w, https:\/\/baptist.org.md\/ro\/wp-content\/uploads\/101_Conferinta_Betel_13martie20151-160x160.jpg 160w\" sizes=\"auto, (max-width: 150px) 100vw, 150px\" \/><\/a>\n\t\t\t<\/dt><\/dl><dl class='gallery-item'>\n\t\t\t<dt class='gallery-icon landscape'>\n\t\t\t\t<a href='https:\/\/baptist.org.md\/ro\/?attachment_id=9047'><img loading=\"lazy\" decoding=\"async\" width=\"150\" height=\"150\" src=\"https:\/\/baptist.org.md\/ro\/wp-content\/uploads\/100_Conferinta_Betel_13martie20151-150x150.jpg\" class=\"attachment-thumbnail size-thumbnail\" alt=\"\" srcset=\"https:\/\/baptist.org.md\/ro\/wp-content\/uploads\/100_Conferinta_Betel_13martie20151-150x150.jpg 150w, https:\/\/baptist.org.md\/ro\/wp-content\/uploads\/100_Conferinta_Betel_13martie20151-160x160.jpg 160w\" sizes=\"auto, (max-width: 150px) 100vw, 150px\" \/><\/a>\n\t\t\t<\/dt><\/dl><dl class='gallery-item'>\n\t\t\t<dt class='gallery-icon landscape'>\n\t\t\t\t<a href='https:\/\/baptist.org.md\/ro\/?attachment_id=9046'><img loading=\"lazy\" decoding=\"async\" width=\"150\" height=\"150\" src=\"https:\/\/baptist.org.md\/ro\/wp-content\/uploads\/97_Conferinta_Betel_13martie20151-150x150.jpg\" class=\"attachment-thumbnail size-thumbnail\" alt=\"\" srcset=\"https:\/\/baptist.org.md\/ro\/wp-content\/uploads\/97_Conferinta_Betel_13martie20151-150x150.jpg 150w, https:\/\/baptist.org.md\/ro\/wp-content\/uploads\/97_Conferinta_Betel_13martie20151-160x160.jpg 160w\" sizes=\"auto, (max-width: 150px) 100vw, 150px\" \/><\/a>\n\t\t\t<\/dt><\/dl><dl class='gallery-item'>\n\t\t\t<dt class='gallery-icon landscape'>\n\t\t\t\t<a href='https:\/\/baptist.org.md\/ro\/?attachment_id=9045'><img loading=\"lazy\" decoding=\"async\" width=\"150\" height=\"150\" src=\"https:\/\/baptist.org.md\/ro\/wp-content\/uploads\/96_Conferinta_Betel_13martie20151-150x150.jpg\" class=\"attachment-thumbnail size-thumbnail\" alt=\"\" srcset=\"https:\/\/baptist.org.md\/ro\/wp-content\/uploads\/96_Conferinta_Betel_13martie20151-150x150.jpg 150w, https:\/\/baptist.org.md\/ro\/wp-content\/uploads\/96_Conferinta_Betel_13martie20151-160x160.jpg 160w\" sizes=\"auto, (max-width: 150px) 100vw, 150px\" \/><\/a>\n\t\t\t<\/dt><\/dl><br style=\"clear: both\" \/><dl class='gallery-item'>\n\t\t\t<dt class='gallery-icon landscape'>\n\t\t\t\t<a href='https:\/\/baptist.org.md\/ro\/?attachment_id=9044'><img loading=\"lazy\" decoding=\"async\" width=\"150\" height=\"150\" src=\"https:\/\/baptist.org.md\/ro\/wp-content\/uploads\/92_Conferinta_Betel_13martie20151-150x150.jpg\" class=\"attachment-thumbnail size-thumbnail\" alt=\"\" srcset=\"https:\/\/baptist.org.md\/ro\/wp-content\/uploads\/92_Conferinta_Betel_13martie20151-150x150.jpg 150w, https:\/\/baptist.org.md\/ro\/wp-content\/uploads\/92_Conferinta_Betel_13martie20151-160x160.jpg 160w\" sizes=\"auto, (max-width: 150px) 100vw, 150px\" \/><\/a>\n\t\t\t<\/dt><\/dl><dl class='gallery-item'>\n\t\t\t<dt class='gallery-icon landscape'>\n\t\t\t\t<a href='https:\/\/baptist.org.md\/ro\/?attachment_id=9039'><img loading=\"lazy\" decoding=\"async\" width=\"150\" height=\"150\" src=\"https:\/\/baptist.org.md\/ro\/wp-content\/uploads\/34_Conferinta_Betel_13martie20151-150x150.jpg\" class=\"attachment-thumbnail size-thumbnail\" alt=\"\" srcset=\"https:\/\/baptist.org.md\/ro\/wp-content\/uploads\/34_Conferinta_Betel_13martie20151-150x150.jpg 150w, https:\/\/baptist.org.md\/ro\/wp-content\/uploads\/34_Conferinta_Betel_13martie20151-160x160.jpg 160w\" sizes=\"auto, (max-width: 150px) 100vw, 150px\" \/><\/a>\n\t\t\t<\/dt><\/dl><dl class='gallery-item'>\n\t\t\t<dt class='gallery-icon landscape'>\n\t\t\t\t<a href='https:\/\/baptist.org.md\/ro\/?attachment_id=9038'><img loading=\"lazy\" decoding=\"async\" width=\"150\" height=\"150\" src=\"https:\/\/baptist.org.md\/ro\/wp-content\/uploads\/33_Conferinta_Betel_13martie2015-150x150.jpg\" class=\"attachment-thumbnail size-thumbnail\" alt=\"\" srcset=\"https:\/\/baptist.org.md\/ro\/wp-content\/uploads\/33_Conferinta_Betel_13martie2015-150x150.jpg 150w, https:\/\/baptist.org.md\/ro\/wp-content\/uploads\/33_Conferinta_Betel_13martie2015-160x160.jpg 160w\" sizes=\"auto, (max-width: 150px) 100vw, 150px\" \/><\/a>\n\t\t\t<\/dt><\/dl><dl class='gallery-item'>\n\t\t\t<dt class='gallery-icon landscape'>\n\t\t\t\t<a href='https:\/\/baptist.org.md\/ro\/?attachment_id=9037'><img loading=\"lazy\" decoding=\"async\" width=\"150\" height=\"150\" src=\"https:\/\/baptist.org.md\/ro\/wp-content\/uploads\/30_Conferinta_Betel_13martie20151-150x150.jpg\" class=\"attachment-thumbnail size-thumbnail\" alt=\"\" srcset=\"https:\/\/baptist.org.md\/ro\/wp-content\/uploads\/30_Conferinta_Betel_13martie20151-150x150.jpg 150w, https:\/\/baptist.org.md\/ro\/wp-content\/uploads\/30_Conferinta_Betel_13martie20151-160x160.jpg 160w\" sizes=\"auto, (max-width: 150px) 100vw, 150px\" \/><\/a>\n\t\t\t<\/dt><\/dl><br style=\"clear: both\" \/><dl class='gallery-item'>\n\t\t\t<dt class='gallery-icon landscape'>\n\t\t\t\t<a href='https:\/\/baptist.org.md\/ro\/?attachment_id=9036'><img loading=\"lazy\" decoding=\"async\" width=\"150\" height=\"150\" src=\"https:\/\/baptist.org.md\/ro\/wp-content\/uploads\/26_Conferinta_Betel_13martie20151-150x150.jpg\" class=\"attachment-thumbnail size-thumbnail\" alt=\"\" srcset=\"https:\/\/baptist.org.md\/ro\/wp-content\/uploads\/26_Conferinta_Betel_13martie20151-150x150.jpg 150w, https:\/\/baptist.org.md\/ro\/wp-content\/uploads\/26_Conferinta_Betel_13martie20151-160x160.jpg 160w\" sizes=\"auto, (max-width: 150px) 100vw, 150px\" \/><\/a>\n\t\t\t<\/dt><\/dl><dl class='gallery-item'>\n\t\t\t<dt class='gallery-icon landscape'>\n\t\t\t\t<a href='https:\/\/baptist.org.md\/ro\/?attachment_id=9035'><img loading=\"lazy\" decoding=\"async\" width=\"150\" height=\"150\" src=\"https:\/\/baptist.org.md\/ro\/wp-content\/uploads\/23_Conferinta_Betel_13martie20151-150x150.jpg\" class=\"attachment-thumbnail size-thumbnail\" alt=\"\" srcset=\"https:\/\/baptist.org.md\/ro\/wp-content\/uploads\/23_Conferinta_Betel_13martie20151-150x150.jpg 150w, https:\/\/baptist.org.md\/ro\/wp-content\/uploads\/23_Conferinta_Betel_13martie20151-160x160.jpg 160w\" sizes=\"auto, (max-width: 150px) 100vw, 150px\" \/><\/a>\n\t\t\t<\/dt><\/dl><dl class='gallery-item'>\n\t\t\t<dt class='gallery-icon portrait'>\n\t\t\t\t<a href='https:\/\/baptist.org.md\/ro\/?attachment_id=9034'><img loading=\"lazy\" decoding=\"async\" width=\"150\" height=\"150\" src=\"https:\/\/baptist.org.md\/ro\/wp-content\/uploads\/21_Conferinta_Betel_13martie2015-150x150.jpg\" class=\"attachment-thumbnail size-thumbnail\" alt=\"\" srcset=\"https:\/\/baptist.org.md\/ro\/wp-content\/uploads\/21_Conferinta_Betel_13martie2015-150x150.jpg 150w, https:\/\/baptist.org.md\/ro\/wp-content\/uploads\/21_Conferinta_Betel_13martie2015-160x160.jpg 160w\" sizes=\"auto, (max-width: 150px) 100vw, 150px\" \/><\/a>\n\t\t\t<\/dt><\/dl><dl class='gallery-item'>\n\t\t\t<dt class='gallery-icon landscape'>\n\t\t\t\t<a href='https:\/\/baptist.org.md\/ro\/?attachment_id=9027'><img loading=\"lazy\" decoding=\"async\" width=\"150\" height=\"150\" src=\"https:\/\/baptist.org.md\/ro\/wp-content\/uploads\/32_Conferinta_Betel_13martie2015-150x150.jpg\" class=\"attachment-thumbnail size-thumbnail\" alt=\"\" srcset=\"https:\/\/baptist.org.md\/ro\/wp-content\/uploads\/32_Conferinta_Betel_13martie2015-150x150.jpg 150w, https:\/\/baptist.org.md\/ro\/wp-content\/uploads\/32_Conferinta_Betel_13martie2015-160x160.jpg 160w\" sizes=\"auto, (max-width: 150px) 100vw, 150px\" \/><\/a>\n\t\t\t<\/dt><\/dl><br style=\"clear: both\" \/><dl class='gallery-item'>\n\t\t\t<dt class='gallery-icon landscape'>\n\t\t\t\t<a href='https:\/\/baptist.org.md\/ro\/?attachment_id=9000'><img loading=\"lazy\" decoding=\"async\" width=\"150\" height=\"150\" src=\"https:\/\/baptist.org.md\/ro\/wp-content\/uploads\/16_Conferinta_Betel_13martie2015-150x150.jpg\" class=\"attachment-thumbnail size-thumbnail\" alt=\"\" srcset=\"https:\/\/baptist.org.md\/ro\/wp-content\/uploads\/16_Conferinta_Betel_13martie2015-150x150.jpg 150w, https:\/\/baptist.org.md\/ro\/wp-content\/uploads\/16_Conferinta_Betel_13martie2015-160x160.jpg 160w\" sizes=\"auto, (max-width: 150px) 100vw, 150px\" \/><\/a>\n\t\t\t<\/dt><\/dl><dl class='gallery-item'>\n\t\t\t<dt class='gallery-icon landscape'>\n\t\t\t\t<a href='https:\/\/baptist.org.md\/ro\/?attachment_id=9002'><img loading=\"lazy\" decoding=\"async\" width=\"150\" height=\"150\" src=\"https:\/\/baptist.org.md\/ro\/wp-content\/uploads\/22_Conferinta_Betel_13martie2015-150x150.jpg\" class=\"attachment-thumbnail size-thumbnail\" alt=\"\" srcset=\"https:\/\/baptist.org.md\/ro\/wp-content\/uploads\/22_Conferinta_Betel_13martie2015-150x150.jpg 150w, https:\/\/baptist.org.md\/ro\/wp-content\/uploads\/22_Conferinta_Betel_13martie2015-160x160.jpg 160w\" sizes=\"auto, (max-width: 150px) 100vw, 150px\" \/><\/a>\n\t\t\t<\/dt><\/dl>\n\t\t\t<br style='clear: both' \/>\n\t\t<\/div>\n\n<p>Prima zi din Conferin\u021ba Na\u021bional\u0103 2015 s-a \u00eencheiat cu un serviciu divin la care au partipat \u0219i membrii Bisericilor din Chi\u0219in\u0103u. Cu detalii revenim \u00een alt reportaj.<\/p>\n<p><a href=\"http:\/\/baptist.org.md\/ro\/wp-content\/uploads\/52_Conferinta_Betel_13martie2015.jpg\"><img loading=\"lazy\" decoding=\"async\" class=\"aligncenter size-full wp-image-9042\" src=\"http:\/\/baptist.org.md\/ro\/wp-content\/uploads\/52_Conferinta_Betel_13martie2015.jpg\" alt=\"52_Conferinta_Betel_13martie2015\" width=\"800\" height=\"533\" srcset=\"https:\/\/baptist.org.md\/ro\/wp-content\/uploads\/52_Conferinta_Betel_13martie2015.jpg 800w, https:\/\/baptist.org.md\/ro\/wp-content\/uploads\/52_Conferinta_Betel_13martie2015-300x199.jpg 300w\" sizes=\"auto, (max-width: 800px) 100vw, 800px\" \/><\/a><\/p>\n","protected":false},"excerpt":{"rendered":"<p>Clipe de har, momente sublime, contemplare la m\u0103re\u0163ia lui Dumnezeu au tr\u0103it peste 700 de slujitori din toat\u0103 \u0163ara la programul Conferin\u0163ei Na\u0163ionale 2015: &#8220;\u00cennoirea Spiritual\u0103 a Slujitorului&#8221;. Al\u0103turi de vorbitorii evenimentului, participan\u0163ii au&#46;&#46;&#46;<\/p>\n","protected":false},"author":2,"featured_media":9042,"comment_status":"open","ping_status":"open","sticky":false,"template":"","format":"standard","meta":{"footnotes":""},"categories":[464,138,77,23],"tags":[677,627,628,676],"class_list":["post-8994","post","type-post","status-publish","format-standard","has-post-thumbnail","hentry","category-anul-innoirii-spirituale","category-galerie-foto","category-slides","category-interne","tag-biserica-betel-chisinau","tag-conferinta-nationala-2015","tag-innoirea-spirituala-a-slujitorului","tag-prima-zi-la-conferinta-pastorala"],"fimg_url":"https:\/\/baptist.org.md\/ro\/wp-content\/uploads\/52_Conferinta_Betel_13martie2015.jpg","views":2231,"_links":{"self":[{"href":"https:\/\/baptist.org.md\/ro\/index.php?rest_route=\/wp\/v2\/posts\/8994","targetHints":{"allow":["GET"]}}],"collection":[{"href":"https:\/\/baptist.org.md\/ro\/index.php?rest_route=\/wp\/v2\/posts"}],"about":[{"href":"https:\/\/baptist.org.md\/ro\/index.php?rest_route=\/wp\/v2\/types\/post"}],"author":[{"embeddable":true,"href":"https:\/\/baptist.org.md\/ro\/index.php?rest_route=\/wp\/v2\/users\/2"}],"replies":[{"embeddable":true,"href":"https:\/\/baptist.org.md\/ro\/index.php?rest_route=%2Fwp%2Fv2%2Fcomments&post=8994"}],"version-history":[{"count":9,"href":"https:\/\/baptist.org.md\/ro\/index.php?rest_route=\/wp\/v2\/posts\/8994\/revisions"}],"predecessor-version":[{"id":9203,"href":"https:\/\/baptist.org.md\/ro\/index.php?rest_route=\/wp\/v2\/posts\/8994\/revisions\/9203"}],"wp:featuredmedia":[{"embeddable":true,"href":"https:\/\/baptist.org.md\/ro\/index.php?rest_route=\/wp\/v2\/media\/9042"}],"wp:attachment":[{"href":"https:\/\/baptist.org.md\/ro\/index.php?rest_route=%2Fwp%2Fv2%2Fmedia&parent=8994"}],"wp:term":[{"taxonomy":"category","embeddable":true,"href":"https:\/\/baptist.org.md\/ro\/index.php?rest_route=%2Fwp%2Fv2%2Fcategories&post=8994"},{"taxonomy":"post_tag","embeddable":true,"href":"https:\/\/baptist.org.md\/ro\/index.php?rest_route=%2Fwp%2Fv2%2Ftags&post=8994"}],"curies":[{"name":"wp","href":"https:\/\/api.w.org\/{rel}","templated":true}]}}