{"id":8954,"date":"2015-03-12T21:22:13","date_gmt":"2015-03-12T19:22:13","guid":{"rendered":"http:\/\/baptist.org.md\/ro\/?p=8954"},"modified":"2015-03-12T21:25:31","modified_gmt":"2015-03-12T19:25:31","slug":"editorial-de-ion-miron-ideea-de-innoire-spirituala-apartine-lui-dumnezeu","status":"publish","type":"post","link":"https:\/\/baptist.org.md\/ro\/?p=8954","title":{"rendered":"EDITORIAL de Ion Miron: &#8220;Ideea de \u00eennoire spiritual\u0103 apar\u0163ine lui Dumnezeu&#8221;"},"content":{"rendered":"<p style=\"text-align: justify;\"><a href=\"http:\/\/baptist.org.md\/ro\/wp-content\/uploads\/IMG_3218.jpg\"><img decoding=\"async\" class=\"aligncenter wp-image-8956\" src=\"http:\/\/baptist.org.md\/ro\/wp-content\/uploads\/IMG_3218.jpg\" alt=\"IMG_3218\" width=\"721\" srcset=\"https:\/\/baptist.org.md\/ro\/wp-content\/uploads\/IMG_3218.jpg 1024w, https:\/\/baptist.org.md\/ro\/wp-content\/uploads\/IMG_3218-300x199.jpg 300w\" sizes=\"(max-width: 1024px) 100vw, 1024px\" \/><\/a>Dragi fra\u0163i \u015fi surori,<\/p>\n<p style=\"text-align: justify;\">Anul 2015 le-am declarat anul \u00eennoirii spirituale. Ini\u021bial \u00eennoirea a \u00eenceput cu na\u0219terea din nou. Dumnezeu este Cel ce face schimbarea \u00een via\u021ba noastr\u0103 prin Cuv\u00e2ntul S\u0103u. Oamenii n\u0103scu\u021bi din nou sunt f\u0103pturi noi ca \u0219i rezultat al lucr\u0103rii Domnului Isus Cristos la Golgota. \u00cens\u0103 c\u00e2nd vorbim de \u00eennoire spiritual\u0103, ne confrunt\u0103m cu dou\u0103 probleme mari: Pe de o parte noi locuim \u00eentr-o lume care zace \u00een cel r\u0103u \u0219i tr\u0103ind \u00een lumea acesta suntem adesea provoca\u021bi la lucruri care nu sunt dup\u0103 voia lui Dumnezeu.<\/p>\n<p style=\"text-align: justify;\">Pe de alt\u0103 parte noi tr\u0103im \u00eentr-o fire p\u0103m\u00e2nteasc\u0103, \u00eentr-o fire p\u0103c\u0103toas\u0103 care \u00een fiecare zi avem nevoie s\u0103 facem schimb\u0103ri. Satan caut\u0103 s\u0103 controleze mintea noastr\u0103 ca s\u0103 ne domine via\u021ba, Dumnezeu e cel care ne transform\u0103 mintea \u0219i ne-o schimb\u0103. De aceia apostolul Pavel se adreseaz\u0103 bisericii din Efes \u0219i spune \u00een capitolul 4:22; ,,Cu privire la felul vostru de via\u021b\u0103 din trecut s\u0103 v\u0103 dezbr\u0103-ca\u021bi de omul cel vechi care se stric\u0103 dup\u0103 poftele \u00een\u0219el\u0103toare, \u0219i s\u0103 v\u0103 \u00eennoi\u021bi \u00een Duhul min\u021bii voastre. Ideea de \u00eennoire spiritual\u0103 nu este o idee a noastr\u0103 ci ea vine din Cuv\u00e2ntul lui Dumnezeu. Acest lucru \u00cei place lui Dumnezeu. El a\u0219teapt\u0103 ca noi \u00een fiecare zi s\u0103 c\u0103ut\u0103m s\u0103 fim pl\u0103cu\u021bi Lui, s\u0103 facem voia Sa. C\u00e2nd vorbim despre \u00eennoirea spiritual\u0103 a\u0219 vrea s\u0103 reflect\u0103m la mai multe domenii: cum ar fi rela\u021bia mea cu Dumnezeu. Care este rela\u021bia mea cu Dumnezeu la ora actual\u0103 \u00een via\u021ba de zi cu zi. \u00cen ce mod, inima mea se zbate pentru valorile pe care Dumnezeu ni le-a dat \u00een Cuv\u00e2ntul S\u0103u. \u00cen ce mod, inima mea se zbate pentru lucrurile care lui Dumnezeu ii pas\u0103.<\/p>\n<p style=\"text-align: justify;\">Pe de alt\u0103 parte rela\u021bia \u00een familie. Care este atitudinea mea la ora actual\u0103 fa\u021b\u0103 de \u0219o\u021bie, so\u021b sau copii. Sunt eu un model \u00een care \u00een care copiii mei pot s\u0103-mi ea exemplu. Rela\u021bia mea vizavi de via\u021ba de rug\u0103ciune. \u00cen ce mod petrec timp \u00een rug\u0103ciune. M\u0103rturisesc prin aceasta lui Dumnezeu \u0219i familiei c\u0103 am nevoie de El. C\u0103 depind de Dumnezeu, \u0219i c\u0103 prin puterea mea proprie nu pot face nimic, c\u0103 am nevoie de ajutorul Lui.<\/p>\n<p style=\"text-align: justify;\">Un alt domeniu important este rela\u021bia interpersonal\u0103. Lumea de ast\u0103zi \u0219i societatea \u00een care tr\u0103im este concentrat\u0103 asupra sinelui, noi \u00eens\u0103 suntem chema\u021bi de Domnul Isus s\u0103 c\u0103ut\u0103m foloasele altora \u0219i s\u0103 c\u0103ut\u0103m s\u0103 slujim pe cei din jurul nostru. Dumnezeu ne-a pus \u00een societate s\u0103 fim o lumin\u0103 \u00een \u00eentuneric. S\u0103 fim o mireasm\u0103 pl\u0103cut\u0103, sarea p\u0103m\u00e2ntului. O epistol\u0103 vie pe care oamenii s\u0103 o poat\u0103 citi \u0219i citind s\u0103-L poat\u0103 g\u0103si pe Cristos.<\/p>\n<p style=\"text-align: justify;\">\u00cennoirea spiritual\u0103 are de-a face cu schimbarea, elementul de baz\u0103 \u00een \u00eennoire este schimbarea. \u00centrebarea este: suntem noi gata s\u0103 ne schimb\u0103m. Suntem gata s\u0103 ced\u0103m \u0219i s\u0103 schimb\u0103m anumite lucruri care nu-i plac lui Dumnezeu. Fie c\u0103 este vorba de obiceiuri rele, fie c\u0103 este vorba de anumite cuvinte ce le folosim \u00een vocabularul nostru. Fie c\u0103 este vorba de atitudini pe care noi le avem \u0219i care \u00eentristeaz\u0103 pe oameni \u0219i pe Dumnezeu, fie c\u0103 este vorba de anumite practici care sunt departe de tr\u0103irea unui cre\u0219tin adev\u0103rat.<\/p>\n<p style=\"text-align: justify;\">M\u0103 rog ca Dumnezeu s\u0103 ne dea fiec\u0103ruia dorin\u021ba de schimbare \u0219i transformare. S\u0103 l\u0103s\u0103m pe Duhul Sf\u00e2nt s\u0103 fac\u0103 aceast\u0103 schimbare \u0219i transformare \u00een via\u021ba noastr\u0103.<\/p>\n<p style=\"text-align: justify;\">Dumnezeu s\u0103 v\u0103 binecuv\u00e2nteze!<\/p>\n","protected":false},"excerpt":{"rendered":"<p>Dragi fra\u0163i \u015fi surori, Anul 2015 le-am declarat anul \u00eennoirii spirituale. Ini\u021bial \u00eennoirea a \u00eenceput cu na\u0219terea din nou. Dumnezeu este Cel ce face schimbarea \u00een via\u021ba noastr\u0103 prin Cuv\u00e2ntul S\u0103u. Oamenii n\u0103scu\u021bi din&#46;&#46;&#46;<\/p>\n","protected":false},"author":2,"featured_media":8956,"comment_status":"open","ping_status":"open","sticky":false,"template":"","format":"standard","meta":{"footnotes":""},"categories":[464,2,77,23],"tags":[627,665,666,54],"class_list":["post-8954","post","type-post","status-publish","format-standard","has-post-thumbnail","hentry","category-anul-innoirii-spirituale","category-spiritualitate","category-slides","category-interne","tag-conferinta-nationala-2015","tag-editoria","tag-innoire-spirituala","tag-ion-miron"],"fimg_url":"https:\/\/baptist.org.md\/ro\/wp-content\/uploads\/IMG_3218.jpg","views":2450,"_links":{"self":[{"href":"https:\/\/baptist.org.md\/ro\/index.php?rest_route=\/wp\/v2\/posts\/8954","targetHints":{"allow":["GET"]}}],"collection":[{"href":"https:\/\/baptist.org.md\/ro\/index.php?rest_route=\/wp\/v2\/posts"}],"about":[{"href":"https:\/\/baptist.org.md\/ro\/index.php?rest_route=\/wp\/v2\/types\/post"}],"author":[{"embeddable":true,"href":"https:\/\/baptist.org.md\/ro\/index.php?rest_route=\/wp\/v2\/users\/2"}],"replies":[{"embeddable":true,"href":"https:\/\/baptist.org.md\/ro\/index.php?rest_route=%2Fwp%2Fv2%2Fcomments&post=8954"}],"version-history":[{"count":2,"href":"https:\/\/baptist.org.md\/ro\/index.php?rest_route=\/wp\/v2\/posts\/8954\/revisions"}],"predecessor-version":[{"id":8957,"href":"https:\/\/baptist.org.md\/ro\/index.php?rest_route=\/wp\/v2\/posts\/8954\/revisions\/8957"}],"wp:featuredmedia":[{"embeddable":true,"href":"https:\/\/baptist.org.md\/ro\/index.php?rest_route=\/wp\/v2\/media\/8956"}],"wp:attachment":[{"href":"https:\/\/baptist.org.md\/ro\/index.php?rest_route=%2Fwp%2Fv2%2Fmedia&parent=8954"}],"wp:term":[{"taxonomy":"category","embeddable":true,"href":"https:\/\/baptist.org.md\/ro\/index.php?rest_route=%2Fwp%2Fv2%2Fcategories&post=8954"},{"taxonomy":"post_tag","embeddable":true,"href":"https:\/\/baptist.org.md\/ro\/index.php?rest_route=%2Fwp%2Fv2%2Ftags&post=8954"}],"curies":[{"name":"wp","href":"https:\/\/api.w.org\/{rel}","templated":true}]}}