{"id":8771,"date":"2015-02-22T09:42:59","date_gmt":"2015-02-22T07:42:59","guid":{"rendered":"http:\/\/baptist.org.md\/ro\/?p=8771"},"modified":"2015-02-27T16:02:39","modified_gmt":"2015-02-27T14:02:39","slug":"delegatia-frantei-nu-a-votat-impotriva-rezolutiei-privind-combaterea-intolerantei-si-discriminarea-crestinilor-in-europa","status":"publish","type":"post","link":"https:\/\/baptist.org.md\/ro\/?p=8771","title":{"rendered":"Delega\u0163ia Fran\u0163ei a votat \u00eempotriva Rezolu\u0163iei privind protec\u0163ia cre\u015ftinilor \u00een Europa"},"content":{"rendered":"<p style=\"text-align: justify;\">Adunarea Parlamentar\u0103 a Consiliului Europei (APCE) a votat pe 29 ianuarie 2015 rezolu\u0163ie deputatului moldovean, Valeriu Ghile\u0163chi pentru &#8220;Combaterea intoleran\u0163ei \u015fi discriminarea cre\u015ftinilor \u00een Europa&#8221;, \u00een special atunci c\u00e2nd acestea \u00eei vizeaz\u0103 pe cre\u015ftini&#8221;. \u00cen ciuda opozi\u0163iei franceze.<\/p>\n<p style=\"text-align: justify;\"><a href=\"http:\/\/baptist.org.md\/ro\/wp-content\/uploads\/france_flag_by_adydesign-d3bbm9c1.jpg\"><img loading=\"lazy\" decoding=\"async\" class=\"aligncenter wp-image-8775\" src=\"http:\/\/baptist.org.md\/ro\/wp-content\/uploads\/france_flag_by_adydesign-d3bbm9c1.jpg\" alt=\"france_flag_by_adydesign-d3bbm9c\" width=\"720\" height=\"540\" srcset=\"https:\/\/baptist.org.md\/ro\/wp-content\/uploads\/france_flag_by_adydesign-d3bbm9c1.jpg 900w, https:\/\/baptist.org.md\/ro\/wp-content\/uploads\/france_flag_by_adydesign-d3bbm9c1-300x225.jpg 300w\" sizes=\"auto, (max-width: 720px) 100vw, 720px\" \/><\/a><\/p>\n<p style=\"text-align: justify;\">Cu un spirit pluralist \u015fi tolerant, textul, adoptat de 67 voturi contra la 2, inten\u0163ioneaz\u0103 s\u0103 aminteasc\u0103 c\u0103 dac\u0103 minorit\u0103\u0163ile religioase din Europa sunt victimele discrimin\u0103rii \u015fi intoleran\u0163ei, cre\u015ftinii sunt \u015fi ei victimele atacurilor de ur\u0103, f\u0103r\u0103 s\u0103 fie proteja\u0163i \u00een privin\u0163a aceasta.<\/p>\n<p style=\"text-align: justify;\">Subiectul tratatului a fost egalitatea de drepturi pentru toate confesiunile.<\/p>\n<p style=\"text-align: justify;\">Cre\u015ftinii experimenteaz\u0103 dou\u0103 feluri de injusti\u0163ie, conform autorului raportului, Valeriu Ghile\u0163chi (moldovean, Partidul Popular European, PPE). Acte de vandalism, unde ei sunt victimele primare: cimitire distruse, biserici vandalizate, preo\u0163i agresa\u0163i \u015fi credin\u0163\u0103 batjocorit\u0103. Numeroase atentate fizice \u015fi materiale sunt de asemenea identificate \u00een expunerea motivelor.<\/p>\n<p style=\"text-align: justify;\"><strong>Agresiuni \u015fi Constr\u00e2ngeri<\/strong><\/p>\n<p style=\"text-align: justify;\">Textul denun\u0163\u0103 restric\u0163iile abuzive impuse libert\u0103\u0163ii de con\u015ftiin\u0163\u0103 \u015fi exprimare a cre\u015ftinilor: episcopii sunt judeca\u0163i pentru predici nefavorabile c\u0103s\u0103toriei \u00eentre persoanele de acela\u015fi sex (Belgia, Irlanda \u015fi Spania), infirmierele sunt obligate s\u0103 execute avorturile \u00eempotriva con\u015ftiin\u0163ei lor (Norvegia), conferin\u0163ele \u015fi seminarele sunt interzise (Austria, Regatul Unit), ofi\u0163erii de stare civil\u0103 sunt obliga\u0163i s\u0103 c\u0103s\u0103toreasc\u0103 cupluri de acela\u015fi sex (Regatul Unit, \u0162\u0103rile de Jos), p\u0103rin\u0163i germani care sunt pedepsi\u0163i cu amend\u0103 sau chiar cu \u00eenchisoarea fiindc\u0103 \u015fi-au retras copiii de la cursurile de educa\u0163ie sexual\u0103.<\/p>\n<p style=\"text-align: justify;\">Raportorul citeaz\u0103 numeroase cazuri \u015fi m\u0103rturii din toat\u0103 Europa despre aceste atentate repetate la libertatea de con\u015ftiin\u0163\u0103 \u015fi religiei.<\/p>\n<p style=\"text-align: justify;\">Asupra acestei evalu\u0103ri obiective a fost r\u0103sp\u00e2ndit imediat un consens la APCE. Raportul a fost calificat &#8220;echilibrat&#8221; de c\u0103tre socialistul M. Gunnarsson \u015fi &#8220;un lucru minunat&#8221; de c\u0103tre deputatul spaniol al PPE, Dna Quintanilla.<\/p>\n<p style=\"text-align: justify;\">Amendamentele, adoptate \u00een sesiune, cer dreptul pentru comunit\u0103\u0163ile religioase de a fi recunoscute legal \u015fi de a publica opere spirituale. Turcia este vizat\u0103 \u00een mod special de aceste amendamente, fiindc\u0103 ea \u00eenc\u0103 nu recunoa\u015fte existen\u0163a Bisericii Catolice \u015fi a altor confesiuni cre\u015ftine &#8211; cele siriene \u015fi cele protestante, ceea ce constituie un veritabil obstacol la libertatea religioas\u0103.<\/p>\n<p style=\"text-align: justify;\">Un singur amendament se ar\u0103ta \u00eengrijorat de aplica\u0163ia \u2019\u2019acomod\u0103rilor rezonabile\u2019\u2019 \u015fi propunea \u2019\u2019s\u0103 supravegheze ca convingerile religioase s\u0103 nu serveasc\u0103 la justificarea discrimin\u0103rii vreunei minorit\u0103\u0163i\u2019\u2019. De exemplu, unii se tem c\u0103 autoriz\u00e2nd opozi\u0163ia con\u015ftiin\u0163ei pentru medici, femeile care doresc s\u0103 fac\u0103 avort nu vor mai putea g\u0103si unul care s\u0103 accepte s\u0103 fac\u0103 acest lucru. Dar, dup\u0103 cum explic\u0103 raportorul, faptul c\u0103 \u00een jur de 80 de func\u0163ionari cre\u015ftini din \u0162\u0103rile de Jos refuz\u0103 din 2001 s\u0103 c\u0103s\u0103toreasc\u0103 cupluri de acela\u015fi sex nu a privat niciodat\u0103 aceste cupluri de ac\u0163iunea de a fi c\u0103s\u0103torite, fiindc\u0103 solu\u0163ii \u00eentotdeauna au fost g\u0103site.<br \/>\nDoctrina acomod\u0103rilor rezonabile este relativ\u0103 \u015fi plaseaz\u0103 &#8220;conve\u0163uirea \u00eempreun\u0103&#8221; \u00een v\u00e2rful valorilor sale. Doctrina acomod\u0103rilor rezonabile recomand\u0103 tolerarea, pe c\u00e2t posibil, exprimarea \u00een spa\u0163iile publice a diferitelor convingeri ideologice \u015fi religioase. Acolo unde conceptul de &#8220;laicitate ca la francezi&#8221; devine strict pentru a limita prezen\u0163a religiei \u00een spa\u0163iul public \u015fi de a asigura monopolul g\u00e2ndirii laice, teoria acomod\u0103rilor rezonabile sus\u0163ine c\u0103 \u00eentr-un context multicultural trebuie s\u0103 dai dovad\u0103 de flexibilitate \u015fi respect fa\u0163\u0103 de convingerile tuturor, \u00een a\u015fa fel ca fiecare s\u0103 se simt\u0103 recunoscut \u015fi s\u0103 poat\u0103 tr\u0103i dup\u0103 filozofia sau religia sa, at\u00e2ta timp c\u00e2t respect\u0103 valorile democra\u0163iei.<\/p>\n<p style=\"text-align: justify;\"><strong>Opozi\u0163ia Francez\u0103<\/strong><\/p>\n<p style=\"text-align: justify;\">Dac\u0103 Domnul Kox, de la st\u00e2nga unitar\u0103 a putut s\u0103 spun\u0103 &#8220;nu sunt convins&#8221; de text, un singur deputat s-a opus cu adev\u0103rat. E vorba de francezul Yves Pozzo di Borgo (foto), care s-a f\u0103cut apostolul laicit\u0103\u0163ii franceze. Dar el nu a fost sus\u0163inut: singurul amendament laic depus, de altfel de cinci francezi, nu a fost nici m\u0103car supus votului pentru a fi ap\u0103rat. Dovad\u0103 c\u0103 g\u00e2ndirea laic\u0103 francez\u0103 e str\u0103in\u0103 restului Europei.<\/p>\n<p style=\"text-align: justify;\">De asemenea, o treime din deputa\u0163i au su\u0163inut un amendament ostil Cur\u0163ii Europene pentru Drepturile Omului, care tindea s\u0103 retrag\u0103 orice referin\u0163\u0103 la jurispruden\u0163a sa \u00een interpretarea Conven\u0163iei Europene a Drepturilor Omului referitor la drepturile p\u0103rin\u0163ilor de a educa copiii conform cu convingerile lor.<\/p>\n<p style=\"text-align: justify;\">\u00cen timpul vot\u0103rii acestei Rezolu\u0163ii a fost transmis un semnal nu doar guvernelor, ca s\u0103 aib\u0103 mai mult\u0103 grij\u0103 de libertatea religioas\u0103, ci \u015fi Cur\u0163ii \u015fi jurispruden\u0163ei acesteia care este din ce \u00een ce mai deta\u015fat\u0103 de spiritul Conven\u0163iei.<\/p>\n<p style=\"text-align: justify;\"><b>Sursa: <a href=\"http:\/\/ghiletchi.pldm.md\/2015\/02\/21\/delegatia-frantei-a-votat-impotriva-rezolutiei-privind-combaterea-intolerantei-si-discriminarea-crestinilor-in-europa\/\" target=\"_blank\">Valeriu Ghile\u0163chi<\/a><\/b><\/p>\n<p style=\"text-align: justify;\">\n","protected":false},"excerpt":{"rendered":"<p>Adunarea Parlamentar\u0103 a Consiliului Europei (APCE) a votat pe 29 ianuarie 2015 rezolu\u0163ie deputatului moldovean, Valeriu Ghile\u0163chi pentru &#8220;Combaterea intoleran\u0163ei \u015fi discriminarea cre\u015ftinilor \u00een Europa&#8221;, \u00een special atunci c\u00e2nd acestea \u00eei vizeaz\u0103 pe cre\u015ftini&#8221;.&#46;&#46;&#46;<\/p>\n","protected":false},"author":2,"featured_media":8774,"comment_status":"open","ping_status":"open","sticky":false,"template":"","format":"standard","meta":{"footnotes":""},"categories":[2,22],"tags":[527,528,610,75],"class_list":["post-8771","post","type-post","status-publish","format-standard","has-post-thumbnail","hentry","category-spiritualitate","category-externe","tag-combaterea-intolerantei","tag-discriminarea-crestinilor-in-europa","tag-rezolutie-apce","tag-valeriu-ghiletchi"],"fimg_url":"https:\/\/baptist.org.md\/ro\/wp-content\/uploads\/france_flag_by_adydesign-d3bbm9c.jpg","views":2035,"_links":{"self":[{"href":"https:\/\/baptist.org.md\/ro\/index.php?rest_route=\/wp\/v2\/posts\/8771","targetHints":{"allow":["GET"]}}],"collection":[{"href":"https:\/\/baptist.org.md\/ro\/index.php?rest_route=\/wp\/v2\/posts"}],"about":[{"href":"https:\/\/baptist.org.md\/ro\/index.php?rest_route=\/wp\/v2\/types\/post"}],"author":[{"embeddable":true,"href":"https:\/\/baptist.org.md\/ro\/index.php?rest_route=\/wp\/v2\/users\/2"}],"replies":[{"embeddable":true,"href":"https:\/\/baptist.org.md\/ro\/index.php?rest_route=%2Fwp%2Fv2%2Fcomments&post=8771"}],"version-history":[{"count":6,"href":"https:\/\/baptist.org.md\/ro\/index.php?rest_route=\/wp\/v2\/posts\/8771\/revisions"}],"predecessor-version":[{"id":8779,"href":"https:\/\/baptist.org.md\/ro\/index.php?rest_route=\/wp\/v2\/posts\/8771\/revisions\/8779"}],"wp:featuredmedia":[{"embeddable":true,"href":"https:\/\/baptist.org.md\/ro\/index.php?rest_route=\/wp\/v2\/media\/8774"}],"wp:attachment":[{"href":"https:\/\/baptist.org.md\/ro\/index.php?rest_route=%2Fwp%2Fv2%2Fmedia&parent=8771"}],"wp:term":[{"taxonomy":"category","embeddable":true,"href":"https:\/\/baptist.org.md\/ro\/index.php?rest_route=%2Fwp%2Fv2%2Fcategories&post=8771"},{"taxonomy":"post_tag","embeddable":true,"href":"https:\/\/baptist.org.md\/ro\/index.php?rest_route=%2Fwp%2Fv2%2Ftags&post=8771"}],"curies":[{"name":"wp","href":"https:\/\/api.w.org\/{rel}","templated":true}]}}