{"id":8650,"date":"2015-02-14T00:36:57","date_gmt":"2015-02-13T22:36:57","guid":{"rendered":"http:\/\/baptist.org.md\/ro\/?p=8650"},"modified":"2015-02-18T19:12:50","modified_gmt":"2015-02-18T17:12:50","slug":"o-noua-colectie-de-tablite-antice-scot-la-iveala-viata-evreilor-in-babilonul-lui-nebucadnetar","status":"publish","type":"post","link":"https:\/\/baptist.org.md\/ro\/?p=8650","title":{"rendered":"O nou\u0103 colec\u0163ie de t\u0103bli\u021be antice scot la iveal\u0103 via\u021ba evreilor \u00een Babilonul lui Nebucadne\u021bar"},"content":{"rendered":"<p style=\"text-align: justify;\"><a href=\"http:\/\/baptist.org.md\/ro\/wp-content\/uploads\/ancient-tablets.jpg\"><img loading=\"lazy\" decoding=\"async\" class=\"aligncenter size-full wp-image-8655\" src=\"http:\/\/baptist.org.md\/ro\/wp-content\/uploads\/ancient-tablets.jpg\" alt=\"ancient-tablets\" width=\"618\" height=\"340\" srcset=\"https:\/\/baptist.org.md\/ro\/wp-content\/uploads\/ancient-tablets.jpg 618w, https:\/\/baptist.org.md\/ro\/wp-content\/uploads\/ancient-tablets-300x165.jpg 300w\" sizes=\"auto, (max-width: 618px) 100vw, 618px\" \/><\/a><\/p>\n<p style=\"text-align: justify;\">O nou\u0103 expozi\u021bie de t\u0103bli\u021be antice din lut, descoperite pe teritoriul Iraqului modern, au scos la iveal\u0103 pentru prima dat\u0103 via\u021ba petrecut\u0103 de zi cu zi ale evreilor exila\u021bi la Babilon 2,500 ani \u00een urm\u0103 AC.Baza expozi\u021biei sunt tablele cuneiforme mai mult de 100 la num\u0103r,\u00a0 care nu dep\u0103\u0219esc m\u0103rimea palmei unui adult, ele demonstreaz\u0103 am\u0103nun\u021bit tranzac\u021biile \u0219i \u00een\u021belegerea dintre Iudeii convin\u0219i s\u0103 fie str\u0103muta\u021bi din Ierusalim de c\u0103tre regele Nebucadne\u021bar \u00een jurul anilor 600 AC, scrie <a href=\"http:\/\/www.charismanews.com\/world\/48245-ancient-tablets-shine-light-on-jews-in-nebuchadnezzar-s-babylon-add-to-collection\" target=\"_blank\"><strong>CharismaNews.com<\/strong><\/a><\/p>\n<p style=\"text-align: justify;\">\u00a0Arheologii au avut prima ocazie s\u0103 vad\u0103 t\u0103bli\u021beleachizi\u021bionate de c\u0103tre un colector \u00eenst\u0103rit israelian stabilit \u00een Londra, doi ani \u00een urm\u0103. Ei au stat cu sufletul la gur\u0103.<\/p>\n<p style=\"text-align: justify;\">&#8220;Am fost extrem de noroco\u0219i&#8221;, a reclamat Filip Vukosavovic, un expert \u00een Babilonul antic, Samaria \u0219i Asiria. El a asistat la expozi\u021bia din Muzeul \u021a\u0103rilor Biblice al Ierusalimului (Bible Lands Museum Jerusalem).<\/p>\n<p style=\"text-align: justify;\">&#8220;Am \u00eenceput a descifra t\u0103bli\u021bele \u0219i dup\u0103 c\u00e2teva clipe am r\u0103mas profund surprin\u0219i. Acestea completeaz\u0103 decalajul critic al \u00een\u021belegerii\/perceperii evenimentelor \u00eent\u00e2mplate din via\u021ba Iudeilor pe c\u00e2nd erau \u00een Babilon, cu cel pu\u021bin 2,500 ani \u00een urm\u0103&#8221;, a explicat Filip Vukosavovic.<\/p>\n<p style=\"text-align: justify;\">Nebucadne\u021bar, un conduc\u0103tor influent, renumit pentru Gr\u0103dinile suspendate din Babilon, venea de c\u00e2teva ori la Ierusalim cu dorin\u021ba de a r\u0103sp\u00e2ndi prestigiul \u00eemp\u0103r\u0103\u021biei sale.<\/p>\n<p style=\"text-align: justify;\">De fiecare dat\u0103 c\u00e2nd venea una dintre vizetele sale a coincis cu distrugerea primului templu din Ierusalim \u00een anii 586 AC el fie c\u0103 for\u021ba, fie c\u0103 \u00eencuraja exilul miilor de iudei.<\/p>\n<p style=\"text-align: justify;\">Un exil din 587 AC a identificat \u00een jur de 1,500 de oameni s\u0103 efectueze o c\u0103l\u0103torie riscant\u0103 prin Libanul de azi \u0219i Siria p\u00e2n\u0103 la Cornul abunden\u021bei (denumit\u0103 \u0219i semiluna fertil\u0103) din sudul Irakului, unde Iudeii se ocupau cu tranzac\u021biile, conducerea afacerilor \u0219i ajutau \u00een administrarea regatului.<\/p>\n<p style=\"text-align: justify;\">&#8220;Ei au fost liberi s\u0103 \u00ee\u0219i duc\u0103 via\u021ba dup\u0103 propriai voie, ei nu fusese sclavi. Nebucadne\u021bar nu a fost un conduc\u0103tor aspru din considerentul dat. El recuno\u0219tea c\u0103 are nevoie de ajutorul din partea Iudeilor pentru a dep\u0103\u0219i greut\u0103\u021bile economice din Babilon&#8221;, a afirmat Vukosavovic.<\/p>\n<p style=\"text-align: justify;\">T\u0103bli\u021bele, fiecare \u00eenscrise minuscul cu grafie Akkadian\u0103, expun am\u0103nun\u021bit detaliile despre: comer\u021bul de fructe \u0219i alte m\u0103rfuri, plata taxelor, sumele datorate \u0219i creditele acumulate.<\/p>\n<p style=\"text-align: justify;\">Aceast\u0103 expozi\u021bie scoate \u00een eviden\u021b\u0103 o familie de Iudei de peste patru genera\u021bii, care porne\u0219te de la tat\u0103l, Samak-Yama, fiul s\u0103u, nepotul \u0219i cei cinci copii ai nepotului, cu to\u021bii au nume Biblice Evreie\u0219ti, multe dintre acestea se folosesc \u0219i ast\u0103zi.<\/p>\n<p style=\"text-align: justify;\">&#8220;Noi \u0219tim p\u00e2n\u0103 \u0219i acele detalii care ne indic\u0103 mo\u0219tenirile f\u0103cute de cei cinci str\u0103nepo\u021bi ai familiei. Pe de o parte s-ar p\u0103rea c\u0103 sunt ni\u0219te detalii plictisitoare, dar pe de alt\u0103 parte din ele putem afla foarte multe despre oamenii exila\u021bi \u0219i via\u021ba pe care o tr\u0103iau&#8221;, a replicat Vukosavovic.<\/p>\n<p style=\"text-align: justify;\">Vukosavovic descrie t\u0103bli\u021bele fiind o completare al unui puzzle de 2,500 ani. Pe c\u00e2nd mul\u021bi dintre Iudei s-au re\u00eentors la Ierusalim atunci c\u00e2nd Babilonienii le-au permis acest lucru dup\u0103 anii 539 AC. Mul\u021bi al\u021bii au r\u0103mas \u0219i au construit o comunitate Evreiasc\u0103 dinamic\u0103, care a d\u0103inuit 2 milenii.<\/p>\n<p style=\"text-align: justify;\">&#8220;Urma\u0219ii Iudeilor r\u0103ma\u0219i \u00een Babilon, s-au re\u00eentors \u00een Israel abia \u00een anii 1950&#8221;, afirm\u0103 el, \u00een acel timp c\u00e2nd mul\u021bi din diaspore s-au mutat din Irak, Persia, Yemen \u0219i Nordul Africii \u00een statul proasp\u0103t \u00eenfiin\u021bat.<\/p>\n<p style=\"text-align: justify;\"><em><strong>Tradus de Lilia Halitov<\/strong><\/em><\/p>\n","protected":false},"excerpt":{"rendered":"<p>O nou\u0103 expozi\u021bie de t\u0103bli\u021be antice din lut, descoperite pe teritoriul Iraqului modern, au scos la iveal\u0103 pentru prima dat\u0103 via\u021ba petrecut\u0103 de zi cu zi ale evreilor exila\u021bi la Babilon 2,500 ani \u00een&#46;&#46;&#46;<\/p>\n","protected":false},"author":2,"featured_media":8655,"comment_status":"open","ping_status":"open","sticky":false,"template":"","format":"standard","meta":{"footnotes":""},"categories":[2,22],"tags":[572,571,570,569],"class_list":["post-8650","post","type-post","status-publish","format-standard","has-post-thumbnail","hentry","category-spiritualitate","category-externe","tag-babilon","tag-exilul-evreiesc","tag-nebucadnetar","tag-tablite"],"fimg_url":"https:\/\/baptist.org.md\/ro\/wp-content\/uploads\/ancient-tablets.jpg","views":2760,"_links":{"self":[{"href":"https:\/\/baptist.org.md\/ro\/index.php?rest_route=\/wp\/v2\/posts\/8650","targetHints":{"allow":["GET"]}}],"collection":[{"href":"https:\/\/baptist.org.md\/ro\/index.php?rest_route=\/wp\/v2\/posts"}],"about":[{"href":"https:\/\/baptist.org.md\/ro\/index.php?rest_route=\/wp\/v2\/types\/post"}],"author":[{"embeddable":true,"href":"https:\/\/baptist.org.md\/ro\/index.php?rest_route=\/wp\/v2\/users\/2"}],"replies":[{"embeddable":true,"href":"https:\/\/baptist.org.md\/ro\/index.php?rest_route=%2Fwp%2Fv2%2Fcomments&post=8650"}],"version-history":[{"count":7,"href":"https:\/\/baptist.org.md\/ro\/index.php?rest_route=\/wp\/v2\/posts\/8650\/revisions"}],"predecessor-version":[{"id":8675,"href":"https:\/\/baptist.org.md\/ro\/index.php?rest_route=\/wp\/v2\/posts\/8650\/revisions\/8675"}],"wp:featuredmedia":[{"embeddable":true,"href":"https:\/\/baptist.org.md\/ro\/index.php?rest_route=\/wp\/v2\/media\/8655"}],"wp:attachment":[{"href":"https:\/\/baptist.org.md\/ro\/index.php?rest_route=%2Fwp%2Fv2%2Fmedia&parent=8650"}],"wp:term":[{"taxonomy":"category","embeddable":true,"href":"https:\/\/baptist.org.md\/ro\/index.php?rest_route=%2Fwp%2Fv2%2Fcategories&post=8650"},{"taxonomy":"post_tag","embeddable":true,"href":"https:\/\/baptist.org.md\/ro\/index.php?rest_route=%2Fwp%2Fv2%2Ftags&post=8650"}],"curies":[{"name":"wp","href":"https:\/\/api.w.org\/{rel}","templated":true}]}}