{"id":8459,"date":"2015-02-03T19:26:54","date_gmt":"2015-02-03T17:26:54","guid":{"rendered":"http:\/\/baptist.org.md\/ro\/?p=8459"},"modified":"2015-02-04T22:56:58","modified_gmt":"2015-02-04T20:56:58","slug":"franta-evanghelicii-planteaza-cate-o-biserica-noua-la-fiecare-10-zile","status":"publish","type":"post","link":"https:\/\/baptist.org.md\/ro\/?p=8459","title":{"rendered":"Fran\u0163a: Evanghelicii planteaz\u0103 c\u00e2te o Biseric\u0103 nou\u0103 la fiecare 10 zile"},"content":{"rendered":"<p style=\"text-align: justify;\"><a href=\"http:\/\/baptist.org.md\/ro\/wp-content\/uploads\/DSC_5293.jpg\"><img loading=\"lazy\" decoding=\"async\" class=\"aligncenter size-large wp-image-8462\" src=\"http:\/\/baptist.org.md\/ro\/wp-content\/uploads\/DSC_5293-1024x683.jpg\" alt=\"DSC_5293\" width=\"720\" height=\"480\" srcset=\"https:\/\/baptist.org.md\/ro\/wp-content\/uploads\/DSC_5293-1024x683.jpg 1024w, https:\/\/baptist.org.md\/ro\/wp-content\/uploads\/DSC_5293-300x200.jpg 300w\" sizes=\"auto, (max-width: 720px) 100vw, 720px\" \/><\/a><\/p>\n<p style=\"text-align: justify;\">Aproape 1600 de comunit\u0103\u0163i au fost plantate din 1970. Deja 2\/3 din to\u0163i protestan\u0163ii practican\u0163i din Fran\u0163a sunt Evanghelici, relateaz\u0103 <a href=\"http:\/\/evangelicalfocus.com\/europe\/225\/France_Evangelicals_plant_new_church_every_10_days\" target=\"_blank\"><strong>Evanghelical Focus.com<\/strong><\/a><\/p>\n<p style=\"text-align: justify;\">Un nou studiu f\u0103cut de misiologistul \u015fi p\u0103storul Daniel Liechti pentru Consiliul Na\u0163ional al Evanghelicilor Francezi (CNEF) arat\u0103 ce a fost un subiect de conversa\u0163ie printre evanghelicii europeni din ultimii ani: bisericile cu o identitate biblic\u0103 clar\u0103 cresc \u00een Fran\u0163a.<\/p>\n<p style=\"text-align: justify;\">&#8220;Din 1970, aproape 1600 de biserici locale adi\u0163ionale au fost plantate \u00een Fran\u0163a. De cur\u00e2nd, num\u0103rul se ridic\u0103 la 2440, \u00een 2184 de ora\u015fe&#8221;, conform studiului, actualizat cu informa\u0163ii pentru 2015.<\/p>\n<p style=\"text-align: justify;\">Comunitatea evanghelic\u0103 reprezint\u0103 1\/3 dintre protestan\u0163ii din \u0163ar\u0103 la moment \u015fi 2\/3 dintre credincio\u015fii practican\u0163i protestan\u0163i. &#8220;Num\u0103rul evanghelicilor este de zece ori mai mare acum dec\u00e2t \u00een 1965&#8221;. Acum &#8220;o biseric\u0103 este plantat\u0103 la fiecare 10 zile&#8221;.<\/p>\n<p style=\"text-align: justify;\">Pentru a fi siguri c\u0103 informa\u0163ia nu supra-reprezint\u0103 m\u0103rimea mi\u015fc\u0103rilor evanghelice, acest studiu a identificat ca biserici locale doar &#8220;acelea care sunt destul de structurate ca s\u0103 ofere servicii de sf\u00e2r\u015fit de s\u0103pt\u0103m\u00e2n\u0103 cel pu\u0163in de trei ori pe lun\u0103&#8221;.<\/p>\n<p style=\"text-align: justify;\">\u00cen acest moment, este posibil de a g\u0103si o biseric\u0103 evanghelic\u0103 la o distan\u0163\u0103 de 30 minute cu ma\u015fina \u00een 87% din suprafa\u0163a Fran\u0163ei. Dac\u0103 reducem timpul de c\u0103l\u0103torie la 15 minute, 42% dintre cet\u0103\u0163enii francezi au o biseric\u0103 evanghelic\u0103 la acea distan\u0163\u0103. Conform studiului, Adun\u0103rile Lui Dumnezeu (414 biserici), Misiunea Evanghelic\u0103 a \u0162iganilor (220 biserici), Federa\u0163ia Baptist\u0103 (120 biserici) \u015fi Adunarea Fra\u0163ilor (103) sunt cele mai extinse denomina\u0163ii din \u0163ar\u0103.<\/p>\n<p style=\"text-align: justify;\"><a href=\"http:\/\/baptist.org.md\/ro\/wp-content\/uploads\/54c78318a83b5_COvertureterritoire420.jpg\"><img loading=\"lazy\" decoding=\"async\" class=\"aligncenter size-full wp-image-8461\" src=\"http:\/\/baptist.org.md\/ro\/wp-content\/uploads\/54c78318a83b5_COvertureterritoire420.jpg\" alt=\"54c78318a83b5_COvertureterritoire420\" width=\"420\" height=\"480\" srcset=\"https:\/\/baptist.org.md\/ro\/wp-content\/uploads\/54c78318a83b5_COvertureterritoire420.jpg 420w, https:\/\/baptist.org.md\/ro\/wp-content\/uploads\/54c78318a83b5_COvertureterritoire420-262x300.jpg 262w\" sizes=\"auto, (max-width: 420px) 100vw, 420px\" \/><\/a><\/p>\n<p style=\"text-align: justify;\">NOT\u0102: Pentru cei care cunoa\u015fte\u0163i limba francez\u0103, pute\u0163i vedea \u00eentreg <a href=\"http:\/\/www.lecnef.org\/images\/acymailing\/livret_statistiques_cnef_2015_web.pdf\" target=\"_blank\"><strong>studiul AICI<\/strong><\/a>.<\/p>\n","protected":false},"excerpt":{"rendered":"<p>Aproape 1600 de comunit\u0103\u0163i au fost plantate din 1970. Deja 2\/3 din to\u0163i protestan\u0163ii practican\u0163i din Fran\u0163a sunt Evanghelici, relateaz\u0103 Evanghelical Focus.com Un nou studiu f\u0103cut de misiologistul \u015fi p\u0103storul Daniel Liechti pentru Consiliul&#46;&#46;&#46;<\/p>\n","protected":false},"author":2,"featured_media":8462,"comment_status":"open","ping_status":"open","sticky":false,"template":"","format":"standard","meta":{"footnotes":""},"categories":[22,1],"tags":[518,519,520],"class_list":["post-8459","post","type-post","status-publish","format-standard","has-post-thumbnail","hentry","category-externe","category-uncategorized","tag-biserici-evanghelice","tag-franta","tag-plantare-de-biserici"],"fimg_url":"https:\/\/baptist.org.md\/ro\/wp-content\/uploads\/DSC_5293.jpg","views":2958,"_links":{"self":[{"href":"https:\/\/baptist.org.md\/ro\/index.php?rest_route=\/wp\/v2\/posts\/8459","targetHints":{"allow":["GET"]}}],"collection":[{"href":"https:\/\/baptist.org.md\/ro\/index.php?rest_route=\/wp\/v2\/posts"}],"about":[{"href":"https:\/\/baptist.org.md\/ro\/index.php?rest_route=\/wp\/v2\/types\/post"}],"author":[{"embeddable":true,"href":"https:\/\/baptist.org.md\/ro\/index.php?rest_route=\/wp\/v2\/users\/2"}],"replies":[{"embeddable":true,"href":"https:\/\/baptist.org.md\/ro\/index.php?rest_route=%2Fwp%2Fv2%2Fcomments&post=8459"}],"version-history":[{"count":2,"href":"https:\/\/baptist.org.md\/ro\/index.php?rest_route=\/wp\/v2\/posts\/8459\/revisions"}],"predecessor-version":[{"id":8463,"href":"https:\/\/baptist.org.md\/ro\/index.php?rest_route=\/wp\/v2\/posts\/8459\/revisions\/8463"}],"wp:featuredmedia":[{"embeddable":true,"href":"https:\/\/baptist.org.md\/ro\/index.php?rest_route=\/wp\/v2\/media\/8462"}],"wp:attachment":[{"href":"https:\/\/baptist.org.md\/ro\/index.php?rest_route=%2Fwp%2Fv2%2Fmedia&parent=8459"}],"wp:term":[{"taxonomy":"category","embeddable":true,"href":"https:\/\/baptist.org.md\/ro\/index.php?rest_route=%2Fwp%2Fv2%2Fcategories&post=8459"},{"taxonomy":"post_tag","embeddable":true,"href":"https:\/\/baptist.org.md\/ro\/index.php?rest_route=%2Fwp%2Fv2%2Ftags&post=8459"}],"curies":[{"name":"wp","href":"https:\/\/api.w.org\/{rel}","templated":true}]}}