{"id":8444,"date":"2015-02-01T16:06:12","date_gmt":"2015-02-01T14:06:12","guid":{"rendered":"http:\/\/baptist.org.md\/ro\/?p=8444"},"modified":"2015-02-03T19:29:20","modified_gmt":"2015-02-03T17:29:20","slug":"benjamin-netanyahu-cei-din-spatele-atacului-vor-plati-pretul-intreg","status":"publish","type":"post","link":"https:\/\/baptist.org.md\/ro\/?p=8444","title":{"rendered":"Benjamin Netanyahu: &#8220;Cei din spatele atacului vor pl\u0103ti pre\u0163ul \u00eentreg&#8221;"},"content":{"rendered":"<p style=\"text-align: justify;\"><a href=\"http:\/\/baptist.org.md\/ro\/wp-content\/uploads\/netanyahu.jpg\"><img loading=\"lazy\" decoding=\"async\" class=\"alignright size-medium wp-image-8445\" src=\"http:\/\/baptist.org.md\/ro\/wp-content\/uploads\/netanyahu-300x200.jpg\" alt=\"netanyahu\" width=\"300\" height=\"200\" srcset=\"https:\/\/baptist.org.md\/ro\/wp-content\/uploads\/netanyahu-300x200.jpg 300w, https:\/\/baptist.org.md\/ro\/wp-content\/uploads\/netanyahu-1024x682.jpg 1024w, https:\/\/baptist.org.md\/ro\/wp-content\/uploads\/netanyahu.jpg 1200w\" sizes=\"auto, (max-width: 300px) 100vw, 300px\" \/><\/a>O zi dup\u0103 ce doi solda\u0163i ai For\u0163elor de Ap\u0103rare Israeliene au fost omor\u00e2\u0163i de rachetele anti-tanc Hezbollah la grani\u0163a de nord, Prim-ministrul Benjamin Netanyahu a acuzat Iranul ca fiind responsabil de atac, anun\u0163\u0103\u00a0<a href=\"http:\/\/www.stiricrestine.ro\/2015\/02\/01\/netanyahu-cei-din-spatele-atacului-vor-plati-pretul-intreg\/\" target=\"_blank\"><strong>\u015etiriCre\u015ftine.ro<\/strong><\/a><\/p>\n<p style=\"text-align: justify;\">&#8220;Iranul se afl\u0103 \u00een spatele atacului de ieri. Acela\u015fi Iran care acum \u00eencearc\u0103 s\u0103 negocieze o \u00een\u0163elegere cu puterile lumii care \u00eei va permite s\u0103 dezvolte arme nucleare. Noi suntem ferm \u00eempotriva acestui acord&#8221;, a declarat Netanyahu la un serviciu memorial \u00een cinstea fostului Prim ministru Ariel Sharon.<\/p>\n<p style=\"text-align: justify;\">Netanyahu l-a citat pe Sharon, care a spus c\u0103 puterile radicale din regiune \u00ee\u015fi concentrau eforturile pe dou\u0103 direc\u0163ii: arme de distrugere \u00een mas\u0103 \u015fi sponsorizarea terorismului din Liban, din Autoritatea Palestinian\u0103 \u015fi din restul lumii.<\/p>\n<p style=\"text-align: justify;\">&#8220;Aceast\u0103 putere radical\u0103 de care vorbea Ariel Sharon a fost, \u015fi \u00eenc\u0103 este Iran. Ast\u0103zi Iran este cel care \u00eenarmeaz\u0103, organizeaz\u0103, sponsorizeaz\u0103 \u015fi trimite sateli\u0163ii terori\u015fti la grani\u0163ele noastre, la nord \u015fi sud&#8221;, a spus Netanyahu.<\/p>\n<p style=\"text-align: justify;\">Miercuri, imediat dup\u0103 atac, Netanyahu a spus c\u0103 &#8220;cei din spatele atacului de azi vor pl\u0103ti pre\u0163ul \u00eentreg&#8221;. Netanyahu a f\u0103cut remarcile c\u00e2nd s-a \u00eent\u00e2lnit cu \u015fefii de securitate la un briefing de urgen\u0163\u0103 referitor la atacul mortal, \u00een aparen\u0163\u0103 o r\u0103zbunare pentru atacurile aeriene din Siria din 18 ianuarie \u00een care lupt\u0103tori de elit\u0103 iranieni \u015fi Hezbollah au fost uci\u015fi. Hezbollah \u015fi Iran au atribuit lovitura Israelului \u015fi au declarat c\u0103 vor r\u0103zbuna mor\u0163ile.<\/p>\n<p style=\"text-align: justify;\"><a href=\"http:\/\/baptist.org.md\/ro\/wp-content\/uploads\/WEB-Reuters-Israel-Funeral-Photog-Nir-Elias.jpg\"><img loading=\"lazy\" decoding=\"async\" class=\"aligncenter size-full wp-image-8446\" src=\"http:\/\/baptist.org.md\/ro\/wp-content\/uploads\/WEB-Reuters-Israel-Funeral-Photog-Nir-Elias.jpg\" alt=\"WEB-Reuters-Israel-Funeral-Photog-Nir-Elias\" width=\"618\" height=\"341\" srcset=\"https:\/\/baptist.org.md\/ro\/wp-content\/uploads\/WEB-Reuters-Israel-Funeral-Photog-Nir-Elias.jpg 618w, https:\/\/baptist.org.md\/ro\/wp-content\/uploads\/WEB-Reuters-Israel-Funeral-Photog-Nir-Elias-300x165.jpg 300w\" sizes=\"auto, (max-width: 618px) 100vw, 618px\" \/><\/a><\/p>\n<p style=\"text-align: justify;\">&#8220;De ceva vreme, Iran &#8211; prin Hezbollah &#8211; a \u00eencercat s\u0103 stabileasc\u0103 un alt front terorist \u00eempotriva noastr\u0103 de pe \u00cen\u0103l\u0163imile Golan. Noi lu\u0103m ac\u0163iuni puternice \u015fi responsabile \u00eempotriva acestei \u00eencerc\u0103ri&#8221;, a mai ad\u0103ugat Netanyahu.<\/p>\n<p style=\"text-align: justify;\">&#8220;Guvernul Libanez \u015fi regimul Assad \u00eempart responsabilitatea pentru consecin\u0163ele atacurilor care vin de pe teritoriile lor \u00eempotriva Statului Israel. \u00cen toate aceste evenimente, misiunea noastr\u0103 este s\u0103 ap\u0103r\u0103m Statul Israel. Unica noastr\u0103 considera\u0163ie este securitatea Statului Israel \u015fi cet\u0103\u0163enii acestuia. \u00cen acest fel am ac\u0163ionat \u015fi tot a\u015fa vom continua s\u0103 ac\u0163ion\u0103m&#8221;.<\/p>\n<p style=\"text-align: justify;\">Continua\u0163i s\u0103 citi\u0163i detalii pe <a href=\"http:\/\/www.stiricrestine.ro\/2015\/02\/01\/netanyahu-cei-din-spatele-atacului-vor-plati-pretul-intreg\/\" target=\"_blank\"><strong>\u015etiriCre\u015ftine.ro<\/strong><\/a><\/p>\n","protected":false},"excerpt":{"rendered":"<p>O zi dup\u0103 ce doi solda\u0163i ai For\u0163elor de Ap\u0103rare Israeliene au fost omor\u00e2\u0163i de rachetele anti-tanc Hezbollah la grani\u0163a de nord, Prim-ministrul Benjamin Netanyahu a acuzat Iranul ca fiind responsabil de atac, anun\u0163\u0103\u00a0\u015etiriCre\u015ftine.ro&#46;&#46;&#46;<\/p>\n","protected":false},"author":2,"featured_media":8445,"comment_status":"open","ping_status":"open","sticky":false,"template":"","format":"standard","meta":{"footnotes":""},"categories":[513,22],"tags":[517,515,516],"class_list":["post-8444","post","type-post","status-publish","format-standard","has-post-thumbnail","hentry","category-nevoi-de-rugaciune","category-externe","tag-atac-armat","tag-benjamin-netanyahu","tag-israel"],"fimg_url":"https:\/\/baptist.org.md\/ro\/wp-content\/uploads\/netanyahu.jpg","views":1969,"_links":{"self":[{"href":"https:\/\/baptist.org.md\/ro\/index.php?rest_route=\/wp\/v2\/posts\/8444","targetHints":{"allow":["GET"]}}],"collection":[{"href":"https:\/\/baptist.org.md\/ro\/index.php?rest_route=\/wp\/v2\/posts"}],"about":[{"href":"https:\/\/baptist.org.md\/ro\/index.php?rest_route=\/wp\/v2\/types\/post"}],"author":[{"embeddable":true,"href":"https:\/\/baptist.org.md\/ro\/index.php?rest_route=\/wp\/v2\/users\/2"}],"replies":[{"embeddable":true,"href":"https:\/\/baptist.org.md\/ro\/index.php?rest_route=%2Fwp%2Fv2%2Fcomments&post=8444"}],"version-history":[{"count":2,"href":"https:\/\/baptist.org.md\/ro\/index.php?rest_route=\/wp\/v2\/posts\/8444\/revisions"}],"predecessor-version":[{"id":8448,"href":"https:\/\/baptist.org.md\/ro\/index.php?rest_route=\/wp\/v2\/posts\/8444\/revisions\/8448"}],"wp:featuredmedia":[{"embeddable":true,"href":"https:\/\/baptist.org.md\/ro\/index.php?rest_route=\/wp\/v2\/media\/8445"}],"wp:attachment":[{"href":"https:\/\/baptist.org.md\/ro\/index.php?rest_route=%2Fwp%2Fv2%2Fmedia&parent=8444"}],"wp:term":[{"taxonomy":"category","embeddable":true,"href":"https:\/\/baptist.org.md\/ro\/index.php?rest_route=%2Fwp%2Fv2%2Fcategories&post=8444"},{"taxonomy":"post_tag","embeddable":true,"href":"https:\/\/baptist.org.md\/ro\/index.php?rest_route=%2Fwp%2Fv2%2Ftags&post=8444"}],"curies":[{"name":"wp","href":"https:\/\/api.w.org\/{rel}","templated":true}]}}