{"id":8360,"date":"2015-01-23T17:44:21","date_gmt":"2015-01-23T15:44:21","guid":{"rendered":"http:\/\/baptist.org.md\/ro\/?p=8360"},"modified":"2015-01-30T17:50:27","modified_gmt":"2015-01-30T15:50:27","slug":"31-ianuarie-zi-de-post-si-innoire-spirituala-pentru-slujitorii-din-regiunea-chisinaului","status":"publish","type":"post","link":"https:\/\/baptist.org.md\/ro\/?p=8360","title":{"rendered":"31 ianuarie \u2013 Zi de Post \u0219i \u00cennoire Spiritual\u0103 pentru slujitorii din regiunea Chi\u0219in\u0103ului"},"content":{"rendered":"<p style=\"text-align: justify;\"><a href=\"http:\/\/baptist.org.md\/ro\/wp-content\/uploads\/15md.jpg\"><img loading=\"lazy\" decoding=\"async\" class=\"aligncenter size-full wp-image-8203\" src=\"http:\/\/baptist.org.md\/ro\/wp-content\/uploads\/15md.jpg\" alt=\"15md\" width=\"720\" height=\"340\" srcset=\"https:\/\/baptist.org.md\/ro\/wp-content\/uploads\/15md.jpg 720w, https:\/\/baptist.org.md\/ro\/wp-content\/uploads\/15md-300x141.jpg 300w, https:\/\/baptist.org.md\/ro\/wp-content\/uploads\/15md-520x245.jpg 520w\" sizes=\"auto, (max-width: 720px) 100vw, 720px\" \/><\/a><\/p>\n<p style=\"text-align: justify;\">Anul \u00cennoirii Spirituale aduce cu sine un \u015fir de evenimente \u00een\u0103l\u0163\u0103toare ce au menirea s\u0103 ne apropie de Dumnezeu, s\u0103 re\u00eennoiasc\u0103 rela\u0163ia noastr\u0103 cu Tat\u0103l, Fiul \u015fi Duhul Sf\u00e2nt. Ultima s\u00e2mb\u0103t\u0103 din ianuarie, slujitorii din regiunea de Chi\u015fin\u0103u se adun\u0103 \u00een post \u015fi rug\u0103ciune pentru re\u00eennoire spiritual\u0103.<\/p>\n<p style=\"text-align: justify;\">Pe 31 ianuarie, biserica &#8220;Betania&#8221; g\u0103zduie\u015fte un eveniment special pentru pastori, lideri de tineret, predicatori \u015fi diaconi. La eveniment sunt invita\u0163i to\u0163i slujitorii din biserici din Chi\u015fin\u0103u \u015fi suburbiile dimprejur.<\/p>\n<p style=\"text-align: justify;\">Conducerea Uniunii Bisericilor Cre\u015ftine Evanghelice Baptiste din Republica Moldova \u00eendeamn\u0103 to\u0163i cre\u015ftinii s\u0103 st\u0103ruie \u00een rug\u0103ciune pentru \u00eennoirea spiritual\u0103 a inimilor noastre cu bucuria m\u00e2ntuirii, dragostea dint\u00e2i, sete dup\u0103 Cuv\u00e2ntul Lui \u015fi o dorin\u0163\u0103 fierbinte de a ne dedica slujirii Lui.<\/p>\n<p style=\"text-align: justify;\">Noi credem c\u0103 prin poc\u0103in\u0163\u0103 \u015fi perseveren\u0163\u0103 \u00een sfin\u0163enie, Dumnezeu poate transforma via\u0163a noastr\u0103 tot mai asemenea Fiului S\u0103u, devenind sfin\u0163i \u015fi un bun exemplu pentru cei din jur.<\/p>\n<p style=\"text-align: justify;\">Un apel special lans\u0103m pastorilor, pentru care ne rug\u0103m \u00een aceast\u0103 lun\u0103, s\u0103 preg\u0103teasc\u0103 mesaje cu motiva\u0163ie la \u00eennoire spiritual\u0103. Chem\u0103m to\u0163i cre\u015ftinii din comunitatea noastr\u0103 s\u0103 posteasc\u0103 \u015fi s\u0103 se roage ca Dumnezeu s\u0103 re\u00eennoiasc\u0103 vie\u0163ile noastre.<\/p>\n<p style=\"text-align: justify;\">Tot mai multe \u015ftiri din lumea \u00eentreag\u0103 ne confirm\u0103 din nou \u015fi din nou c\u0103 revenirea Domnului Isus este foarte aproape. De aceea, haide\u0163i s\u0103 st\u0103ruim ne preg\u0103tim pentru m\u0103rea\u0163a \u00eent\u00e2lnire cu El.<\/p>\n<p style=\"text-align: justify;\">\u00cen luna ianuarie ne rug\u0103m pentru binecuv\u00e2ntarea \u015fi protec\u0163ia liderilor spirituali: pastori, diaconi, misionarii, liderii de tineret. \u00cen mod special ne vor ruga ca fiecare slujitor s\u0103 poat\u0103 avea m\u0103car un ucenic, pe care s\u0103 \u00eel preg\u0103teasc\u0103 ca t\u00e2n\u0103r slujitor pentru c\u00e2mpul Evangheliei.<\/p>\n<p style=\"text-align: justify;\">Mai multe motive de rug\u0103ciune pentru slujitori vede\u0163i la <a href=\"http:\/\/baptist.org.md\/ro\/?page_id=1826\" target=\"_blank\"><strong>\u015etafeta Rug\u0103ciunii<\/strong><\/a>. Mai multe detalii despre <a href=\"http:\/\/baptist.org.md\/ro\/?cat=464\" target=\"_blank\"><strong>&#8220;Anul \u00cennoirii Spirituale&#8221;<\/strong><\/a> vede\u0163i la pagina ACTUAL.<\/p>\n<p style=\"text-align: justify;\">\n","protected":false},"excerpt":{"rendered":"<p>Anul \u00cennoirii Spirituale aduce cu sine un \u015fir de evenimente \u00een\u0103l\u0163\u0103toare ce au menirea s\u0103 ne apropie de Dumnezeu, s\u0103 re\u00eennoiasc\u0103 rela\u0163ia noastr\u0103 cu Tat\u0103l, Fiul \u015fi Duhul Sf\u00e2nt. Ultima s\u00e2mb\u0103t\u0103 din ianuarie, slujitorii&#46;&#46;&#46;<\/p>\n","protected":false},"author":2,"featured_media":8203,"comment_status":"open","ping_status":"open","sticky":false,"template":"","format":"standard","meta":{"footnotes":""},"categories":[464,77,23],"tags":[1593,187,504,228,114],"class_list":["post-8360","post","type-post","status-publish","format-standard","has-post-thumbnail","hentry","category-anul-innoirii-spirituale","category-slides","category-interne","tag-anul-innoirii-spirituale","tag-motive-de-rugaciune","tag-pastorii","tag-post-si-rugaciune","tag-uniunea-baptista"],"fimg_url":"https:\/\/baptist.org.md\/ro\/wp-content\/uploads\/15md.jpg","views":2120,"_links":{"self":[{"href":"https:\/\/baptist.org.md\/ro\/index.php?rest_route=\/wp\/v2\/posts\/8360","targetHints":{"allow":["GET"]}}],"collection":[{"href":"https:\/\/baptist.org.md\/ro\/index.php?rest_route=\/wp\/v2\/posts"}],"about":[{"href":"https:\/\/baptist.org.md\/ro\/index.php?rest_route=\/wp\/v2\/types\/post"}],"author":[{"embeddable":true,"href":"https:\/\/baptist.org.md\/ro\/index.php?rest_route=\/wp\/v2\/users\/2"}],"replies":[{"embeddable":true,"href":"https:\/\/baptist.org.md\/ro\/index.php?rest_route=%2Fwp%2Fv2%2Fcomments&post=8360"}],"version-history":[{"count":2,"href":"https:\/\/baptist.org.md\/ro\/index.php?rest_route=\/wp\/v2\/posts\/8360\/revisions"}],"predecessor-version":[{"id":8380,"href":"https:\/\/baptist.org.md\/ro\/index.php?rest_route=\/wp\/v2\/posts\/8360\/revisions\/8380"}],"wp:featuredmedia":[{"embeddable":true,"href":"https:\/\/baptist.org.md\/ro\/index.php?rest_route=\/wp\/v2\/media\/8203"}],"wp:attachment":[{"href":"https:\/\/baptist.org.md\/ro\/index.php?rest_route=%2Fwp%2Fv2%2Fmedia&parent=8360"}],"wp:term":[{"taxonomy":"category","embeddable":true,"href":"https:\/\/baptist.org.md\/ro\/index.php?rest_route=%2Fwp%2Fv2%2Fcategories&post=8360"},{"taxonomy":"post_tag","embeddable":true,"href":"https:\/\/baptist.org.md\/ro\/index.php?rest_route=%2Fwp%2Fv2%2Ftags&post=8360"}],"curies":[{"name":"wp","href":"https:\/\/api.w.org\/{rel}","templated":true}]}}