{"id":7966,"date":"2015-01-01T07:00:17","date_gmt":"2015-01-01T05:00:17","guid":{"rendered":"http:\/\/baptist.org.md\/ro\/?p=7966"},"modified":"2014-12-16T16:12:58","modified_gmt":"2014-12-16T14:12:58","slug":"devotionalul-zilei-umplut-cu-cristos","status":"publish","type":"post","link":"https:\/\/baptist.org.md\/ro\/?p=7966","title":{"rendered":"Devo\u0163ionalul zilei: &#8220;Umplut cu Cristos&#8221;"},"content":{"rendered":"<p style=\"text-align: right;\"><em><strong>&#8220;&#8230;Uit\u00e2nd ce este \u00een urma mea \u0219i arunc\u00e2ndu-m\u0103 spre ce este \u00eenainte.&#8221;<\/strong><\/em><br \/>\n<em><strong>Filipeni 3:13<\/strong><\/em><\/p>\n<p style=\"text-align: justify;\"><a href=\"http:\/\/baptist.org.md\/ro\/wp-content\/uploads\/fericire.jpg\"><img loading=\"lazy\" decoding=\"async\" class=\"aligncenter size-full wp-image-7521\" src=\"http:\/\/baptist.org.md\/ro\/wp-content\/uploads\/fericire.jpg\" alt=\"fericire\" width=\"615\" height=\"300\" srcset=\"https:\/\/baptist.org.md\/ro\/wp-content\/uploads\/fericire.jpg 615w, https:\/\/baptist.org.md\/ro\/wp-content\/uploads\/fericire-300x146.jpg 300w\" sizes=\"auto, (max-width: 615px) 100vw, 615px\" \/><\/a><\/p>\n<p style=\"text-align: justify;\">C\u00e2nd \u00eentoarcem calendarul pentru un nou an, venim fa\u021b\u0103 \u00een fa\u021b\u0103 cu faptul c\u0103 zilele noastre pe p\u0103m\u00e2nt sunt num\u0103rate. A\u0219a cum psalmistul scria: \u201d\u00cenva\u021b\u0103-ne s\u0103 ne num\u0103ram bine zilele, ca s\u0103 c\u0103p\u0103t\u0103m o inim\u0103 \u00een\u021beleapt\u0103.\u201d Nici o persoan\u0103 cu cuget nu poate s\u0103 abordeze ziua de anul nou f\u0103r\u0103 pu\u021bin\u0103 introspec\u021bie. Ne este amintit\u0103 scurtimea timpului. Ne uit\u0103m deasemenea \u00een urm\u0103 la e\u0219ecurile noastre, gre\u0219elile \u0219i oportunit\u0103\u021bile ratate \u0219i promitem s\u0103 ne folosim timpul mai bine \u00een anul care vine. Ar trebui s\u0103 ne facem timp s\u0103 fim dr\u0103gu\u021bi, s\u0103 z\u00e2mbim, s\u0103 l\u0103rgim num\u0103rul de polite\u021buri mici pe care des le omitem, s\u0103 ar\u0103t\u0103m drgoste familiilor noastre. Psihiatrii ne spun c\u0103 majoritatea oamenilor sunt f\u0103m\u00e2nzi dup\u0103 dragoste. F\u0103-\u021bi timp pentru s\u0103rut\u0103rile de revedere; ar trebui s\u0103 ne ducem la munc\u0103 cu un spirit mai bl\u00e2nd. Haide\u0163i s\u0103 ne facem timp s\u0103 ne cunoa\u015ftem familiile. Nu suntem ma\u015fini. Nu suntem robo\u0163i. Secretul unui c\u0103min fericit este ca membrii familiei s\u0103 \u00eenve\u0163e s\u0103 dea \u015fi s\u0103 primeasc\u0103 dragoste.Haide\u0163i s\u0103 ne facem timp s\u0103 ne exprim\u0103m dragostea \u00eentr-o mie de feluri.<\/p>\n<p style=\"text-align: justify;\"><strong>Rug\u0103ciunea zilei:<\/strong><\/p>\n<p style=\"text-align: justify;\">A\u015fa cum \u00eencep un nou an, Doamne Isuse, m\u0103 rog ca drumul meu \u00een zilele care vin s\u0103 fie umplut cu dragostea Ta pentru al\u0163ii, o dragoste care nu m\u0103soar\u0103 pre\u0163ul.<\/p>\n<p style=\"text-align: justify;\">Sursa: <strong>B<a href=\"http:\/\/billygraham.org\/devotions\/\" target=\"_blank\">illy Graham.org<\/a><\/strong><\/p>\n<p><strong>\u00a0<\/strong><\/p>\n","protected":false},"excerpt":{"rendered":"<p>&#8220;&#8230;Uit\u00e2nd ce este \u00een urma mea \u0219i arunc\u00e2ndu-m\u0103 spre ce este \u00eenainte.&#8221; Filipeni 3:13 C\u00e2nd \u00eentoarcem calendarul pentru un nou an, venim fa\u021b\u0103 \u00een fa\u021b\u0103 cu faptul c\u0103 zilele noastre pe p\u0103m\u00e2nt sunt num\u0103rate.&#46;&#46;&#46;<\/p>\n","protected":false},"author":2,"featured_media":7521,"comment_status":"open","ping_status":"open","sticky":false,"template":"","format":"standard","meta":{"footnotes":""},"categories":[2,26],"tags":[213,270,272,422],"class_list":["post-7966","post","type-post","status-publish","format-standard","has-post-thumbnail","hentry","category-spiritualitate","category-tineret-resurse","tag-billy-graham","tag-devotionalul-zilei","tag-rugaciunea-de-dimineata","tag-umplut-cu-cristos"],"fimg_url":"https:\/\/baptist.org.md\/ro\/wp-content\/uploads\/fericire.jpg","views":1390,"_links":{"self":[{"href":"https:\/\/baptist.org.md\/ro\/index.php?rest_route=\/wp\/v2\/posts\/7966","targetHints":{"allow":["GET"]}}],"collection":[{"href":"https:\/\/baptist.org.md\/ro\/index.php?rest_route=\/wp\/v2\/posts"}],"about":[{"href":"https:\/\/baptist.org.md\/ro\/index.php?rest_route=\/wp\/v2\/types\/post"}],"author":[{"embeddable":true,"href":"https:\/\/baptist.org.md\/ro\/index.php?rest_route=\/wp\/v2\/users\/2"}],"replies":[{"embeddable":true,"href":"https:\/\/baptist.org.md\/ro\/index.php?rest_route=%2Fwp%2Fv2%2Fcomments&post=7966"}],"version-history":[{"count":5,"href":"https:\/\/baptist.org.md\/ro\/index.php?rest_route=\/wp\/v2\/posts\/7966\/revisions"}],"predecessor-version":[{"id":7971,"href":"https:\/\/baptist.org.md\/ro\/index.php?rest_route=\/wp\/v2\/posts\/7966\/revisions\/7971"}],"wp:featuredmedia":[{"embeddable":true,"href":"https:\/\/baptist.org.md\/ro\/index.php?rest_route=\/wp\/v2\/media\/7521"}],"wp:attachment":[{"href":"https:\/\/baptist.org.md\/ro\/index.php?rest_route=%2Fwp%2Fv2%2Fmedia&parent=7966"}],"wp:term":[{"taxonomy":"category","embeddable":true,"href":"https:\/\/baptist.org.md\/ro\/index.php?rest_route=%2Fwp%2Fv2%2Fcategories&post=7966"},{"taxonomy":"post_tag","embeddable":true,"href":"https:\/\/baptist.org.md\/ro\/index.php?rest_route=%2Fwp%2Fv2%2Ftags&post=7966"}],"curies":[{"name":"wp","href":"https:\/\/api.w.org\/{rel}","templated":true}]}}