{"id":7905,"date":"2014-12-13T23:16:01","date_gmt":"2014-12-13T21:16:01","guid":{"rendered":"http:\/\/baptist.org.md\/ro\/?p=7905"},"modified":"2014-12-14T00:01:45","modified_gmt":"2014-12-13T22:01:45","slug":"conferinta-regionala-de-tineret-nascut-pentru-tine","status":"publish","type":"post","link":"https:\/\/baptist.org.md\/ro\/?p=7905","title":{"rendered":"Conferin\u021ba regional\u0103 de tineret: &#8220;N\u0103scut pentru tine&#8221;"},"content":{"rendered":"<p style=\"text-align: justify;\"><img loading=\"lazy\" decoding=\"async\" class=\"aligncenter size-large wp-image-7922\" src=\"http:\/\/baptist.org.md\/ro\/wp-content\/uploads\/DSC09411-1024x679.jpg\" alt=\"DSC09411\" width=\"720\" height=\"477\" srcset=\"https:\/\/baptist.org.md\/ro\/wp-content\/uploads\/DSC09411-1024x679.jpg 1024w, https:\/\/baptist.org.md\/ro\/wp-content\/uploads\/DSC09411-300x199.jpg 300w\" sizes=\"auto, (max-width: 720px) 100vw, 720px\" \/><\/p>\n<p style=\"text-align: justify;\">Peste 150 de tineri au gustat din\u00a0atmosfera s\u0103rb\u0103torilor de iarn\u0103 ce \u00eencepe s\u0103 ne cuprind\u0103 tot mai mult cu feeria ei magic\u0103. Ultima \u00eent\u00e2lnire de tineret din anul 2014, tinerii din Comunitatea Bugeac au decis s\u0103 o dedice preg\u0103tirii pentru na\u015fterea M\u00e2ntuitorului \u015fi s\u0103rb\u0103torirea zilei Sale, a\u015fa cum se cuvine. S\u00e2mb\u0103t\u0103, 13 decembrie, biserica &#8220;Golgota&#8221; din Basarabeasca a g\u0103zduit conferin\u0163a regional\u0103 cu tema: &#8220;N\u0103scut pentru tine&#8221;.<\/p>\n<p style=\"text-align: justify;\"><img loading=\"lazy\" decoding=\"async\" class=\"alignleft size-medium wp-image-7921\" src=\"http:\/\/baptist.org.md\/ro\/wp-content\/uploads\/DSC09382-300x199.jpg\" alt=\"DSC09382\" width=\"300\" height=\"199\" srcset=\"https:\/\/baptist.org.md\/ro\/wp-content\/uploads\/DSC09382-300x199.jpg 300w, https:\/\/baptist.org.md\/ro\/wp-content\/uploads\/DSC09382-1024x679.jpg 1024w\" sizes=\"auto, (max-width: 300px) 100vw, 300px\" \/>\u00cenchinarea a fost condus\u0103 de grupul Departamentului Tineret din cadrul Uniunii Bisericilor Cre\u015ftine Evanghelice Baptiste (UBCEB) <strong>&#8220;Din \u00cenalt&#8221;<\/strong>, condus de liderul na\u0163ional, Vitalie Carabe\u0163.<\/p>\n<p style=\"text-align: justify;\">\u00cen deschiderea conferin\u0163ei, pastorul bisericii locale, Ion Secar\u0103 s-a adresat tinerilor cu un \u00eendemn, sf\u0103tuind tinerii s\u0103 st\u0103ruie \u00een studierea Cuv\u00e2ntului lui Dumnezeu \u015fi s\u0103 nu treac\u0103 de limitele trasate de Scripturi \u00een purtare, g\u00e2ndire, vorbire. S\u0103 nu urmeze exemplul celor care nu tr\u0103iesc \u00een mod autentic via\u021ba de cre\u0219tin \u0219i se r\u0103t\u0103cesc \u00een diferite \u00eenv\u0103\u0163\u0103turi, deviind de la adev\u0103rul Biblic. \u015ei \u00een al treilea r\u00e2nd, a insistat Ion Secar\u0103, s\u0103 v\u0103 folosi\u0163i talentele pentru glorificarea \u015fi slujirea lui Dumnezeu.\u00a0<a href=\"http:\/\/baptist.org.md\/ro\/wp-content\/uploads\/DSC09464.jpg\"><img loading=\"lazy\" decoding=\"async\" class=\"alignright size-medium wp-image-7923\" src=\"http:\/\/baptist.org.md\/ro\/wp-content\/uploads\/DSC09464-300x199.jpg\" alt=\"DSC09464\" width=\"300\" height=\"199\" \/><\/a><\/p>\n<p style=\"text-align: justify;\">Cu mesajul de baz\u0103, a venit liderul na\u021bional de tineret \u00een cadrul UBCEB, Vitalie Carabe\u021b. Acesta a pus accentul pe m\u0103re\u021bia lui Dumnezeu, care s-a dezbr\u0103cat de slava cereasc\u0103 \u0219i s-a f\u0103cut trup ca s\u0103 ne poat\u0103 aduce r\u0103scump\u0103rerea \u0219i s\u0103 ne dea \u0219i nou\u0103 o hain\u0103 nou\u0103 de slav\u0103. Vitalie Carabe\u021b a explicat tinerilor c\u0103 s\u0103rb\u0103toarea Cr\u0103ciunului nu este altceva dec\u00e2t \u00eentruchiparea unui Dumnezeu infinit, \u00eentr-un trup limitat ca \u0219i noi, pentru a ne aduce \u00een dar via\u021ba ve\u0219nic\u0103.<\/p>\n<p style=\"text-align: justify;\"><a href=\"http:\/\/baptist.org.md\/ro\/wp-content\/uploads\/DSC09338.jpg\"><img loading=\"lazy\" decoding=\"async\" class=\"alignleft size-medium wp-image-7919\" src=\"http:\/\/baptist.org.md\/ro\/wp-content\/uploads\/DSC09338-300x199.jpg\" alt=\"DSC09338\" width=\"300\" height=\"199\" srcset=\"https:\/\/baptist.org.md\/ro\/wp-content\/uploads\/DSC09338-300x199.jpg 300w, https:\/\/baptist.org.md\/ro\/wp-content\/uploads\/DSC09338-1024x679.jpg 1024w\" sizes=\"auto, (max-width: 300px) 100vw, 300px\" \/><\/a>La r\u00e2ndul s\u0103u, liderul de tineret pentru Comunitatea Bugeac, a \u00eendemnat tinerii s\u0103 se cerceteze \u00een lumina Cuv\u00e2ntului predicat \u0219i s\u0103 \u00eent\u00e2lneasc\u0103, s\u0103 s\u0103rb\u0103toareasc\u0103 acest Cr\u0103ciun nu m\u00e2nc\u00e2nd \u0219i d\u0103ruind cadouri, dar deschiz\u00e2ndu-\u0219i inima pentru o na\u0219tere real\u0103 a Pruncului Isus \u00een via\u021ba lor.<\/p>\n<p style=\"text-align: justify;\">Prima parte a evenimentului s-a \u00eencheiat cu o poz\u0103 comun\u0103 \u0219i o mas\u0103 gustoas\u0103 preg\u0103tit\u0103 cu mult\u0103 dragoste de surorile bisericii din Basarabeasca.<\/p>\n<p style=\"text-align: justify;\"><img loading=\"lazy\" decoding=\"async\" class=\"aligncenter size-large wp-image-7931\" src=\"http:\/\/baptist.org.md\/ro\/wp-content\/uploads\/DSC09553-1024x679.jpg\" alt=\"DSC09553\" width=\"720\" height=\"477\" srcset=\"https:\/\/baptist.org.md\/ro\/wp-content\/uploads\/DSC09553-1024x679.jpg 1024w, https:\/\/baptist.org.md\/ro\/wp-content\/uploads\/DSC09553-300x199.jpg 300w\" sizes=\"auto, (max-width: 720px) 100vw, 720px\" \/><\/p>\n<p style=\"text-align: justify;\">\u00cen partea a doua, tinerii au trecut din pozi\u021bia de simpli consumatori \u00een participan\u021bi ai evenimentului. Fiecare grup de tineri repartiza\u021bi pe bisericile pe care le reprezint\u0103 au venit cu un scurt program de \u00eenchinare \u0219i zidire pentru ceilal\u021bi, \u00eemp\u0103rt\u0103\u0219indu-\u0219i tr\u0103irea lor cu Dumnezeu prin c\u00e2ntec, poezii, psalmi \u015fi mesaje de \u00eencurajare.<\/p>\n\n\t\t<style type=\"text\/css\">\n\t\t\t#gallery-1 {\n\t\t\t\tmargin: auto;\n\t\t\t}\n\t\t\t#gallery-1 .gallery-item {\n\t\t\t\tfloat: left;\n\t\t\t\tmargin-top: 10px;\n\t\t\t\ttext-align: center;\n\t\t\t\twidth: 25%;\n\t\t\t}\n\t\t\t#gallery-1 img {\n\t\t\t\tborder: 2px solid #cfcfcf;\n\t\t\t}\n\t\t\t#gallery-1 .gallery-caption {\n\t\t\t\tmargin-left: 0;\n\t\t\t}\n\t\t\t\/* see gallery_shortcode() in wp-includes\/media.php *\/\n\t\t<\/style>\n\t\t<div id='gallery-1' class='gallery galleryid-7905 gallery-columns-4 gallery-size-thumbnail'><dl class='gallery-item'>\n\t\t\t<dt class='gallery-icon landscape'>\n\t\t\t\t<a href='https:\/\/baptist.org.md\/ro\/?attachment_id=7930'><img loading=\"lazy\" decoding=\"async\" width=\"150\" height=\"150\" src=\"https:\/\/baptist.org.md\/ro\/wp-content\/uploads\/DSC09543-150x150.jpg\" class=\"attachment-thumbnail size-thumbnail\" alt=\"\" srcset=\"https:\/\/baptist.org.md\/ro\/wp-content\/uploads\/DSC09543-150x150.jpg 150w, https:\/\/baptist.org.md\/ro\/wp-content\/uploads\/DSC09543-160x160.jpg 160w\" sizes=\"auto, (max-width: 150px) 100vw, 150px\" \/><\/a>\n\t\t\t<\/dt><\/dl><dl class='gallery-item'>\n\t\t\t<dt class='gallery-icon landscape'>\n\t\t\t\t<a href='https:\/\/baptist.org.md\/ro\/?attachment_id=7929'><img loading=\"lazy\" decoding=\"async\" width=\"150\" height=\"150\" src=\"https:\/\/baptist.org.md\/ro\/wp-content\/uploads\/DSC09533-150x150.jpg\" class=\"attachment-thumbnail size-thumbnail\" alt=\"\" srcset=\"https:\/\/baptist.org.md\/ro\/wp-content\/uploads\/DSC09533-150x150.jpg 150w, https:\/\/baptist.org.md\/ro\/wp-content\/uploads\/DSC09533-160x160.jpg 160w\" sizes=\"auto, (max-width: 150px) 100vw, 150px\" \/><\/a>\n\t\t\t<\/dt><\/dl><dl class='gallery-item'>\n\t\t\t<dt class='gallery-icon landscape'>\n\t\t\t\t<a href='https:\/\/baptist.org.md\/ro\/?attachment_id=7928'><img loading=\"lazy\" decoding=\"async\" width=\"150\" height=\"150\" src=\"https:\/\/baptist.org.md\/ro\/wp-content\/uploads\/DSC095301-150x150.jpg\" class=\"attachment-thumbnail size-thumbnail\" alt=\"\" srcset=\"https:\/\/baptist.org.md\/ro\/wp-content\/uploads\/DSC095301-150x150.jpg 150w, https:\/\/baptist.org.md\/ro\/wp-content\/uploads\/DSC095301-160x160.jpg 160w\" sizes=\"auto, (max-width: 150px) 100vw, 150px\" \/><\/a>\n\t\t\t<\/dt><\/dl><dl class='gallery-item'>\n\t\t\t<dt class='gallery-icon landscape'>\n\t\t\t\t<a href='https:\/\/baptist.org.md\/ro\/?attachment_id=7926'><img loading=\"lazy\" decoding=\"async\" width=\"150\" height=\"150\" src=\"https:\/\/baptist.org.md\/ro\/wp-content\/uploads\/DSC09525-150x150.jpg\" class=\"attachment-thumbnail size-thumbnail\" alt=\"\" srcset=\"https:\/\/baptist.org.md\/ro\/wp-content\/uploads\/DSC09525-150x150.jpg 150w, https:\/\/baptist.org.md\/ro\/wp-content\/uploads\/DSC09525-160x160.jpg 160w\" sizes=\"auto, (max-width: 150px) 100vw, 150px\" \/><\/a>\n\t\t\t<\/dt><\/dl><br style=\"clear: both\" \/><dl class='gallery-item'>\n\t\t\t<dt class='gallery-icon landscape'>\n\t\t\t\t<a href='https:\/\/baptist.org.md\/ro\/?attachment_id=7925'><img loading=\"lazy\" decoding=\"async\" width=\"150\" height=\"150\" src=\"https:\/\/baptist.org.md\/ro\/wp-content\/uploads\/DSC09524-150x150.jpg\" class=\"attachment-thumbnail size-thumbnail\" alt=\"\" srcset=\"https:\/\/baptist.org.md\/ro\/wp-content\/uploads\/DSC09524-150x150.jpg 150w, https:\/\/baptist.org.md\/ro\/wp-content\/uploads\/DSC09524-160x160.jpg 160w\" sizes=\"auto, (max-width: 150px) 100vw, 150px\" \/><\/a>\n\t\t\t<\/dt><\/dl><dl class='gallery-item'>\n\t\t\t<dt class='gallery-icon landscape'>\n\t\t\t\t<a href='https:\/\/baptist.org.md\/ro\/?attachment_id=7924'><img loading=\"lazy\" decoding=\"async\" width=\"150\" height=\"150\" src=\"https:\/\/baptist.org.md\/ro\/wp-content\/uploads\/DSC09522-150x150.jpg\" class=\"attachment-thumbnail size-thumbnail\" alt=\"\" srcset=\"https:\/\/baptist.org.md\/ro\/wp-content\/uploads\/DSC09522-150x150.jpg 150w, https:\/\/baptist.org.md\/ro\/wp-content\/uploads\/DSC09522-160x160.jpg 160w\" sizes=\"auto, (max-width: 150px) 100vw, 150px\" \/><\/a>\n\t\t\t<\/dt><\/dl><dl class='gallery-item'>\n\t\t\t<dt class='gallery-icon landscape'>\n\t\t\t\t<a href='https:\/\/baptist.org.md\/ro\/?attachment_id=7920'><img loading=\"lazy\" decoding=\"async\" width=\"150\" height=\"150\" src=\"https:\/\/baptist.org.md\/ro\/wp-content\/uploads\/DSC09359-150x150.jpg\" class=\"attachment-thumbnail size-thumbnail\" alt=\"\" srcset=\"https:\/\/baptist.org.md\/ro\/wp-content\/uploads\/DSC09359-150x150.jpg 150w, https:\/\/baptist.org.md\/ro\/wp-content\/uploads\/DSC09359-160x160.jpg 160w\" sizes=\"auto, (max-width: 150px) 100vw, 150px\" \/><\/a>\n\t\t\t<\/dt><\/dl><dl class='gallery-item'>\n\t\t\t<dt class='gallery-icon landscape'>\n\t\t\t\t<a href='https:\/\/baptist.org.md\/ro\/?attachment_id=7934'><img loading=\"lazy\" decoding=\"async\" width=\"150\" height=\"150\" src=\"https:\/\/baptist.org.md\/ro\/wp-content\/uploads\/DSC09369-150x150.jpg\" class=\"attachment-thumbnail size-thumbnail\" alt=\"\" srcset=\"https:\/\/baptist.org.md\/ro\/wp-content\/uploads\/DSC09369-150x150.jpg 150w, https:\/\/baptist.org.md\/ro\/wp-content\/uploads\/DSC09369-160x160.jpg 160w\" sizes=\"auto, (max-width: 150px) 100vw, 150px\" \/><\/a>\n\t\t\t<\/dt><\/dl><br style=\"clear: both\" \/><dl class='gallery-item'>\n\t\t\t<dt class='gallery-icon landscape'>\n\t\t\t\t<a href='https:\/\/baptist.org.md\/ro\/?attachment_id=7935'><img loading=\"lazy\" decoding=\"async\" width=\"150\" height=\"150\" src=\"https:\/\/baptist.org.md\/ro\/wp-content\/uploads\/DSC09370-150x150.jpg\" class=\"attachment-thumbnail size-thumbnail\" alt=\"\" srcset=\"https:\/\/baptist.org.md\/ro\/wp-content\/uploads\/DSC09370-150x150.jpg 150w, https:\/\/baptist.org.md\/ro\/wp-content\/uploads\/DSC09370-160x160.jpg 160w\" sizes=\"auto, (max-width: 150px) 100vw, 150px\" \/><\/a>\n\t\t\t<\/dt><\/dl><dl class='gallery-item'>\n\t\t\t<dt class='gallery-icon landscape'>\n\t\t\t\t<a href='https:\/\/baptist.org.md\/ro\/?attachment_id=7937'><img loading=\"lazy\" decoding=\"async\" width=\"150\" height=\"150\" src=\"https:\/\/baptist.org.md\/ro\/wp-content\/uploads\/DSC09422-150x150.jpg\" class=\"attachment-thumbnail size-thumbnail\" alt=\"\" srcset=\"https:\/\/baptist.org.md\/ro\/wp-content\/uploads\/DSC09422-150x150.jpg 150w, https:\/\/baptist.org.md\/ro\/wp-content\/uploads\/DSC09422-160x160.jpg 160w\" sizes=\"auto, (max-width: 150px) 100vw, 150px\" \/><\/a>\n\t\t\t<\/dt><\/dl><dl class='gallery-item'>\n\t\t\t<dt class='gallery-icon landscape'>\n\t\t\t\t<a href='https:\/\/baptist.org.md\/ro\/?attachment_id=7938'><img loading=\"lazy\" decoding=\"async\" width=\"150\" height=\"150\" src=\"https:\/\/baptist.org.md\/ro\/wp-content\/uploads\/DSC09447-150x150.jpg\" class=\"attachment-thumbnail size-thumbnail\" alt=\"\" srcset=\"https:\/\/baptist.org.md\/ro\/wp-content\/uploads\/DSC09447-150x150.jpg 150w, https:\/\/baptist.org.md\/ro\/wp-content\/uploads\/DSC09447-160x160.jpg 160w\" sizes=\"auto, (max-width: 150px) 100vw, 150px\" \/><\/a>\n\t\t\t<\/dt><\/dl><dl class='gallery-item'>\n\t\t\t<dt class='gallery-icon landscape'>\n\t\t\t\t<a href='https:\/\/baptist.org.md\/ro\/?attachment_id=7939'><img loading=\"lazy\" decoding=\"async\" width=\"150\" height=\"150\" src=\"https:\/\/baptist.org.md\/ro\/wp-content\/uploads\/DSC09466-150x150.jpg\" class=\"attachment-thumbnail size-thumbnail\" alt=\"\" srcset=\"https:\/\/baptist.org.md\/ro\/wp-content\/uploads\/DSC09466-150x150.jpg 150w, https:\/\/baptist.org.md\/ro\/wp-content\/uploads\/DSC09466-160x160.jpg 160w\" sizes=\"auto, (max-width: 150px) 100vw, 150px\" \/><\/a>\n\t\t\t<\/dt><\/dl><br style=\"clear: both\" \/>\n\t\t<\/div>\n\n<p style=\"text-align: justify;\">Mai multe detalii de la eveniment urm\u0103ri\u0163i \u00een materialele VIDEO care vor fi postate \u00een cur\u00e2nd pe site-ul Uniunii Baptiste.<\/p>\n","protected":false},"excerpt":{"rendered":"<p>Peste 150 de tineri au gustat din\u00a0atmosfera s\u0103rb\u0103torilor de iarn\u0103 ce \u00eencepe s\u0103 ne cuprind\u0103 tot mai mult cu feeria ei magic\u0103. Ultima \u00eent\u00e2lnire de tineret din anul 2014, tinerii din Comunitatea Bugeac au&#46;&#46;&#46;<\/p>\n","protected":false},"author":2,"featured_media":7931,"comment_status":"open","ping_status":"open","sticky":false,"template":"","format":"standard","meta":{"footnotes":""},"categories":[77,23,27],"tags":[413,412,415,414,131],"class_list":["post-7905","post","type-post","status-publish","format-standard","has-post-thumbnail","hentry","category-slides","category-interne","category-tineret-tineri-in-actiune","tag-comunitatea-bugeac","tag-conferinta-regionala-de-tineret","tag-intalnire-de-tineret-basarabeasca","tag-nascut-pentru-tine","tag-vitalie-carabet"],"fimg_url":"https:\/\/baptist.org.md\/ro\/wp-content\/uploads\/DSC09553.jpg","views":2015,"_links":{"self":[{"href":"https:\/\/baptist.org.md\/ro\/index.php?rest_route=\/wp\/v2\/posts\/7905","targetHints":{"allow":["GET"]}}],"collection":[{"href":"https:\/\/baptist.org.md\/ro\/index.php?rest_route=\/wp\/v2\/posts"}],"about":[{"href":"https:\/\/baptist.org.md\/ro\/index.php?rest_route=\/wp\/v2\/types\/post"}],"author":[{"embeddable":true,"href":"https:\/\/baptist.org.md\/ro\/index.php?rest_route=\/wp\/v2\/users\/2"}],"replies":[{"embeddable":true,"href":"https:\/\/baptist.org.md\/ro\/index.php?rest_route=%2Fwp%2Fv2%2Fcomments&post=7905"}],"version-history":[{"count":16,"href":"https:\/\/baptist.org.md\/ro\/index.php?rest_route=\/wp\/v2\/posts\/7905\/revisions"}],"predecessor-version":[{"id":7940,"href":"https:\/\/baptist.org.md\/ro\/index.php?rest_route=\/wp\/v2\/posts\/7905\/revisions\/7940"}],"wp:featuredmedia":[{"embeddable":true,"href":"https:\/\/baptist.org.md\/ro\/index.php?rest_route=\/wp\/v2\/media\/7931"}],"wp:attachment":[{"href":"https:\/\/baptist.org.md\/ro\/index.php?rest_route=%2Fwp%2Fv2%2Fmedia&parent=7905"}],"wp:term":[{"taxonomy":"category","embeddable":true,"href":"https:\/\/baptist.org.md\/ro\/index.php?rest_route=%2Fwp%2Fv2%2Fcategories&post=7905"},{"taxonomy":"post_tag","embeddable":true,"href":"https:\/\/baptist.org.md\/ro\/index.php?rest_route=%2Fwp%2Fv2%2Ftags&post=7905"}],"curies":[{"name":"wp","href":"https:\/\/api.w.org\/{rel}","templated":true}]}}