{"id":7833,"date":"2014-12-07T17:39:41","date_gmt":"2014-12-07T15:39:41","guid":{"rendered":"http:\/\/baptist.org.md\/ro\/?p=7833"},"modified":"2014-12-07T17:47:26","modified_gmt":"2014-12-07T15:47:26","slug":"interviu-valeriu-ghiletchi-despre-biruinta-la-apce","status":"publish","type":"post","link":"https:\/\/baptist.org.md\/ro\/?p=7833","title":{"rendered":"INTERVIU Valeriu Ghile\u0163chi despre biruin\u0163a la APCE"},"content":{"rendered":"<p style=\"text-align: justify;\"><a href=\"http:\/\/baptist.org.md\/ro\/wp-content\/uploads\/la-actual-1024x514.jpg\"><img decoding=\"async\" class=\"aligncenter wp-image-7836\" src=\"http:\/\/baptist.org.md\/ro\/wp-content\/uploads\/la-actual-1024x514.jpg\" alt=\"la-actual-1024x514\" width=\"719\" srcset=\"https:\/\/baptist.org.md\/ro\/wp-content\/uploads\/la-actual-1024x514.jpg 1024w, https:\/\/baptist.org.md\/ro\/wp-content\/uploads\/la-actual-1024x514-300x150.jpg 300w\" sizes=\"(max-width: 1024px) 100vw, 1024px\" \/><\/a><\/p>\n<p style=\"text-align: justify;\">\u00cen data de 30 noiembrie, cet\u0103\u021benii Republicii Moldova \u0219i-au ales Parlamentul. Potrivit rezultatelor scrutinului electoral, 5 partide au intrat \u00een noul Legislativ. Majoritatea parlamentar\u0103 va fi reprezentat\u0103 de coali\u021bia pro-european\u0103, constituit\u0103 din partidele de dreapta.<\/p>\n<p style=\"text-align: justify;\">Printre deputa\u021bii care vor guverna \u021bara \u00een urm\u0103torii 4 ani se num\u0103r\u0103 \u0219i Valeriu Ghile\u021bchi, persoana care a promovat activ, \u00een legislativul precedent, valorile cre\u0219tine \u00een cele mai \u00eenalte foruri na\u021bionale \u0219i interna\u021bionale.<\/p>\n<p style=\"text-align: justify;\">Ce au \u00eensemnat aceste alegeri pentru dumnealui \u0219i care sunt planurile de viitor ale proasp\u0103tului ales al poporului, ve\u021bi putea afla direct de la Valeriu Ghile\u021bchi.<\/p>\n<p style=\"text-align: justify;\"><iframe loading=\"lazy\" src=\"\/\/www.youtube.com\/embed\/DdQPisWZRww\" width=\"640\" height=\"360\" frameborder=\"0\" allowfullscreen=\"allowfullscreen\"><\/iframe><\/p>\n<p style=\"text-align: justify;\">Sursa: <a href=\"http:\/\/moldovacrestina.md\/video\/ACTUAL-cu-Valeriu-Ghilet%CC%A6chi.html\" target=\"_blank\"><strong>Moldova Cre\u015ftin\u0103<\/strong><\/a><\/p>\n","protected":false},"excerpt":{"rendered":"<p>\u00cen data de 30 noiembrie, cet\u0103\u021benii Republicii Moldova \u0219i-au ales Parlamentul. Potrivit rezultatelor scrutinului electoral, 5 partide au intrat \u00een noul Legislativ. Majoritatea parlamentar\u0103 va fi reprezentat\u0103 de coali\u021bia pro-european\u0103, constituit\u0103 din partidele de&#46;&#46;&#46;<\/p>\n","protected":false},"author":2,"featured_media":7836,"comment_status":"open","ping_status":"open","sticky":false,"template":"","format":"standard","meta":{"footnotes":""},"categories":[23,28],"tags":[295,371,389,388,75],"class_list":["post-7833","post","type-post","status-publish","format-standard","has-post-thumbnail","hentry","category-interne","category-video","tag-alegeri-parlamentare","tag-apce","tag-interviu-postelectoral","tag-moldova-crestina","tag-valeriu-ghiletchi"],"fimg_url":"https:\/\/baptist.org.md\/ro\/wp-content\/uploads\/la-actual-1024x514.jpg","views":2203,"_links":{"self":[{"href":"https:\/\/baptist.org.md\/ro\/index.php?rest_route=\/wp\/v2\/posts\/7833","targetHints":{"allow":["GET"]}}],"collection":[{"href":"https:\/\/baptist.org.md\/ro\/index.php?rest_route=\/wp\/v2\/posts"}],"about":[{"href":"https:\/\/baptist.org.md\/ro\/index.php?rest_route=\/wp\/v2\/types\/post"}],"author":[{"embeddable":true,"href":"https:\/\/baptist.org.md\/ro\/index.php?rest_route=\/wp\/v2\/users\/2"}],"replies":[{"embeddable":true,"href":"https:\/\/baptist.org.md\/ro\/index.php?rest_route=%2Fwp%2Fv2%2Fcomments&post=7833"}],"version-history":[{"count":3,"href":"https:\/\/baptist.org.md\/ro\/index.php?rest_route=\/wp\/v2\/posts\/7833\/revisions"}],"predecessor-version":[{"id":7837,"href":"https:\/\/baptist.org.md\/ro\/index.php?rest_route=\/wp\/v2\/posts\/7833\/revisions\/7837"}],"wp:featuredmedia":[{"embeddable":true,"href":"https:\/\/baptist.org.md\/ro\/index.php?rest_route=\/wp\/v2\/media\/7836"}],"wp:attachment":[{"href":"https:\/\/baptist.org.md\/ro\/index.php?rest_route=%2Fwp%2Fv2%2Fmedia&parent=7833"}],"wp:term":[{"taxonomy":"category","embeddable":true,"href":"https:\/\/baptist.org.md\/ro\/index.php?rest_route=%2Fwp%2Fv2%2Fcategories&post=7833"},{"taxonomy":"post_tag","embeddable":true,"href":"https:\/\/baptist.org.md\/ro\/index.php?rest_route=%2Fwp%2Fv2%2Ftags&post=7833"}],"curies":[{"name":"wp","href":"https:\/\/api.w.org\/{rel}","templated":true}]}}