{"id":7756,"date":"2014-12-01T16:42:33","date_gmt":"2014-12-01T14:42:33","guid":{"rendered":"http:\/\/baptist.org.md\/ro\/?p=7756"},"modified":"2014-12-07T17:04:17","modified_gmt":"2014-12-07T15:04:17","slug":"conferinta-de-tineret-la-cahul-sa-l-cunoastem-si-sa-l-facem-cunoscut","status":"publish","type":"post","link":"https:\/\/baptist.org.md\/ro\/?p=7756","title":{"rendered":"Conferin\u0163a de tineret la Cahul: &#8220;S\u0103-L cunoa\u015ftem \u015fi s\u0103-L facem cunoscut&#8221;"},"content":{"rendered":"<p style=\"text-align: justify;\">S\u00e2mb\u0103t\u0103, 29 noiembrie, tinerii din Comunitatea Cahul au avut parte de un timp special la \u00eent\u00e2lnirea g\u0103zduit\u0103 de biserica &#8220;Emanuel&#8221; din Cahul. &#8220;S\u0103-L cunoa\u015ftem si s\u0103-L facem cunoscut&#8221; a fost motto-ul sub egida c\u0103ruia s-a desf\u0103\u015furat p\u0103rt\u0103\u015fia. Vremea rece de afar\u0103 nu a \u00eempiedicat cei peste 80 de tineri din bisericile din comunitatea Cahul s\u0103 \u00ee\u015fi dea \u00eent\u00e2lnire \u00een ora\u015f, pentru a petrece timpul \u00eempreun\u0103 \u00een studierea Cuv\u00e2nului lui Dumnezeu.<\/p>\n<p style=\"text-align: justify;\"><a href=\"http:\/\/baptist.org.md\/ro\/wp-content\/uploads\/20141129_104900.jpg\"><img loading=\"lazy\" decoding=\"async\" class=\"aligncenter size-large wp-image-7760\" src=\"http:\/\/baptist.org.md\/ro\/wp-content\/uploads\/20141129_104900-1024x614.jpg\" alt=\"20141129_104900\" width=\"720\" height=\"431\" srcset=\"https:\/\/baptist.org.md\/ro\/wp-content\/uploads\/20141129_104900-1024x614.jpg 1024w, https:\/\/baptist.org.md\/ro\/wp-content\/uploads\/20141129_104900-300x180.jpg 300w\" sizes=\"auto, (max-width: 720px) 100vw, 720px\" \/><\/a><\/p>\n<p style=\"text-align: justify;\">Invita\u0163ii speciali au fost doi pastori din Rom\u00e2nia, afla\u0163i \u00een Republica Moldova \u00eentr-o campanie de misiune al\u0103turi de Viorel Iuga. \u00cent\u00e2lnirea tinerilor din comunitatea de Sud de pe data de 29 noiembrie a avut ca scop evanghelizarea c\u00e2t \u015fi provocarea la a spune altora despre Cristos.<\/p>\n<p style=\"text-align: justify;\">&#8220;Ne-am bucurat s\u0103 avem vreo 80 de tineri la acest eveniment. \u00cen general tinerii au fost nu doar impresiona\u0163i, ci chiar provoca\u0163i serios \u00een a g\u00e2ndi la rela\u0163ia lor cu Domnul&#8221; a declarat liderul de tineret al bisericii gazde, Gelu Ciorna.<\/p>\n<p style=\"text-align: justify;\"><a href=\"http:\/\/baptist.org.md\/ro\/wp-content\/uploads\/SAM_1749.jpg\"><img decoding=\"async\" class=\"aligncenter wp-image-7762\" src=\"http:\/\/baptist.org.md\/ro\/wp-content\/uploads\/SAM_1749.jpg\" alt=\"SAM_1749\" width=\"720\" srcset=\"https:\/\/baptist.org.md\/ro\/wp-content\/uploads\/SAM_1749.jpg 1024w, https:\/\/baptist.org.md\/ro\/wp-content\/uploads\/SAM_1749-300x225.jpg 300w\" sizes=\"(max-width: 1024px) 100vw, 1024px\" \/><\/a><\/p>\n<p style=\"text-align: justify;\">Doru &#8211; student la colegiul de informatic\u0103 a apreciat \u00eent\u00e2lnirea aceasta la un alt nivel, iar prezentarea p\u0103storilor rom\u00e2ni ca ceva profund.<\/p>\n<p style=\"text-align: justify;\">Lucia &#8211; o student\u0103 la Universitatea Dun\u0103rea de jos a v\u0103zut \u00eent\u00e2lnirea aceasta ca una degajat\u0103 \u015fi relevant\u0103 &#8211; ceva ce i-a prins pe tineri, \u00eentruc\u00e2t s-a vorbit \u015fi despre provoc\u0103rile moderne ale tinerilor de azi.<\/p>\n<p style=\"text-align: justify;\"><a href=\"http:\/\/baptist.org.md\/ro\/wp-content\/uploads\/20141129_095650.jpg\"><img loading=\"lazy\" decoding=\"async\" class=\"aligncenter size-large wp-image-7759\" src=\"http:\/\/baptist.org.md\/ro\/wp-content\/uploads\/20141129_095650-1024x614.jpg\" alt=\"20141129_095650\" width=\"720\" height=\"431\" srcset=\"https:\/\/baptist.org.md\/ro\/wp-content\/uploads\/20141129_095650-1024x614.jpg 1024w, https:\/\/baptist.org.md\/ro\/wp-content\/uploads\/20141129_095650-300x180.jpg 300w\" sizes=\"auto, (max-width: 720px) 100vw, 720px\" \/><\/a><\/p>\n<p style=\"text-align: justify;\">&#8220;Am avut un cuv\u00e2nt bun, de folos pentru preg\u0103tirea noastr\u0103 de \u00eenta\u00e2nirea cu Domnul, lucruri la care trebuie s\u0103 lu\u0103m aminte \u015fi s\u0103 fim cu b\u0103gare de seam\u0103. A fost o p\u0103rt\u0103\u015fie frumoas\u0103, constructiv\u0103&#8221;, ne-a spus Doini\u0163a Augustina \u015eeremet din Vadul lui Isac.<\/p>\n<p style=\"text-align: justify;\">&#8220;Mi-a pl\u0103cut tema de discu\u0163ie, am avut ce lua, ce \u00eenv\u0103\u0163a&#8221; a \u00eemp\u0103rt\u0103\u015fit \u015fi Tabita Me\u015fin\u0103 din Vadul lui Isac.<\/p>\n<p style=\"text-align: justify;\">Autor: Angela Bercaru, biserica Vadul lui Isac.<\/p>\n","protected":false},"excerpt":{"rendered":"<p>S\u00e2mb\u0103t\u0103, 29 noiembrie, tinerii din Comunitatea Cahul au avut parte de un timp special la \u00eent\u00e2lnirea g\u0103zduit\u0103 de biserica &#8220;Emanuel&#8221; din Cahul. &#8220;S\u0103-L cunoa\u015ftem si s\u0103-L facem cunoscut&#8221; a fost motto-ul sub egida c\u0103ruia&#46;&#46;&#46;<\/p>\n","protected":false},"author":2,"featured_media":7760,"comment_status":"open","ping_status":"open","sticky":false,"template":"","format":"standard","meta":{"footnotes":""},"categories":[77,23,27],"tags":[260,376,377,378],"class_list":["post-7756","post","type-post","status-publish","format-standard","has-post-thumbnail","hentry","category-slides","category-interne","category-tineret-tineri-in-actiune","tag-comunitatea-cahul","tag-conferinta-de-tineret","tag-emanuel-cahul","tag-gelu-ciornii"],"fimg_url":"https:\/\/baptist.org.md\/ro\/wp-content\/uploads\/20141129_104900.jpg","views":3090,"_links":{"self":[{"href":"https:\/\/baptist.org.md\/ro\/index.php?rest_route=\/wp\/v2\/posts\/7756","targetHints":{"allow":["GET"]}}],"collection":[{"href":"https:\/\/baptist.org.md\/ro\/index.php?rest_route=\/wp\/v2\/posts"}],"about":[{"href":"https:\/\/baptist.org.md\/ro\/index.php?rest_route=\/wp\/v2\/types\/post"}],"author":[{"embeddable":true,"href":"https:\/\/baptist.org.md\/ro\/index.php?rest_route=\/wp\/v2\/users\/2"}],"replies":[{"embeddable":true,"href":"https:\/\/baptist.org.md\/ro\/index.php?rest_route=%2Fwp%2Fv2%2Fcomments&post=7756"}],"version-history":[{"count":4,"href":"https:\/\/baptist.org.md\/ro\/index.php?rest_route=\/wp\/v2\/posts\/7756\/revisions"}],"predecessor-version":[{"id":7810,"href":"https:\/\/baptist.org.md\/ro\/index.php?rest_route=\/wp\/v2\/posts\/7756\/revisions\/7810"}],"wp:featuredmedia":[{"embeddable":true,"href":"https:\/\/baptist.org.md\/ro\/index.php?rest_route=\/wp\/v2\/media\/7760"}],"wp:attachment":[{"href":"https:\/\/baptist.org.md\/ro\/index.php?rest_route=%2Fwp%2Fv2%2Fmedia&parent=7756"}],"wp:term":[{"taxonomy":"category","embeddable":true,"href":"https:\/\/baptist.org.md\/ro\/index.php?rest_route=%2Fwp%2Fv2%2Fcategories&post=7756"},{"taxonomy":"post_tag","embeddable":true,"href":"https:\/\/baptist.org.md\/ro\/index.php?rest_route=%2Fwp%2Fv2%2Ftags&post=7756"}],"curies":[{"name":"wp","href":"https:\/\/api.w.org\/{rel}","templated":true}]}}