{"id":7704,"date":"2014-12-05T22:24:24","date_gmt":"2014-12-05T20:24:24","guid":{"rendered":"http:\/\/baptist.org.md\/ro\/?p=7704"},"modified":"2014-12-07T21:59:03","modified_gmt":"2014-12-07T19:59:03","slug":"papa-francisc-al-ii-lea-la-strassbourg-europa-unde-este-setea-ta-dupa-adevar","status":"publish","type":"post","link":"https:\/\/baptist.org.md\/ro\/?p=7704","title":{"rendered":"Papa Francisc al II-lea la Strassbourg: &#8220;Europa, unde este setea ta dup\u0103 adev\u0103r&#8221;?"},"content":{"rendered":"<p style=\"text-align: justify;\"><a href=\"http:\/\/baptist.org.md\/ro\/wp-content\/uploads\/pope-francis-european-parliament.jpg\"><img loading=\"lazy\" decoding=\"async\" class=\"aligncenter size-large wp-image-7708\" src=\"http:\/\/baptist.org.md\/ro\/wp-content\/uploads\/pope-francis-european-parliament-1024x674.jpg\" alt=\"TOPSHOTS-FRANCE-EU-VATICAN-POPE-VISIT\" width=\"720\" height=\"473\" srcset=\"https:\/\/baptist.org.md\/ro\/wp-content\/uploads\/pope-francis-european-parliament-1024x674.jpg 1024w, https:\/\/baptist.org.md\/ro\/wp-content\/uploads\/pope-francis-european-parliament-300x197.jpg 300w, https:\/\/baptist.org.md\/ro\/wp-content\/uploads\/pope-francis-european-parliament.jpg 1200w\" sizes=\"auto, (max-width: 720px) 100vw, 720px\" \/><\/a><\/p>\n<p style=\"text-align: justify;\">Discurs impresionant \u00een Parlamentul European de la Strassbourg. Papa Francisc al II-lea a efectuat pe 25 noiembrie o vizit\u0103 la Strassbourg unde a avut un discurs \u00een plenul Parlamentului European. \u00cen mesajul s\u0103u, Papa Francisc al II-lea a pus c\u00e2teva \u00eentreb\u0103ri retorice, dar profunde, amintind Europei r\u0103d\u0103cinile ei cre\u015ftine, scrie <a href=\"http:\/\/istorieevanghelica.ro\/2014\/11\/28\/papa-francisc-in-parlamentul-european-europei-ii-putem-cere-unde-este-setea-ta-de-adevar-where-is-your-thirst-for-truth\/\" target=\"_blank\"><strong>Istorie Evanghelic\u0103.ro<\/strong><\/a><\/p>\n<p style=\"text-align: justify;\">&#8220;Europei \u00eei putem cere: unde este setea ta de adev\u0103r? Unde este vigoarea ta? Unde este acea tensiune ideal\u0103 care a \u00eensufle\u021bit \u0219i a f\u0103cut m\u0103rea\u021b\u0103 istoria ta? Unde este spiritul t\u0103u de curiozitate \u00eentreprinz\u0103toare? Unde este setea ta de adev\u0103r, pe care ai \u00eemp\u0103rt\u0103\u0219it-o lumii p\u00e2n\u0103 acum cu pasiune? De r\u0103spunsul la aceste \u00eentreb\u0103ri va depinde viitorul continentului&#8221;, a declarat Papa Francisc al II-lea.<\/p>\n<p style=\"text-align: justify;\">Pentru cei care cunoa\u015fte\u0163i engleza, pute\u0163i vedea discursul Papei integral \u00een secven\u0163a VIDEO \u00eenserat\u0103 mai jos. Urm\u0103ri\u0163i site-ul nostru, \u00een cur\u00e2nd vom plasa cele mai importante teze din discursul Papei \u00een format text, tradus \u00een limba rom\u00e2n\u0103.<\/p>\n<p><iframe loading=\"lazy\" src=\"\/\/www.youtube.com\/embed\/WaEYy-BweCs\" width=\"640\" height=\"360\" frameborder=\"0\" allowfullscreen=\"allowfullscreen\"><\/iframe><\/p>\n","protected":false},"excerpt":{"rendered":"<p>Discurs impresionant \u00een Parlamentul European de la Strassbourg. Papa Francisc al II-lea a efectuat pe 25 noiembrie o vizit\u0103 la Strassbourg unde a avut un discurs \u00een plenul Parlamentului European. \u00cen mesajul s\u0103u, Papa&#46;&#46;&#46;<\/p>\n","protected":false},"author":2,"featured_media":7708,"comment_status":"open","ping_status":"open","sticky":false,"template":"","format":"standard","meta":{"footnotes":""},"categories":[22],"tags":[363,364,365],"class_list":["post-7704","post","type-post","status-publish","format-standard","has-post-thumbnail","hentry","category-externe","tag-papa-francisc-al-ii-lea","tag-parlamentul-european","tag-strassbourg"],"fimg_url":"https:\/\/baptist.org.md\/ro\/wp-content\/uploads\/pope-francis-european-parliament.jpg","views":1691,"_links":{"self":[{"href":"https:\/\/baptist.org.md\/ro\/index.php?rest_route=\/wp\/v2\/posts\/7704","targetHints":{"allow":["GET"]}}],"collection":[{"href":"https:\/\/baptist.org.md\/ro\/index.php?rest_route=\/wp\/v2\/posts"}],"about":[{"href":"https:\/\/baptist.org.md\/ro\/index.php?rest_route=\/wp\/v2\/types\/post"}],"author":[{"embeddable":true,"href":"https:\/\/baptist.org.md\/ro\/index.php?rest_route=\/wp\/v2\/users\/2"}],"replies":[{"embeddable":true,"href":"https:\/\/baptist.org.md\/ro\/index.php?rest_route=%2Fwp%2Fv2%2Fcomments&post=7704"}],"version-history":[{"count":7,"href":"https:\/\/baptist.org.md\/ro\/index.php?rest_route=\/wp\/v2\/posts\/7704\/revisions"}],"predecessor-version":[{"id":7712,"href":"https:\/\/baptist.org.md\/ro\/index.php?rest_route=\/wp\/v2\/posts\/7704\/revisions\/7712"}],"wp:featuredmedia":[{"embeddable":true,"href":"https:\/\/baptist.org.md\/ro\/index.php?rest_route=\/wp\/v2\/media\/7708"}],"wp:attachment":[{"href":"https:\/\/baptist.org.md\/ro\/index.php?rest_route=%2Fwp%2Fv2%2Fmedia&parent=7704"}],"wp:term":[{"taxonomy":"category","embeddable":true,"href":"https:\/\/baptist.org.md\/ro\/index.php?rest_route=%2Fwp%2Fv2%2Fcategories&post=7704"},{"taxonomy":"post_tag","embeddable":true,"href":"https:\/\/baptist.org.md\/ro\/index.php?rest_route=%2Fwp%2Fv2%2Ftags&post=7704"}],"curies":[{"name":"wp","href":"https:\/\/api.w.org\/{rel}","templated":true}]}}