{"id":7594,"date":"2014-11-23T20:46:51","date_gmt":"2014-11-23T18:46:51","guid":{"rendered":"http:\/\/baptist.org.md\/ro\/?p=7594"},"modified":"2014-11-23T20:52:54","modified_gmt":"2014-11-23T18:52:54","slug":"dedicarea-casei-de-rugaciune-o-noua-fila-in-istoria-bisericii-baptiste-din-burlacu","status":"publish","type":"post","link":"https:\/\/baptist.org.md\/ro\/?p=7594","title":{"rendered":"Dedicarea Casei de Rug\u0103ciune &#8211; o nou\u0103 fil\u0103 \u00een istoria Bisericii Baptiste din Burlacu"},"content":{"rendered":"<p style=\"text-align: justify;\">Cu mult\u0103 bucurie, al\u0103turi de mul\u021bi oaspe\u021bi, Biserica Baptist\u0103 din satul Burlacu, raionul Cahul a s\u0103rb\u0103torit dedicarea noului loca\u0219 de \u00eenchinare. Dup\u0103 23 de ani de la fondarea bisericii, cre\u0219tinii din Burlacu \u0219i oaspe\u021bii din \u00eemprejurimi au tr\u0103it \u00eenf\u0103ptuirea unei minuni, pe care genera\u021biile trecute le-au visat, pentru care s-au rugat.<\/p>\n<p style=\"text-align: justify;\"><a href=\"http:\/\/baptist.org.md\/ro\/wp-content\/uploads\/IMG_4403.jpg\"><img loading=\"lazy\" decoding=\"async\" class=\"aligncenter size-large wp-image-7603\" src=\"http:\/\/baptist.org.md\/ro\/wp-content\/uploads\/IMG_4403-1024x682.jpg\" alt=\"IMG_4403\" width=\"720\" height=\"479\" srcset=\"https:\/\/baptist.org.md\/ro\/wp-content\/uploads\/IMG_4403-1024x682.jpg 1024w, https:\/\/baptist.org.md\/ro\/wp-content\/uploads\/IMG_4403-300x200.jpg 300w\" sizes=\"auto, (max-width: 720px) 100vw, 720px\" \/><\/a><\/p>\n<p style=\"text-align: justify;\">Noua cl\u0103dire a fost construit\u0103 prin proiectul pentru construc\u021bia Caselor de Rug\u0103ciune al Misiunii Biblice \u00een parteneriat cu Uniunea Bisericilor Cre\u0219tine Evanghelice Baptiste (UBCEB). La programul de s\u0103rb\u0103toare au participat at\u00e2t conducerea UBCEB, echipa Misiunii Biblice, slujitori din Comunitatea Cahul, dar \u015fi membrii bisericii locale.<\/p>\n<p style=\"text-align: justify;\"><a href=\"http:\/\/baptist.org.md\/ro\/wp-content\/uploads\/IMG_4294.jpg\"><img loading=\"lazy\" decoding=\"async\" class=\"aligncenter size-large wp-image-7598\" src=\"http:\/\/baptist.org.md\/ro\/wp-content\/uploads\/IMG_4294-1024x682.jpg\" alt=\"IMG_4294\" width=\"720\" height=\"479\" srcset=\"https:\/\/baptist.org.md\/ro\/wp-content\/uploads\/IMG_4294-1024x682.jpg 1024w, https:\/\/baptist.org.md\/ro\/wp-content\/uploads\/IMG_4294-300x200.jpg 300w\" sizes=\"auto, (max-width: 720px) 100vw, 720px\" \/><\/a><\/p>\n<p style=\"text-align: justify;\">Cu emo\u021bii de bucurie, pastorul bisericii locale, Andrei Ghedeon a trecut \u00een revist\u0103 cele mai importante evenimente din via\u021ba bisericii.<\/p>\n<p style=\"text-align: justify;\">&#8220;S\u0103rb\u0103toarea de ast\u0103zi este o pagin\u0103 nou\u0103 \u00een istoria bisericii noastre. Duminica trecut\u0103 am avut ultimul serviciu de \u00eenchinare \u015fi rug\u0103ciune \u00een cl\u0103direa veche. Dup\u0103 23 de ani de la \u00eenfiin\u0163are, tr\u0103im \u00eemplinirea unui vis a primilor cre\u015ftini din Burlacu. Au fost vremuri c\u00e2nd mergeau \u00een satele din \u00eemprejurimi \u015fi mergeau zeci de km pentru a participa la p\u0103rt\u0103\u015fie al\u0103turi de copii Domnului Isus. Istoria bisericii noastre \u00eencepe \u00een anul 1990, cu 11 cre\u015ftini care au decis s\u0103 creasc\u0103, s\u0103 tr\u0103iasc\u0103 \u015fi s\u0103 slujeasc\u0103 pe Domnul Isus \u00een satul natal. \u00cen 1995 a venit un val de trezire \u00een toat\u0103 \u0163ara \u015fi atunci un num\u0103r mare de tineri s-au al\u0103turat bisericii. Am cunoscut multe momente frumoase \u015fi dificile \u00een istoria noastr\u0103. Visul de a avea o cl\u0103dire a fost s\u0103dit \u00een timp \u00een inima mea. M\u0103 g\u00e2ndeam c\u0103 e imposibil s\u0103 avem a\u015fa ceva, dar ast\u0103zi vedem cu ochii no\u015ftri \u00eenf\u0103ptuirea acestui vis m\u0103re\u0163&#8221;.<\/p>\n<p style=\"text-align: justify;\"><a href=\"http:\/\/baptist.org.md\/ro\/wp-content\/uploads\/IMG_4302.jpg\"><img loading=\"lazy\" decoding=\"async\" class=\"alignright size-medium wp-image-7599\" src=\"http:\/\/baptist.org.md\/ro\/wp-content\/uploads\/IMG_4302-300x200.jpg\" alt=\"IMG_4302\" width=\"300\" height=\"200\" srcset=\"https:\/\/baptist.org.md\/ro\/wp-content\/uploads\/IMG_4302-300x200.jpg 300w, https:\/\/baptist.org.md\/ro\/wp-content\/uploads\/IMG_4302-1024x682.jpg 1024w\" sizes=\"auto, (max-width: 300px) 100vw, 300px\" \/><\/a>Ast\u0103zi biserica din Burlacu num\u0103r\u0103 40 de membri, 20 de tineri \u015fi peste 20 de copii \u015fi este o m\u0103rturie vie a Domnului Isus pentru autorit\u0103\u0163ile \u015fi locuitorii din sat. Despre aceste m\u0103rturii frumoase au povestit autorit\u0103\u0163ile locale \u00een persoana primarului satului \u015fi a directorului \u015fcolii.<\/p>\n<p style=\"text-align: justify;\">Primarul satului, Mihai Munteanu, a spus c\u0103 s-a bucurat s\u0103 poat\u0103 contribui la proiectarea noii cl\u0103diri \u015fi a \u00eendemnat pe to\u0163i s\u0103 fie uni\u0163i, pentru c\u0103 doar fiind uni\u0163i putem progresa, putem face lucruri frumoase, putem s\u0103rb\u0103tori asemenea evenimente \u015fi putem face via\u0163a noastr\u0103 mai bun\u0103.<\/p>\n<p style=\"text-align: justify;\"><a href=\"http:\/\/baptist.org.md\/ro\/wp-content\/uploads\/IMG_4305.jpg\"><img loading=\"lazy\" decoding=\"async\" class=\"alignleft size-medium wp-image-7600\" src=\"http:\/\/baptist.org.md\/ro\/wp-content\/uploads\/IMG_4305-300x200.jpg\" alt=\"IMG_4305\" width=\"300\" height=\"200\" srcset=\"https:\/\/baptist.org.md\/ro\/wp-content\/uploads\/IMG_4305-300x200.jpg 300w, https:\/\/baptist.org.md\/ro\/wp-content\/uploads\/IMG_4305-1024x682.jpg 1024w\" sizes=\"auto, (max-width: 300px) 100vw, 300px\" \/><\/a>Directorul \u015fcolii, Ion Berdil\u0103, a declarat c\u0103 se bucur\u0103 s\u0103 fie un prieten pentru pastorul bisericii baptiste, Andrei Ghedeon.<\/p>\n<p style=\"text-align: justify;\">&#8220;Aceast\u0103 asist\u0103m la \u00eemplinirea unui vis al genera\u0163iilor trecute. Nu trebuie s\u0103 uit\u0103m acele vremuri, c\u00e2nd cre\u015ftinii erau prigoni\u0163i \u015fi nu aveau voie s\u0103 se \u00eenchine \u00een l\u0103ca\u015fe de rug\u0103ciune \u015fi f\u0103ceau adun\u0103rile lor de la cas\u0103 la cas\u0103. Biserica Baptist\u0103 este ca un pl\u0103m\u00e2n al societ\u0103\u0163ii, care contribuie la bun\u0103stare, la educarea \u015fi \u00eembun\u0103t\u0103\u0163irea vie\u0163ii. Avem copii la \u015fcoal\u0103 care frecventeaz\u0103 aceast\u0103 biseric\u0103 \u015fi modul lor de via\u0163\u0103 este altfel, sunt copii s\u00e2rguincio\u015fi \u015fi ascult\u0103tori. \u00cen timpul construc\u0163iei am fost de c\u00e2teva ori pe aici \u015fi am r\u0103mas uimit s\u0103 v\u0103d lucrarea lui Dumnezeu, prin viteza cu care se ridica aceast\u0103 cl\u0103dire din p\u0103m\u00e2nt. Fiind t\u00e2n\u0103r, Andrei de multe ori vroia s\u0103 plece din sat pentru o via\u0163\u0103 mai bun\u0103, dar nu \u015ftiu cum se f\u0103cea c\u0103 de fiecare dat\u0103 nu i se primea. Cred c\u0103 Dumnezeu nu i-a permis s\u0103 plece de aici pentru ca s\u0103 s\u0103v\u00e2r\u015feasc\u0103 aceast\u0103 lucrare frumoas\u0103 prin el. Cred c\u0103 aceast\u0103 cl\u0103dire este lucrarea lui Dumnezeu \u015fi s\u0103 ne ajute El s\u0103 v\u0103 bucura\u0163i din plin de ea&#8221;, a m\u0103rturisit directorul \u015fcolii din satul Burlacu, Ion Berdil\u0103.<\/p>\n<p style=\"text-align: justify;\"><a href=\"http:\/\/baptist.org.md\/ro\/wp-content\/uploads\/IMG_4342.jpg\"><img loading=\"lazy\" decoding=\"async\" class=\"aligncenter size-large wp-image-7601\" src=\"http:\/\/baptist.org.md\/ro\/wp-content\/uploads\/IMG_4342-1024x682.jpg\" alt=\"IMG_4342\" width=\"720\" height=\"479\" srcset=\"https:\/\/baptist.org.md\/ro\/wp-content\/uploads\/IMG_4342-1024x682.jpg 1024w, https:\/\/baptist.org.md\/ro\/wp-content\/uploads\/IMG_4342-300x200.jpg 300w\" sizes=\"auto, (max-width: 720px) 100vw, 720px\" \/><\/a><\/p>\n<p style=\"text-align: justify;\">De la eveniment nu a putut lipsi echipa Misiunii Biblice, care a sponsorizat lucr\u0103rile de construc\u0163ie \u015fi a mobilizat echipe de lucr\u0103tori. \u00cembr\u0103ca\u0163i \u00een straie na\u0163ionale, echipa Misiunii Biblice, \u00een frunte cu directorul, Ruslan Mele\u015ftean au preg\u0103tit un program frumos de c\u00e2nt\u0103ri pentru \u00eencurajarea \u015fi zidirea bisericii din Burlacu. Fratele Ruslan a l\u0103sat un \u00eendemn adun\u0103rii inspirat din Romani 12:<\/p>\n<p style=\"text-align: justify;\"><a href=\"http:\/\/baptist.org.md\/ro\/wp-content\/uploads\/IMG_4325.jpg\"><img loading=\"lazy\" decoding=\"async\" class=\"alignright size-medium wp-image-7611\" src=\"http:\/\/baptist.org.md\/ro\/wp-content\/uploads\/IMG_4325-300x201.jpg\" alt=\"IMG_4325\" width=\"300\" height=\"201\" srcset=\"https:\/\/baptist.org.md\/ro\/wp-content\/uploads\/IMG_4325-300x201.jpg 300w, https:\/\/baptist.org.md\/ro\/wp-content\/uploads\/IMG_4325-1024x687.jpg 1024w, https:\/\/baptist.org.md\/ro\/wp-content\/uploads\/IMG_4325.jpg 1706w\" sizes=\"auto, (max-width: 300px) 100vw, 300px\" \/><\/a>&#8220;Aceast\u0103 cl\u0103dire este doar \u00eenceputul unor lucr\u0103ri mai mari. Am contribuit la aceast\u0103 lucrare pentru ca dvs s\u0103 v\u0103 pute\u0163i bucura de slujirea spiritual\u0103 pe care ave\u0163i responsabilitatea s\u0103 o face\u0163i ca \u015fi comunitate pentru localitatea aceasta. Apostolul Pavel \u00eemparte acest capitol \u00een patru blocuri, \u00een care ne spune ce obliga\u0163iuni avem noi ca \u015fi cre\u015ftini. \u00cen primul r\u00e2nd avem obliga\u0163iuni fa\u0163\u0103 de noi personal \u00eenaintea Domnului, apoi ne d\u0103 o list\u0103 de obliga\u0163iuni fa\u0163\u0103 de familiile noastre, fa\u0163\u0103 de cei care ne \u00eenconjoar\u0103 \u015fi \u00een al patrulea r\u00e2nd, ne d\u0103 obliga\u0163ii fa\u0163\u0103 de du\u015fmanii no\u015ftri. Avem obliga\u0163ia s\u0103 tr\u0103im o via\u0163\u0103 autentic\u0103 \u00een Cristos \u015fi aceasta se poate reflecta prin expresia fe\u0163ei noastre, prin faptele, cuvintele noastre. V\u0103 doresc ca Dumnezeu s\u0103 v\u0103 \u00eent\u0103reasc\u0103 \u00een omul dinl\u0103untrul \u015fi a\u015fa cum a spus Pavel: \u201eFi\u0163i plini de r\u00e2vn\u0103, sluji\u0163i Domnului\u201d. V\u0103 felicit\u0103m din partea echipei noastre. V\u0103 aducem salut\u0103ri de la echipele din Germania, care au slujit la aceast\u0103 construc\u0163ie \u015fi Domnul s\u0103 v\u0103 ajute \u00een continuare\u201d, a conchis Ruslan Mele\u015ftean.<\/p>\n<p style=\"text-align: justify;\"><a href=\"http:\/\/baptist.org.md\/ro\/wp-content\/uploads\/IMG_4375.jpg\"><img loading=\"lazy\" decoding=\"async\" class=\"alignleft size-medium wp-image-7602\" src=\"http:\/\/baptist.org.md\/ro\/wp-content\/uploads\/IMG_4375-300x200.jpg\" alt=\"IMG_4375\" width=\"300\" height=\"200\" srcset=\"https:\/\/baptist.org.md\/ro\/wp-content\/uploads\/IMG_4375-300x200.jpg 300w, https:\/\/baptist.org.md\/ro\/wp-content\/uploads\/IMG_4375-1024x682.jpg 1024w\" sizes=\"auto, (max-width: 300px) 100vw, 300px\" \/><\/a>La bucuria \u015fi binecuv\u00e2ntarea bisericii din Burlacu s-a al\u0103turat \u015fi pastorul responsabil pentru Comunitatea Cahul, Andrei Ciobanu. \u00cenv\u0103luit de emo\u0163iile evenimentului, fratele Andrei a \u00eemp\u0103rt\u0103\u015fit emo\u0163iile de acum 15 ani \u00een urm\u0103 c\u00e2nd au tr\u0103it acela\u015fi eveniment, dedicarea noului l\u0103ca\u015f de \u00eenchinare din satul Vadul lui Isac unde sluje\u015fte.<\/p>\n<p style=\"text-align: justify;\">&#8220;Am venit ast\u0103zi aici s\u0103 m\u0103 bucur cu voi \u015fi amintirile de la sfin\u0163irea Casei de Rug\u0103ciune din Vadul \u00cemi amintesc \u015fi acum acea zi. Sute de oameni din sat au venit s\u0103 vad\u0103 ce se \u00eent\u00e2mpl\u0103 la biserica baptist\u0103. Acea zi de mare bucurie, c\u00e2nd am v\u0103zut cl\u0103direa ridicat\u0103 plin\u0103 de oaspe\u0163i a adus mult rod. Sute de oameni au ales la sf\u00e2r\u015fit s\u0103 plece schimba\u0163i, cu o nou\u0103 inim\u0103 acas\u0103. Am folosit aceast\u0103 s\u0103rb\u0103toare pentru a le spune c\u0103 Domnul Isus s-a n\u0103scut, a murit \u015fi a \u00eenviat \u015fi pentru ei. \u0162in minte atunci c\u0103 erau \u015fi profesori printre ei. \u00cen acel an, \u00een apele Prutului am oficiat un botez de peste 100 de oameni, dintre care 54 erau doar din Vadul lui Isac, ca rezultat al evangheliz\u0103rii la dedicarea a Casei de Rug\u0103ciune. V\u0103 doresc ca aceast\u0103 cas\u0103 s\u0103 fie un loc unde \u015fi ceilal\u0163i locuitori ai satului Burlacu s\u0103 g\u0103seasc\u0103 bucuria \u015fi pacea pe care d\u0103 M\u00e2ntuitorul nostru prin jertfa Lui&#8221;, a conchis fratele Andrei Ciobanu.<\/p>\n<p style=\"text-align: justify;\"><a href=\"http:\/\/baptist.org.md\/ro\/wp-content\/uploads\/IMG_44341.jpg\"><img loading=\"lazy\" decoding=\"async\" class=\"alignright size-medium wp-image-7613\" src=\"http:\/\/baptist.org.md\/ro\/wp-content\/uploads\/IMG_44341-300x200.jpg\" alt=\"IMG_4434\" width=\"300\" height=\"200\" srcset=\"https:\/\/baptist.org.md\/ro\/wp-content\/uploads\/IMG_44341-300x200.jpg 300w, https:\/\/baptist.org.md\/ro\/wp-content\/uploads\/IMG_44341-1024x682.jpg 1024w\" sizes=\"auto, (max-width: 300px) 100vw, 300px\" \/><\/a>Cu mesajul de \u00eencheiere a venit secretarul Uniunii Bisericilor Cre\u015ftine Evanghelice Baptiste din Republica Moldova (UBCEB), Nicolae Vozian. \u00cen mesajul s\u0103u inspirat din 1 Cronici 29:1-9, fratele Nicolae Vozian a men\u0163ionat urm\u0103toarele adev\u0103ruri:<\/p>\n<p style=\"text-align: justify;\">&#8220;Sf\u00e2nta Scriptur\u0103 ne spune c\u0103 la baza preg\u0103tirilor pentru aceast\u0103 m\u0103rea\u0163\u0103 lucrare, a stat d\u0103rnicia. Un aspect foarte important men\u0163ionat \u00een aceast\u0103 istorie este faptul c\u0103 poporul a d\u0103ruit cu dragoste \u015fi de bun\u0103 voie. \u00cen al doilea r\u00e2nd vedem c\u0103 d\u0103rnicia cu toat\u0103 dragostea aduce bucurie. \u015ei \u00een al treilea r\u00e2nd, bucuria a inspirat poporul \u015fi \u00eemp\u0103ratul la mul\u0163umire, \u00eenchinare. De aceea Templul era un loca\u015f de \u00eenchinare, un loca\u015f unde se aducea mul\u0163umire, un loca\u015f de bucurie&#8221;.<\/p>\n<p style=\"text-align: justify;\">Nicolae Vozian a \u00eendemnat s\u0103 transforme aceast\u0103 cas\u0103 de rug\u0103ciune \u00eentr-o u\u015f\u0103 deschis\u0103 pentru cei \u00eenseta\u0163i dup\u0103 Cuv\u00e2ntul Evangheliei, pentru to\u0163i oamenii care au nevoie de m\u00e2ng\u00e2iere, pentru copii \u015fi b\u0103tr\u00e2ni, pentru boga\u0163i \u015fi s\u0103raci, pentru s\u0103n\u0103to\u015fi \u015fi bolnavi, pentru to\u021bi cei ce-L caut\u0103 pe Dumnezeu, \u0219i care doresc s\u0103 I se \u00eenchine.<\/p>\n<p style=\"text-align: justify;\">Serviciul de s\u0103rb\u0103toare s-a \u00eencheiat cu o rug\u0103ciune de binecuv\u00e2ntare a noului l\u0103ca\u015f, oficiat\u0103 de cinci pastori \u015fi o poz\u0103 comun\u0103 pe treptele Casei de Rug\u0103ciune. Bucuria evenimentului a fost prelungit\u0103 \u00een jurul unei mese de dragoste pentru to\u0163i oaspe\u0163ii.<\/p>\n<p style=\"text-align: justify;\"><a href=\"http:\/\/baptist.org.md\/ro\/wp-content\/uploads\/IMG_4423.jpg\"><img loading=\"lazy\" decoding=\"async\" class=\"aligncenter size-large wp-image-7604\" src=\"http:\/\/baptist.org.md\/ro\/wp-content\/uploads\/IMG_4423-1024x682.jpg\" alt=\"IMG_4423\" width=\"720\" height=\"479\" srcset=\"https:\/\/baptist.org.md\/ro\/wp-content\/uploads\/IMG_4423-1024x682.jpg 1024w, https:\/\/baptist.org.md\/ro\/wp-content\/uploads\/IMG_4423-300x200.jpg 300w\" sizes=\"auto, (max-width: 720px) 100vw, 720px\" \/><\/a><\/p>\n<p style=\"text-align: justify;\">Construc\u0163ia noi cl\u0103diri a Bisericii Baptiste din satul Burlacu a fost ridicat\u0103 \u00een doar 6 luni. Aceast\u0103 lucrare a mobilizat to\u0163i membrii bisericii \u015fi partenerii implica\u0163i, de la mic \u015fi p\u00e2n\u0103 la mare \u00eentr-o clac\u0103 de jum\u0103tate de an pentru a realiza un vis m\u0103re\u0163 \u2013 o cl\u0103dire unde Numele lui Dumnezeu s\u0103 fie glorificat \u00een condi\u0163ii bune, iar cei ce p\u0103\u015fesc pragul acestei case s\u0103 simt\u0103 aici cu adev\u0103rat prezen\u0163a lui Dumnezeu.<\/p>\n<p style=\"text-align: justify;\">Aceast\u0103 lucrare este posibil\u0103 prin programul UBCEB, sus\u021binut financiar \u0219i logistic de Misiunea Biblic\u0103. Proiectul a \u00eenceput \u00een anul 2009, iar cl\u0103direa bisericii din Burlacu este cel de-al 15-lea proiect finisat \u00een aceast\u0103 lucrare. Astfel de proiect, este implementat de Misiunea Biblic\u0103 la nivel interna\u021bional \u0219i \u00een Ucraina, Belorus, Rusia, Siberia \u0219i Kazahstan. Lucrarea pentru Construc\u021bia Caselor de Rug\u0103ciune la nivel interna\u021bional a \u00eenceput acum trei decenii \u00een urm\u0103, iar p\u00e2n\u0103 \u00een prezent prin intermediul Misiunii Biblice Interna\u021bional au fost construite peste 300 de biserici. P\u00e2n\u0103 \u00een 2020, Misiunea Biblic\u0103 din Republica Moldova planific\u0103 s\u0103 construiasc\u0103 \u00eenc\u0103 15 Case de Rug\u0103ciune, iar la nivel interna\u021bional peste 100 de loca\u0219uri de \u00eenchinare, pentru binecuv\u00e2ntarea bisericilor locale.<\/p>\n<p style=\"text-align: justify;\"><a href=\"http:\/\/baptist.org.md\/ro\/wp-content\/uploads\/IMG_4445.jpg\"><img loading=\"lazy\" decoding=\"async\" class=\"aligncenter size-large wp-image-7605\" src=\"http:\/\/baptist.org.md\/ro\/wp-content\/uploads\/IMG_4445-1024x682.jpg\" alt=\"IMG_4445\" width=\"720\" height=\"479\" srcset=\"https:\/\/baptist.org.md\/ro\/wp-content\/uploads\/IMG_4445-1024x682.jpg 1024w, https:\/\/baptist.org.md\/ro\/wp-content\/uploads\/IMG_4445-300x200.jpg 300w\" sizes=\"auto, (max-width: 720px) 100vw, 720px\" \/><\/a><\/p>\n<p style=\"text-align: justify;\">Urm\u0103ri\u0163i site-ul Uniunii Baptiste pentru a v\u0103 bucura de programul acestei s\u0103rb\u0103tori \u00een format VIDEO \u015fi pentru a afla \u00een detalii istoria Bisericii Baptiste din satul Burlacu.<\/p>\n","protected":false},"excerpt":{"rendered":"<p>Cu mult\u0103 bucurie, al\u0103turi de mul\u021bi oaspe\u021bi, Biserica Baptist\u0103 din satul Burlacu, raionul Cahul a s\u0103rb\u0103torit dedicarea noului loca\u0219 de \u00eenchinare. Dup\u0103 23 de ani de la fondarea bisericii, cre\u0219tinii din Burlacu \u0219i oaspe\u021bii&#46;&#46;&#46;<\/p>\n","protected":false},"author":2,"featured_media":7605,"comment_status":"open","ping_status":"open","sticky":false,"template":"","format":"standard","meta":{"footnotes":""},"categories":[138,77,23],"tags":[260,340,341,342,239,279],"class_list":["post-7594","post","type-post","status-publish","format-standard","has-post-thumbnail","hentry","category-galerie-foto","category-slides","category-interne","tag-comunitatea-cahul","tag-constructia-caselor-de-rugaciune","tag-dedicarea-bisericii-baptiste-din-burlacu","tag-fila-istorica-la-burlacu","tag-misiunea-biblica","tag-uniunea-baptista-din-republica-moldova"],"fimg_url":"https:\/\/baptist.org.md\/ro\/wp-content\/uploads\/IMG_4445.jpg","views":7135,"_links":{"self":[{"href":"https:\/\/baptist.org.md\/ro\/index.php?rest_route=\/wp\/v2\/posts\/7594","targetHints":{"allow":["GET"]}}],"collection":[{"href":"https:\/\/baptist.org.md\/ro\/index.php?rest_route=\/wp\/v2\/posts"}],"about":[{"href":"https:\/\/baptist.org.md\/ro\/index.php?rest_route=\/wp\/v2\/types\/post"}],"author":[{"embeddable":true,"href":"https:\/\/baptist.org.md\/ro\/index.php?rest_route=\/wp\/v2\/users\/2"}],"replies":[{"embeddable":true,"href":"https:\/\/baptist.org.md\/ro\/index.php?rest_route=%2Fwp%2Fv2%2Fcomments&post=7594"}],"version-history":[{"count":6,"href":"https:\/\/baptist.org.md\/ro\/index.php?rest_route=\/wp\/v2\/posts\/7594\/revisions"}],"predecessor-version":[{"id":7614,"href":"https:\/\/baptist.org.md\/ro\/index.php?rest_route=\/wp\/v2\/posts\/7594\/revisions\/7614"}],"wp:featuredmedia":[{"embeddable":true,"href":"https:\/\/baptist.org.md\/ro\/index.php?rest_route=\/wp\/v2\/media\/7605"}],"wp:attachment":[{"href":"https:\/\/baptist.org.md\/ro\/index.php?rest_route=%2Fwp%2Fv2%2Fmedia&parent=7594"}],"wp:term":[{"taxonomy":"category","embeddable":true,"href":"https:\/\/baptist.org.md\/ro\/index.php?rest_route=%2Fwp%2Fv2%2Fcategories&post=7594"},{"taxonomy":"post_tag","embeddable":true,"href":"https:\/\/baptist.org.md\/ro\/index.php?rest_route=%2Fwp%2Fv2%2Ftags&post=7594"}],"curies":[{"name":"wp","href":"https:\/\/api.w.org\/{rel}","templated":true}]}}