{"id":7460,"date":"2014-11-14T14:36:54","date_gmt":"2014-11-14T12:36:54","guid":{"rendered":"http:\/\/baptist.org.md\/ro\/?p=7460"},"modified":"2014-11-23T17:58:45","modified_gmt":"2014-11-23T15:58:45","slug":"23-septembrie-zi-nationala-de-post-si-rugaciune-pentru-alegerile-parlamentare","status":"publish","type":"post","link":"https:\/\/baptist.org.md\/ro\/?p=7460","title":{"rendered":"23 noiembrie &#8211; Zi na\u0163ional\u0103 de post \u015fi rug\u0103ciune pentru Alegerile Parlamentare"},"content":{"rendered":"<p style=\"text-align: right;\"><em><strong>&#8220;V\u0103 \u00eendemn dar, \u00eenainte de toate, s\u0103 face\u021bi rug\u0103ciuni, cereri, mijlociri, mul\u021bumiri pentru to\u021bi oamenii, pentru \u00eemp\u0103ra\u021bi \u0219i pentru to\u021bi cei ce sunt \u00een\u0103l\u021ba\u021bi \u00een dreg\u0103torii, ca s\u0103 putem duce astfel o via\u021b\u0103 pa\u0219nic\u0103 \u0219i lini\u0219tit\u0103, cu toat\u0103 evlavia \u0219i cu toat\u0103 cinstea. Lucrul acesta este bun \u0219i bine primit \u00eenaintea lui Dumnezeu, M\u00e2ntuitorul nostru, care voie\u0219te ca to\u021bi oamenii s\u0103 fie m\u00e2ntui\u021bi \u0219i s\u0103 vin\u0103 la cuno\u0219tin\u021ba adev\u0103rului&#8221;. <\/strong><\/em><\/p>\n<p style=\"text-align: right;\"><em><strong>(1 Timotei 2:1-4)<\/strong><\/em><\/p>\n<p style=\"text-align: justify;\"><a href=\"http:\/\/baptist.org.md\/ro\/wp-content\/uploads\/maxresdefault5.jpg\"><img loading=\"lazy\" decoding=\"async\" class=\"aligncenter size-large wp-image-7465\" src=\"http:\/\/baptist.org.md\/ro\/wp-content\/uploads\/maxresdefault5-1024x576.jpg\" alt=\"maxresdefault\" width=\"720\" height=\"405\" \/><\/a><\/p>\n<p style=\"text-align: justify;\">Dragi fra\u021bi \u0219i surori,<br \/>\nMul\u021bumim lui Dumnezeu pentru vremurile de har \u0219i libertate de care am avut parte \u00een ultimii ani, dar \u00een acela\u0219i timp dorim s\u0103 ne rug\u0103m pentru vremurile care ne stau \u00een fa\u021b\u0103 ca Dumnezeu s\u0103 ne dea \u0219i \u00een continuare o via\u021b\u0103 pa\u0219nic\u0103 \u0219i lini\u0219tit\u0103.<\/p>\n<p style=\"text-align: justify;\">Pe data de 30 noiembrie 2014, \u00een \u021bara noastr\u0103 vor avea loc noi alegeri parlamentare. Pentru c\u0103 de aceste alegeri depinde viitorul nostru pentru urm\u0103torii patru ani, v\u0103 invit\u0103m ca \u00een data de 23 noiembrie, s\u0103 ne unim \u00een post \u0219i rug\u0103ciune \u0219i s\u0103 mijlocim pentru bun\u0103starea \u0219i pacea din \u021bara noastr\u0103.<\/p>\n<p style=\"text-align: justify;\"><strong>Ruga\u021bi-v\u0103 pentru:<\/strong><br \/>\n\u2022 libertatea predic\u0103rii Evangheliei;<br \/>\n\u2022 l\u0103rgirea hotarelor \u00cemp\u0103r\u0103\u021biei lui Dumnezeu;<br \/>\n\u2022 bun\u0103starea spiritual\u0103 \u0219i material\u0103 a poporului;<br \/>\n\u2022 \u00een\u021belepciune \u0219i c\u0103l\u0103uzire, \u00een special, \u00een ziua alegerilor;<br \/>\n\u2022 alegerea unor oameni destoinici \u0219i tem\u0103tori de Dumnezeu;<br \/>\n\u2022 alegerea noii conduceri a Parlamentului;<br \/>\n\u2022 fratele Valeriu Ghile\u0163chi ca Dumnezeu s\u0103-l binecuv\u00e2nteze \u0219i s\u0103-l foloseasc\u0103 \u00een Parlament tot mai mult \u00een vestirea Evangheliei spre slava lui Dumnezeu.<\/p>\n<p style=\"text-align: justify;\">Cu mult respect, ai vo\u0219tri fra\u021bi \u00een Cristos,<\/p>\n<p style=\"text-align: justify;\"><strong>Ion Miron,\u00a0<\/strong><\/p>\n<p style=\"text-align: justify;\"><em>Episcop al Uniunii\u00a0Bisericilor CEB<\/em><\/p>\n<p style=\"text-align: justify;\"><strong>Nicolae Vozian,<\/strong><\/p>\n<p style=\"text-align: justify;\"><em>Secretar Executiv\u00a0al Uniunii BCEB <\/em><\/p>\n<p style=\"text-align: justify;\"><strong>Alexandru Goncearuc,<\/strong><\/p>\n<p style=\"text-align: justify;\"><em>Episcop adjunct al Uniunii BCEB<\/em><\/p>\n","protected":false},"excerpt":{"rendered":"<p>&#8220;V\u0103 \u00eendemn dar, \u00eenainte de toate, s\u0103 face\u021bi rug\u0103ciuni, cereri, mijlociri, mul\u021bumiri pentru to\u021bi oamenii, pentru \u00eemp\u0103ra\u021bi \u0219i pentru to\u021bi cei ce sunt \u00een\u0103l\u021ba\u021bi \u00een dreg\u0103torii, ca s\u0103 putem duce astfel o via\u021b\u0103 pa\u0219nic\u0103&#46;&#46;&#46;<\/p>\n","protected":false},"author":2,"featured_media":7465,"comment_status":"open","ping_status":"open","sticky":false,"template":"","format":"standard","meta":{"footnotes":""},"categories":[2,77,23],"tags":[295,296,228,75],"class_list":["post-7460","post","type-post","status-publish","format-standard","has-post-thumbnail","hentry","category-spiritualitate","category-slides","category-interne","tag-alegeri-parlamentare","tag-campanie-electorala","tag-post-si-rugaciune","tag-valeriu-ghiletchi"],"fimg_url":"https:\/\/baptist.org.md\/ro\/wp-content\/uploads\/maxresdefault5-e1436880491347.jpg","views":2311,"_links":{"self":[{"href":"https:\/\/baptist.org.md\/ro\/index.php?rest_route=\/wp\/v2\/posts\/7460","targetHints":{"allow":["GET"]}}],"collection":[{"href":"https:\/\/baptist.org.md\/ro\/index.php?rest_route=\/wp\/v2\/posts"}],"about":[{"href":"https:\/\/baptist.org.md\/ro\/index.php?rest_route=\/wp\/v2\/types\/post"}],"author":[{"embeddable":true,"href":"https:\/\/baptist.org.md\/ro\/index.php?rest_route=\/wp\/v2\/users\/2"}],"replies":[{"embeddable":true,"href":"https:\/\/baptist.org.md\/ro\/index.php?rest_route=%2Fwp%2Fv2%2Fcomments&post=7460"}],"version-history":[{"count":4,"href":"https:\/\/baptist.org.md\/ro\/index.php?rest_route=\/wp\/v2\/posts\/7460\/revisions"}],"predecessor-version":[{"id":7474,"href":"https:\/\/baptist.org.md\/ro\/index.php?rest_route=\/wp\/v2\/posts\/7460\/revisions\/7474"}],"wp:featuredmedia":[{"embeddable":true,"href":"https:\/\/baptist.org.md\/ro\/index.php?rest_route=\/wp\/v2\/media\/7465"}],"wp:attachment":[{"href":"https:\/\/baptist.org.md\/ro\/index.php?rest_route=%2Fwp%2Fv2%2Fmedia&parent=7460"}],"wp:term":[{"taxonomy":"category","embeddable":true,"href":"https:\/\/baptist.org.md\/ro\/index.php?rest_route=%2Fwp%2Fv2%2Fcategories&post=7460"},{"taxonomy":"post_tag","embeddable":true,"href":"https:\/\/baptist.org.md\/ro\/index.php?rest_route=%2Fwp%2Fv2%2Ftags&post=7460"}],"curies":[{"name":"wp","href":"https:\/\/api.w.org\/{rel}","templated":true}]}}