{"id":7196,"date":"2014-10-20T15:46:27","date_gmt":"2014-10-20T15:46:27","guid":{"rendered":"http:\/\/baptist.org.md\/ro\/?p=7196"},"modified":"2014-10-30T18:40:35","modified_gmt":"2014-10-30T18:40:35","slug":"diaspora-romaneasca-din-europa-si-a-dat-intalnire-la-paris","status":"publish","type":"post","link":"https:\/\/baptist.org.md\/ro\/?p=7196","title":{"rendered":"Diaspora rom\u00e2neasc\u0103 din europa \u0219i-a dat \u00eent\u00e2lnire la Paris"},"content":{"rendered":"<p style=\"text-align: justify;\"><a href=\"http:\/\/baptist.org.md\/ro\/wp-content\/uploads\/Paris.jpg\"><img loading=\"lazy\" decoding=\"async\" class=\"aligncenter size-full wp-image-7197\" src=\"http:\/\/baptist.org.md\/ro\/wp-content\/uploads\/Paris.jpg\" alt=\"Paris\" width=\"600\" height=\"205\" srcset=\"https:\/\/baptist.org.md\/ro\/wp-content\/uploads\/Paris.jpg 600w, https:\/\/baptist.org.md\/ro\/wp-content\/uploads\/Paris-300x102.jpg 300w\" sizes=\"auto, (max-width: 600px) 100vw, 600px\" \/><\/a><\/p>\n<p style=\"text-align: justify;\">Rom\u00e2nii \u00eempr\u0103\u0219tia\u021bi pe \u00eentreg continentul european \u0219i-au dat \u00eent\u00e2lnire la Paris. Motivul p\u0103rt\u0103\u0219iei a fost cea de-a V-a Conferin\u0163\u0103 pentru rom\u00e2nii din diaspor\u0103 cu tema: &#8220;Conducerea bisericii prin slujire.&#8221;<\/p>\n<p style=\"text-align: justify;\">Evenimentul organizat de c\u0103tre Departamentul Misiune al Uniunii Baptiste din Rom\u00e2nia a adunat peste 80 de participan\u0163i \u015fi a fost g\u0103zduit de biserica baptist\u0103 \u201eSperan\u0163a\u201d din Paris \u00een perioada 17-19 octombrie. Slujitori din 21 de biserici \u015fi 9 \u0163\u0103ri diferite au petrecut trei zile \u00een p\u0103rt\u0103\u015fie, \u00eenchinare \u015fi rug\u0103ciune.<\/p>\n<p style=\"text-align: justify;\">La \u00eent\u00e2lnirea rom\u00e2nilor din diaspor\u0103 a fost prezent pre\u0219edintele cultului, Otniel Bunaciu, decanul Institutului Teologic Baptist din Bucure\u015fti, Sorin B\u0103dr\u0103gan, reprezentant al Conven\u021biei Baptistilor Rom\u00e2ni din America de Nord, Samuel Stan \u0219i Alexandru Vla\u0219in \u2013 coordonator al Departamentului de Misiune al UBR.<\/p>\n<p style=\"text-align: justify;\">Participan\u0163ii au avut ocazia s\u0103 interac\u0163ioneze \u00eentre ei, s\u0103 participe la sesiunile \u00een plen \u015fi la discu\u0163iile pe ateliere de lucru. Ca un element de noutate, pentru prima dat\u0103 la acest eveniment au participat \u015fi o parte din so\u0163iilor slujitorilor. Mai mult, surorile au avut un seminar destinat lor, iar mai apoi s-au organizat pentru a discuta motive de rug\u0103ciune \u015fi a se \u00eencuraja la studiu biblic \u015fi slujire \u00een bisericile de unde provin. De aceea, s-a stabilit ca pe viitor conferin\u0163a s\u0103 fie deschis\u0103 so\u0163iilor lucr\u0103torilor, dar \u015fi altor persoane din bisericile din diaspora ce doresc s\u0103 vin\u0103 la p\u0103rt\u0103\u015fie \u00eempreun\u0103 cu fra\u0163ii.<\/p>\n<p style=\"text-align: justify;\">Atmosfera conferin\u0163ei a fost de p\u0103rt\u0103\u015fie voluntar\u0103 \u015fi dorin\u0163a de a \u00eenv\u0103\u0163a unii de la al\u0163ii. Astfel de \u00eent\u00e2lniri sunt speciale deoarece ofer\u0103 un cadru benefic comunic\u0103rii \u015fi \u00eencuraj\u0103rii reciproce \u00een slujire, f\u0103r\u0103 a avea tonul unei \u015fedin\u0163e de lucru. Datorit\u0103 acestui lucru, participan\u0163ii au plecat \u00eembog\u0103\u0163i\u0163i de bucuria timpului petrecut \u00eempreun\u0103, prin \u00eencurajare la o slujire ce conduce biserica \u00een ucenicizare, \u00eenchinare \u015fi implicit, glorificarea celui care este Domnul \u015fi Dumnezeul nostru.<\/p>\n<p style=\"text-align: justify;\">Sursa: <a href=\"http:\/\/revistacrestinulazi.ro\/2014\/10\/paris-conferinta-credinciosilor-baptisti-din-diaspora\/\" target=\"_blank\"><strong>Revista Cre\u015ftinul Azi<\/strong><\/a><\/p>\n","protected":false},"excerpt":{"rendered":"<p>Rom\u00e2nii \u00eempr\u0103\u0219tia\u021bi pe \u00eentreg continentul european \u0219i-au dat \u00eent\u00e2lnire la Paris. Motivul p\u0103rt\u0103\u0219iei a fost cea de-a V-a Conferin\u0163\u0103 pentru rom\u00e2nii din diaspor\u0103 cu tema: &#8220;Conducerea bisericii prin slujire.&#8221; Evenimentul organizat de c\u0103tre Departamentul&#46;&#46;&#46;<\/p>\n","protected":false},"author":2,"featured_media":7197,"comment_status":"open","ping_status":"open","sticky":false,"template":"","format":"standard","meta":{"footnotes":""},"categories":[77,22],"tags":[135,233,232],"class_list":["post-7196","post","type-post","status-publish","format-standard","has-post-thumbnail","hentry","category-slides","category-externe","tag-baptistii-din-diaspora","tag-conferinta-diasporei-romanesti-la-paris","tag-uniunea-baptista-din-romania"],"fimg_url":"https:\/\/baptist.org.md\/ro\/wp-content\/uploads\/Paris.jpg","views":2256,"_links":{"self":[{"href":"https:\/\/baptist.org.md\/ro\/index.php?rest_route=\/wp\/v2\/posts\/7196","targetHints":{"allow":["GET"]}}],"collection":[{"href":"https:\/\/baptist.org.md\/ro\/index.php?rest_route=\/wp\/v2\/posts"}],"about":[{"href":"https:\/\/baptist.org.md\/ro\/index.php?rest_route=\/wp\/v2\/types\/post"}],"author":[{"embeddable":true,"href":"https:\/\/baptist.org.md\/ro\/index.php?rest_route=\/wp\/v2\/users\/2"}],"replies":[{"embeddable":true,"href":"https:\/\/baptist.org.md\/ro\/index.php?rest_route=%2Fwp%2Fv2%2Fcomments&post=7196"}],"version-history":[{"count":3,"href":"https:\/\/baptist.org.md\/ro\/index.php?rest_route=\/wp\/v2\/posts\/7196\/revisions"}],"predecessor-version":[{"id":7200,"href":"https:\/\/baptist.org.md\/ro\/index.php?rest_route=\/wp\/v2\/posts\/7196\/revisions\/7200"}],"wp:featuredmedia":[{"embeddable":true,"href":"https:\/\/baptist.org.md\/ro\/index.php?rest_route=\/wp\/v2\/media\/7197"}],"wp:attachment":[{"href":"https:\/\/baptist.org.md\/ro\/index.php?rest_route=%2Fwp%2Fv2%2Fmedia&parent=7196"}],"wp:term":[{"taxonomy":"category","embeddable":true,"href":"https:\/\/baptist.org.md\/ro\/index.php?rest_route=%2Fwp%2Fv2%2Fcategories&post=7196"},{"taxonomy":"post_tag","embeddable":true,"href":"https:\/\/baptist.org.md\/ro\/index.php?rest_route=%2Fwp%2Fv2%2Ftags&post=7196"}],"curies":[{"name":"wp","href":"https:\/\/api.w.org\/{rel}","templated":true}]}}