{"id":6754,"date":"2014-10-08T14:45:10","date_gmt":"2014-10-08T14:45:10","guid":{"rendered":"http:\/\/baptist.org.md\/ro\/?p=6754"},"modified":"2014-10-09T09:09:56","modified_gmt":"2014-10-09T09:09:56","slug":"uniunea-baptista-va-invita-sa-sarbatorim-ziua-multumirii-2014","status":"publish","type":"post","link":"https:\/\/baptist.org.md\/ro\/?p=6754","title":{"rendered":"Uniunea Baptist\u0103 v\u0103 invit\u0103 s\u0103 s\u0103rb\u0103torim Ziua Mul\u0163umirii 2014"},"content":{"rendered":"<p><a href=\"http:\/\/baptist.org.md\/ro\/wp-content\/uploads\/10722163_10152272735572084_1663680052_o.jpg\"><img loading=\"lazy\" decoding=\"async\" class=\"aligncenter size-large wp-image-6755\" src=\"http:\/\/baptist.org.md\/ro\/wp-content\/uploads\/10722163_10152272735572084_1663680052_o-1024x378.jpg\" alt=\"10722163_10152272735572084_1663680052_o\" width=\"720\" height=\"265\" srcset=\"https:\/\/baptist.org.md\/ro\/wp-content\/uploads\/10722163_10152272735572084_1663680052_o-1024x378.jpg 1024w, https:\/\/baptist.org.md\/ro\/wp-content\/uploads\/10722163_10152272735572084_1663680052_o-300x110.jpg 300w, https:\/\/baptist.org.md\/ro\/wp-content\/uploads\/10722163_10152272735572084_1663680052_o.jpg 1182w\" sizes=\"auto, (max-width: 720px) 100vw, 720px\" \/><\/a>Duminic\u0103, 12 octombrie Comunitatea Bisericilor Cre\u0219tine Evanghelice Baptiste (UBCEB) v\u0103 d\u0103 \u00eent\u00e2lnire \u00een Scuarul Teatrului de Oper\u0103 \u0219i Balet. Vom mul\u0163umi \u00eempreun\u0103 pentru purtarea de grij\u0103 a lui Dumnezeu \u015fi bel\u015fugul pe care ni-l d\u0103.S\u0103rb\u0103toarea mul\u021bumirii este o porunc\u0103 biblic\u0103 l\u0103sat\u0103 poporului Israel \u00eenc\u0103 din Vechiul Testament.<\/p>\n<p>V\u0103 invit\u0103m s\u0103 v\u0103 bucura\u021bi de Ziua Mul\u021bumirii al\u0103turi de noi. \u00cen program particip\u0103 un cor din Germania \u0219i pastorul Alexandr Sipco din SUA. Nu pierde\u021bi Ziua Mul\u021bumirii, ziua bucuriei.<\/p>\n","protected":false},"excerpt":{"rendered":"<p>Duminic\u0103, 12 octombrie Comunitatea Bisericilor Cre\u0219tine Evanghelice Baptiste (UBCEB) v\u0103 d\u0103 \u00eent\u00e2lnire \u00een Scuarul Teatrului de Oper\u0103 \u0219i Balet. Vom mul\u0163umi \u00eempreun\u0103 pentru purtarea de grij\u0103 a lui Dumnezeu \u015fi bel\u015fugul pe care ni-l&#46;&#46;&#46;<\/p>\n","protected":false},"author":2,"featured_media":6755,"comment_status":"open","ping_status":"open","sticky":false,"template":"","format":"standard","meta":{"footnotes":""},"categories":[9,77,23],"tags":[175,178,179,180,114,177],"class_list":["post-6754","post","type-post","status-publish","format-standard","has-post-thumbnail","hentry","category-sister_events","category-slides","category-interne","tag-alexandr-sipco","tag-corul-din-germania","tag-evanghelizare","tag-scuarul-de-opera-de-balet","tag-uniunea-baptista","tag-ziua-multumirii-2014"],"fimg_url":"https:\/\/baptist.org.md\/ro\/wp-content\/uploads\/10722163_10152272735572084_1663680052_o.jpg","views":4333,"_links":{"self":[{"href":"https:\/\/baptist.org.md\/ro\/index.php?rest_route=\/wp\/v2\/posts\/6754","targetHints":{"allow":["GET"]}}],"collection":[{"href":"https:\/\/baptist.org.md\/ro\/index.php?rest_route=\/wp\/v2\/posts"}],"about":[{"href":"https:\/\/baptist.org.md\/ro\/index.php?rest_route=\/wp\/v2\/types\/post"}],"author":[{"embeddable":true,"href":"https:\/\/baptist.org.md\/ro\/index.php?rest_route=\/wp\/v2\/users\/2"}],"replies":[{"embeddable":true,"href":"https:\/\/baptist.org.md\/ro\/index.php?rest_route=%2Fwp%2Fv2%2Fcomments&post=6754"}],"version-history":[{"count":3,"href":"https:\/\/baptist.org.md\/ro\/index.php?rest_route=\/wp\/v2\/posts\/6754\/revisions"}],"predecessor-version":[{"id":6771,"href":"https:\/\/baptist.org.md\/ro\/index.php?rest_route=\/wp\/v2\/posts\/6754\/revisions\/6771"}],"wp:featuredmedia":[{"embeddable":true,"href":"https:\/\/baptist.org.md\/ro\/index.php?rest_route=\/wp\/v2\/media\/6755"}],"wp:attachment":[{"href":"https:\/\/baptist.org.md\/ro\/index.php?rest_route=%2Fwp%2Fv2%2Fmedia&parent=6754"}],"wp:term":[{"taxonomy":"category","embeddable":true,"href":"https:\/\/baptist.org.md\/ro\/index.php?rest_route=%2Fwp%2Fv2%2Fcategories&post=6754"},{"taxonomy":"post_tag","embeddable":true,"href":"https:\/\/baptist.org.md\/ro\/index.php?rest_route=%2Fwp%2Fv2%2Ftags&post=6754"}],"curies":[{"name":"wp","href":"https:\/\/api.w.org\/{rel}","templated":true}]}}