{"id":4289,"date":"2014-03-10T20:27:18","date_gmt":"2014-03-10T16:27:18","guid":{"rendered":"http:\/\/baptist.org.md\/ro\/?p=4289"},"modified":"2014-03-10T20:27:18","modified_gmt":"2014-03-10T16:27:18","slug":"rugaciunea-de-dimineata-pentru-ucraina-locuitorii-orasului-harcov-incep-ziua-pe-genunchi-in-piata-libertatii","status":"publish","type":"post","link":"https:\/\/baptist.org.md\/ro\/?p=4289","title":{"rendered":"Rug\u0103ciunea de diminea\u0163\u0103 pentru Ucraina. Locuitorii ora\u015fului Harcov \u00eencep ziua pe genunchi \u00een Pia\u0163a Libert\u0103\u0163ii"},"content":{"rendered":"<p style=\"text-align: justify;\">\n\t<a href=\"http:\/\/baptist.org.md\/ro\/wp-content\/uploads\/2014\/03\/w0Gf4t2aHyQ.jpg\"><img loading=\"lazy\" decoding=\"async\" alt=\"w0Gf4t2aHyQ\" class=\"alignleft size-medium wp-image-4295\" height=\"300\" src=\"http:\/\/baptist.org.md\/ro\/wp-content\/uploads\/2014\/03\/w0Gf4t2aHyQ-300x300.jpg\" width=\"300\" \/><\/a><span style=\"line-height: 1.6em;\">Chemarea lansat\u0103 s\u0103pt\u0103m&acirc;na trecut\u0103 pe re\u0163elele de socializare, a adunat ast\u0103zi peste 250 de cre\u015ftini &icirc;n Pia\u0163a Libert\u0103\u0163ii&nbsp;din ora\u015ful Harcov, Ucraina.&nbsp;Locuitorii ora\u015fului &icirc;ncep fiecare zi pe genunchi \u015fi cheam\u0103 to\u0163i locuitorii \u0163\u0103rii s\u0103 stea &icirc;n rug\u0103ciune pentru protec\u0163ia poporului \u015fi pentru pace &icirc;n Ucraina.<\/span>\n<\/p>\n<p style=\"text-align: justify;\">\n\tIni\u0163iativa a fost lansat\u0103 o dat\u0103 cu&nbsp;decizia Rusiei de a mobiliza trupele armate &icirc;n Crimeea&nbsp;\u015fi cheam\u0103 cre\u015ftinii din ora\u015f la rug\u0103ciunea comun\u0103 &icirc;n fiecare diminea\u0163\u0103 la ora 07:00. Ideea apar\u0163ine unui pastor, care dup\u0103 ce a auzit decizia luat\u0103 de Moscova, aflat la o conferin\u0163\u0103 pentru pastori, a propus s\u0103 se adune &icirc;n fiecare diminea\u0163\u0103 la rug\u0103ciune&nbsp;pentru Ucraina.\n<\/p>\n<p style=\"text-align: justify;\">\n\tB\u0103rba\u0163i \u015fi femei, tineri \u015fi b\u0103tr&acirc;ni, p\u0103rin\u0163i \u015fi copii&nbsp;vin &icirc;n fiecare diminea\u0163\u0103 s\u0103 se roage lui Dumnezeu pentru \u0163ar\u0103 \u015fi s\u0103 binecuv&acirc;nteze Ucraina.\n<\/p>\n<p>\n\t<!--more-->\n<\/p>\n<p style=\"text-align: justify;\">\n\t&bdquo;Ast\u0103zi am fost 250 de persoane. Administra\u0163ia ora\u015fului este speriat\u0103 \u015fi ne-a rugat s\u0103 suspend\u0103m aceste &icirc;nt&acirc;lniri. Slav\u0103 Domnului, a fost de acord, s\u0103 ne rug\u0103m &icirc;n spatele monumentului lui Lenin.&nbsp;A\u015fadar, v\u0103 a\u015ftept\u0103m m&acirc;ine diminea\u0163\u0103 din nou la ora 07:00 &icirc;n parc dup\u0103 monumentul lui Lenin la rug\u0103ciunea comun\u0103 pentru \u0163ara noastr\u0103. Invita\u0163i to\u0163i cre\u015ftinii, indiferent de confesiunea lor religioas\u0103, ortodox, catolic sau protestant. To\u0163i credem &icirc;ntr-un singur Dumnezeu, de protec\u0163ia c\u0103ruia are nevoie acum poporul ucrainean&rdquo;, scrie &icirc;n eventul creat pe facebook unul din organizatori, Pavel Hramov.\n<\/p>\n<p style=\"text-align: justify;\">\n\t<a href=\"http:\/\/baptist.org.md\/ro\/wp-content\/uploads\/2014\/03\/1966739_10200783882439710_267534639_n.jpg\" rel=\"\" style=\"\" target=\"\" title=\"\"><img decoding=\"async\" alt=\"1966739_10200783882439710_267534639_n\" class=\"aligncenter size-full wp-image-4297\" height=\"\" src=\"http:\/\/baptist.org.md\/ro\/wp-content\/uploads\/2014\/03\/1966739_10200783882439710_267534639_n.jpg\" style=\"\" title=\"\" width=\"640\" \/><\/a>\n<\/p>\n<p style=\"text-align: justify;\">\n\t&bdquo;Vin aici &icirc;n fiecare diminea\u0163\u0103 pentru ca s\u0103 m\u0103 rog. Vin \u015fi cu fiul meu, cu familia mea.&nbsp;Vin s\u0103 m\u0103 rog \u015fi s\u0103 binecuv&acirc;ntez poporul meu \u015fi conducerea poporului meu. Neamul nostru blestem\u0103 autorit\u0103\u0163ile \u015fi pe urm\u0103 a\u015fteapt\u0103 s\u0103 fie binecuv&acirc;ntate de acestea. Am venit s\u0103 m\u0103 rog pentru pace &icirc;n \u0163ara noastr\u0103, pentru pre\u015fedintele nostru, pentru guvernatorul nostru, pentru primarul nostru, pentru Putin, pentru ca Dumnezeu s\u0103 le dea &icirc;n\u0163elepciune &icirc;n luarea deciziilor importante pentru \u0163ar\u0103&rdquo;, spune unul din participan\u0163ii la eveniment.\n<\/p>\n<p>\n\t<iframe loading=\"lazy\" allowfullscreen=\"\" frameborder=\"0\" height=\"360\" src=\"\/\/www.youtube.com\/embed\/TOT5mgA5Gwk\" width=\"640\"><\/iframe>\n<\/p>\n<p style=\"text-align: justify;\">\n\tUnul din participan\u021bi &icirc;mp\u0103rt\u0103\u0219e\u0219te o experien\u021b\u0103 tr\u0103it\u0103 &icirc;ntr-o diminea\u021b\u0103 &icirc;n Pia\u021ba Libert\u0103\u021bii din Harcov: &rdquo;&Icirc;n timp ce ne rugam, &icirc;n una din aceste dimine\u021bi, s-au apropiat de noi doi tineri, ne-au &icirc;ntrebat cine suntem \u0219i ce facem? La r&acirc;ndul nostru \u0219i noi i-am &icirc;ntrebat de unde sunt \u0219i ce fac aici. Ei ne-au r\u0103spuns: &rdquo;Noi am venit din Rusia. Cineva ne-a rugat s\u0103 ajut\u0103m, iat\u0103 suntem aici, cu ce putem s\u0103 ajut\u0103m?&rdquo;. A fost o bucurie \u0219i o experien\u021b\u0103 deosebit\u0103&rdquo;, scrie un participant pe eveniment creat pe site-ul de socializare rus <a href=\"http:\/\/vk.com\/pray_khakov\" target=\"_blank\"><strong>VK.COM<\/strong><\/a>\n<\/p>\n<p style=\"text-align: justify;\">\n\t&rdquo;Chem\u0103m to\u021bi cre\u0219tinii ora\u0219ului Harcov la rug\u0103ciunea comun\u0103, &icirc;n Pia\u021ba Libert\u0103\u021bii &icirc;n fiecare diminea\u021b\u0103 la ora 07:00 diminea\u021ba. \u021bara noastr\u0103 se afl\u0103 &icirc;n prag de r\u0103zboi. Nu este vremea pentru retorici politice. Este timpul ca to\u021bi cre\u0219tinii s\u0103 se uneasc\u0103 &icirc;n rug\u0103ciune pentru poporul ucrainean &icirc;n fa\u021ba Domnului, pentru ca s\u0103 p\u0103str\u0103m pacea \u0219i oamenii s\u0103 se plece cu smerenie &icirc;n fa\u021ba Lui&rdquo;, cu acest mesaj, lansat pe re\u021belele de socializare, cre\u0219tinii din Harcov au transformat Pia\u021ba Libert\u0103\u021bii &icirc;ntr-un altar de mijlocire pentru pace, pentru protec\u021bie, pentru via\u021b\u0103.\n<\/p>\n<p style=\"text-align: justify;\">\n\t\n<\/p>\n<p style=\"text-align: justify;\">\n\tLa chemarea locuitorilor din Harcov, s-au al\u0103turat sute de cre\u0219tini din &icirc;ntreaga lume. Mesaje de sus\u021binere \u0219i &icirc;ncurajare au fost transmise pe re\u021belele de socializare de cre\u0219tinii ucraineni sau ru\u0219i, afla\u021bi peste hotare &icirc;n Europa, Asia sau continentul american.\n<\/p>\n<p style=\"text-align: justify;\">\n\tUnul din acesta sun\u0103 a\u0219a: &rdquo;Fra\u021bi \u0219i surori, salut\u0103ri din Bulgaria. Eu iubesc to\u021bi oamenii din Ucraina &ndash; ucrainenii, ru\u0219ii, t\u0103tarii \u0219i pe to\u021bi ceilal\u021bi. Am fost de dou\u0103 ori &icirc;n Ucraina, tat\u0103l meu a lucrat &icirc;n Krivom 14 ani. Pentru c\u0103 eu nu am nimic &icirc;mpotriva la nicio parte, &icirc;mi este foarte u\u0219or de tot ce se &icirc;nt&acirc;mpl\u0103. Nu pot s\u0103 fiu fizic cu voi, dar eu m\u0103 rog &icirc;mpreun\u0103 cu voi. Dumnezeu s\u0103 v\u0103 binecuv&acirc;nteze pe to\u021bi! Dumnezeu s\u0103 dea pace \u0219i trezire spiritual\u0103&rdquo;, scrie &icirc;n eventul din VK.com, Kalin Vassilev.\n<\/p>\n<p style=\"text-align: justify;\">\n\tUniunea Baptist\u0103 din Republica Moldova, cheam\u0103 to\u021bi cre\u0219tinii s\u0103 sus\u021bin\u0103 situa\u021bia din Ucraina &icirc;n rug\u0103ciune. Ruga\u021bi-v\u0103 continuu pentru pace &icirc;n Ucraina, pentru protec\u021bia poporului vecin, pentru &icirc;n\u021belepciune pre\u0219edintelui, Alexander Turcinov, care este pastor baptist.\n<\/p>\n<p style=\"text-align: justify;\">\n\tRuga\u021bi-v\u0103 &icirc;n fiecare diminea\u021b\u0103 la ora 07:00 pentru Ucraina!<\/p>\n","protected":false},"excerpt":{"rendered":"<p>Chemarea lansat\u0103 s\u0103pt\u0103m&acirc;na trecut\u0103 pe re\u0163elele de socializare, a adunat ast\u0103zi peste 250 de cre\u015ftini &icirc;n Pia\u0163a Libert\u0103\u0163ii&nbsp;din ora\u015ful Harcov, Ucraina.&nbsp;Locuitorii ora\u015fului &icirc;ncep fiecare zi pe genunchi \u015fi cheam\u0103 to\u0163i locuitorii \u0163\u0103rii s\u0103 stea&#46;&#46;&#46;<\/p>\n","protected":false},"author":2,"featured_media":4302,"comment_status":"closed","ping_status":"closed","sticky":false,"template":"","format":"standard","meta":{"footnotes":""},"categories":[18,22,23,28],"tags":[],"class_list":["post-4289","post","type-post","status-publish","format-standard","has-post-thumbnail","hentry","category-rugaciune","category-externe","category-interne","category-video"],"fimg_url":null,"views":3416,"_links":{"self":[{"href":"https:\/\/baptist.org.md\/ro\/index.php?rest_route=\/wp\/v2\/posts\/4289","targetHints":{"allow":["GET"]}}],"collection":[{"href":"https:\/\/baptist.org.md\/ro\/index.php?rest_route=\/wp\/v2\/posts"}],"about":[{"href":"https:\/\/baptist.org.md\/ro\/index.php?rest_route=\/wp\/v2\/types\/post"}],"author":[{"embeddable":true,"href":"https:\/\/baptist.org.md\/ro\/index.php?rest_route=\/wp\/v2\/users\/2"}],"replies":[{"embeddable":true,"href":"https:\/\/baptist.org.md\/ro\/index.php?rest_route=%2Fwp%2Fv2%2Fcomments&post=4289"}],"version-history":[{"count":0,"href":"https:\/\/baptist.org.md\/ro\/index.php?rest_route=\/wp\/v2\/posts\/4289\/revisions"}],"wp:featuredmedia":[{"embeddable":true,"href":"https:\/\/baptist.org.md\/ro\/index.php?rest_route=\/"}],"wp:attachment":[{"href":"https:\/\/baptist.org.md\/ro\/index.php?rest_route=%2Fwp%2Fv2%2Fmedia&parent=4289"}],"wp:term":[{"taxonomy":"category","embeddable":true,"href":"https:\/\/baptist.org.md\/ro\/index.php?rest_route=%2Fwp%2Fv2%2Fcategories&post=4289"},{"taxonomy":"post_tag","embeddable":true,"href":"https:\/\/baptist.org.md\/ro\/index.php?rest_route=%2Fwp%2Fv2%2Ftags&post=4289"}],"curies":[{"name":"wp","href":"https:\/\/api.w.org\/{rel}","templated":true}]}}