{"id":4003,"date":"2014-02-19T20:58:44","date_gmt":"2014-02-19T16:58:44","guid":{"rendered":"http:\/\/baptist.org.md\/ro\/?p=4003"},"modified":"2014-02-19T20:58:44","modified_gmt":"2014-02-19T16:58:44","slug":"viorel-iuga-la-seara-de-tineret-a-bisericii-isus-salvatorul","status":"publish","type":"post","link":"https:\/\/baptist.org.md\/ro\/?p=4003","title":{"rendered":"Viorel Iuga la seara de tineret a bisericii &quot;Isus Salvatorul&quot;"},"content":{"rendered":"<p style=\"text-align: justify;\">\n\tMar\u0163i, <a href=\"http:\/\/baptist.org.md\/ro\/wp-content\/uploads\/2014\/02\/396222_332255116807861_1219134019_n.jpg\"><img loading=\"lazy\" decoding=\"async\" alt=\"396222_332255116807861_1219134019_n\" class=\"alignright size-medium wp-image-4012\" height=\"200\" src=\"http:\/\/baptist.org.md\/ro\/wp-content\/uploads\/2014\/02\/396222_332255116807861_1219134019_n-300x200.jpg\" width=\"300\" \/><\/a>18 februarie tinerii din capital\u0103 au participat la o sear\u0103 special\u0103 cu pastorul \u015fi scriitorul din Arad, Viorel Iuga. &Icirc;n cadrul serii, autorul a vorbit tinerilor principii s\u0103n\u0103toase din Scriptur\u0103 pentru rela\u0163ionare \u015fi o tr\u0103ire curat\u0103 &icirc;n domeniul sexualit\u0103\u0163ii.\n<\/p>\n<p style=\"text-align: justify;\">\n\t<span style=\"font-family: Arial, Helvetica, sans-serif; font-size: 13px; line-height: 18px; text-align: justify;\">Viorel Iuga este pastorul bisericii &bdquo;Speran\u0163a&rdquo; din Arad \u015fi autorul a peste 50 de titluri de carte dedicate tinerilor, familiei \u015fi rela\u0163iilor dintre sexe &icirc;n diferitele etape ale vie\u0163ii. Viorel Iuga se bucur\u0103 de o aten\u0163ie deosebit\u0103 din partea tinerilor, datorit\u0103 abord\u0103rii inedite manifestat\u0103 &icirc;n discursul \u015fi comunicarea cu tinerii.<\/span>\n<\/p>\n<p style=\"text-align: justify;\">\n\t<span style=\"font-family: Arial, Helvetica, sans-serif; font-size: 13px; line-height: 18px; text-align: justify;\">Cu mai multe detalii vom reveni &icirc;n alte materiale. Audi\u0163ie pl\u0103cut\u0103<\/span>&nbsp;\n<\/p>\n<p style=\"text-align: justify;\">\n\t<iframe frameborder=\"0\" scrolling=\"no\" src=\"http:\/\/www.spreaker.com\/embed\/player\/standard?autoplay=false&amp;episode_id=4077250\" style=\"width: 100%; height: 131px; min-width: 400px;\"><\/iframe><\/p>\n","protected":false},"excerpt":{"rendered":"<p>Mar\u0163i, 18 februarie tinerii din capital\u0103 au participat la o sear\u0103 special\u0103 cu pastorul \u015fi scriitorul din Arad, Viorel Iuga. &Icirc;n cadrul serii, autorul a vorbit tinerilor principii s\u0103n\u0103toase din Scriptur\u0103 pentru rela\u0163ionare \u015fi&#46;&#46;&#46;<\/p>\n","protected":false},"author":2,"featured_media":0,"comment_status":"closed","ping_status":"closed","sticky":false,"template":"","format":"standard","meta":{"footnotes":""},"categories":[3,15,26],"tags":[],"class_list":["post-4003","post","type-post","status-publish","format-standard","hentry","category-audio","category-predici","category-tineret-resurse"],"fimg_url":false,"views":5113,"_links":{"self":[{"href":"https:\/\/baptist.org.md\/ro\/index.php?rest_route=\/wp\/v2\/posts\/4003","targetHints":{"allow":["GET"]}}],"collection":[{"href":"https:\/\/baptist.org.md\/ro\/index.php?rest_route=\/wp\/v2\/posts"}],"about":[{"href":"https:\/\/baptist.org.md\/ro\/index.php?rest_route=\/wp\/v2\/types\/post"}],"author":[{"embeddable":true,"href":"https:\/\/baptist.org.md\/ro\/index.php?rest_route=\/wp\/v2\/users\/2"}],"replies":[{"embeddable":true,"href":"https:\/\/baptist.org.md\/ro\/index.php?rest_route=%2Fwp%2Fv2%2Fcomments&post=4003"}],"version-history":[{"count":0,"href":"https:\/\/baptist.org.md\/ro\/index.php?rest_route=\/wp\/v2\/posts\/4003\/revisions"}],"wp:attachment":[{"href":"https:\/\/baptist.org.md\/ro\/index.php?rest_route=%2Fwp%2Fv2%2Fmedia&parent=4003"}],"wp:term":[{"taxonomy":"category","embeddable":true,"href":"https:\/\/baptist.org.md\/ro\/index.php?rest_route=%2Fwp%2Fv2%2Fcategories&post=4003"},{"taxonomy":"post_tag","embeddable":true,"href":"https:\/\/baptist.org.md\/ro\/index.php?rest_route=%2Fwp%2Fv2%2Ftags&post=4003"}],"curies":[{"name":"wp","href":"https:\/\/api.w.org\/{rel}","templated":true}]}}