{"id":2969,"date":"2013-11-29T09:38:54","date_gmt":"2013-11-29T05:38:54","guid":{"rendered":"http:\/\/baptist.org.md\/ro\/?p=2969"},"modified":"2013-11-29T09:38:54","modified_gmt":"2013-11-29T05:38:54","slug":"la-multi-ani-andrei-ciobanu","status":"publish","type":"post","link":"https:\/\/baptist.org.md\/ro\/?p=2969","title":{"rendered":"La mul\u0163i ani Andrei Ciobanu"},"content":{"rendered":"<p style=\"text-align: justify;\">\n\t<a href=\"http:\/\/baptist.org.md\/ro\/wp-content\/uploads\/c1.jpg\"><img loading=\"lazy\" decoding=\"async\" alt=\"c1\" class=\"alignleft size-medium wp-image-2953\" height=\"283\" src=\"http:\/\/baptist.org.md\/ro\/wp-content\/uploads\/c1-300x283.jpg\" width=\"300\" \/><\/a><span style=\"line-height: 1.6em;\">Prima &icirc;nt&acirc;lnire a membrilor Consiliului Uniunii, dup\u0103 cel de-al XXII-lea Congress UBCEB a fost marcat\u0103 \u015fi de un eveniment important &icirc;n via\u0163a unuia din slujitorii fideli ai comunit\u0103\u0163ii noastre. Fratele Andrei Ciobanu, pre\u015fedintele Comunit\u0103\u0163ii Cahul a aniversat pe 28 noiembrie 59 de ani. Cu acest prilej, episcopul UBCEB, Ion Miron a adresat un mesaj de felicitare \u015fi un buchet de flori, celui ce anul trecut a trecut prin valea umbrei mor\u0163ii, iar ast\u0103zi plin de r&acirc;vn\u0103 \u015fi putere ca alt\u0103 dat\u0103 se investe\u015fte cu d\u0103ruire &icirc;n ogorul Evangheliei din sudul \u0163\u0103rii.<\/span>\n<\/p>\n<p style=\"text-align: justify;\">\n\tPrezent la &icirc;nt&acirc;lnirea consiliului, pastorul bisericii &bdquo;Bunavestire&rdquo;, Vasile Filat a &icirc;mp\u0103rt\u0103\u015fit &icirc;nt&acirc;lnirea lui cu fratele Andrei la Moscova, de la care a aflat prima dat\u0103 mesajul Evanghelie \u015fi a fost &icirc;ndrumat de acesta spre o biseric\u0103 evanghelic\u0103 din Chi\u015fin\u0103u. M\u0103rturia fratelui Vasile Filat a fost cel mai frumos cadou pentru Andrei Ciobanu.\n<\/p>\n<p>\n\t<!--more-->\n<\/p>\n<p style=\"text-align: justify;\">\n\tAndrei Cebanu&nbsp;s-a n\u0103scut la 28 decembrie, 1954 &icirc;n satul Vadul lui Isac, raionul Vulc\u0103ne\u015fti. La v&acirc;rsta de 22 de ani &Icirc;l cunoa\u015fte pe Domnul &icirc;n mod personal \u015fi &icirc;n anul 1976 &icirc;ncheie leg\u0103m&acirc;nt &icirc;n apa botezului. Dup\u0103 un an se implic\u0103 &icirc;n biserica local\u0103 ca predicator, mai t&acirc;rziu sluje\u015fte ca lider de tineret.\n<\/p>\n<p style=\"text-align: justify;\">\n\t&Icirc;n anul 1980 fratele Andrei este ordinat la slujirea de p\u0103stor &icirc;n biserica local\u0103.\n<\/p>\n<p style=\"text-align: justify;\">\n\t&Icirc;ncep&acirc;nd cu destr\u0103marea Uniunii Sovietice \u015fi deschiderea noilor oportunit\u0103\u0163i de evanghelizare, fratele Andrei s-a dedicat totalmente &icirc;n predicarea Evangheliei \u015fi plantarea noilor biserici &icirc;n satele vecine. Din anul 1994, Andrei Cebanu a fost implicat ca ajutor al pastorului responsabil pe Comunitatea de Sud din cadrul UBCEB. Din anul 2005 sluje\u015fte ca pastor responsabil de comunitatea Cahul.\n<\/p>\n<p style=\"text-align: justify;\">\n\t&Icirc;n anul 2012 familia Ciobanu a trecut prin &icirc;ncercarea credin\u0163ei. Din cauza unei maladii grave, fratele Andrei a suferit o interven\u0163ie chirurgical\u0103 de transplant de ficat &icirc;n Italia. Totu\u015fi, &icirc;n pofida acestor experien\u0163e, el a r\u0103mas credincios Domnului \u015fi continue s\u0103 fac\u0103 lucrarea care i-a fost &icirc;ncredin\u0163at\u0103.\n<\/p>\n<p>\n\t&nbsp;<\/p>\n","protected":false},"excerpt":{"rendered":"<p>Prima &icirc;nt&acirc;lnire a membrilor Consiliului Uniunii, dup\u0103 cel de-al XXII-lea Congress UBCEB a fost marcat\u0103 \u015fi de un eveniment important &icirc;n via\u0163a unuia din slujitorii fideli ai comunit\u0103\u0163ii noastre. Fratele Andrei Ciobanu, pre\u015fedintele Comunit\u0103\u0163ii&#46;&#46;&#46;<\/p>\n","protected":false},"author":2,"featured_media":0,"comment_status":"closed","ping_status":"closed","sticky":false,"template":"","format":"standard","meta":{"footnotes":""},"categories":[23],"tags":[],"class_list":["post-2969","post","type-post","status-publish","format-standard","hentry","category-interne"],"fimg_url":false,"views":1747,"_links":{"self":[{"href":"https:\/\/baptist.org.md\/ro\/index.php?rest_route=\/wp\/v2\/posts\/2969","targetHints":{"allow":["GET"]}}],"collection":[{"href":"https:\/\/baptist.org.md\/ro\/index.php?rest_route=\/wp\/v2\/posts"}],"about":[{"href":"https:\/\/baptist.org.md\/ro\/index.php?rest_route=\/wp\/v2\/types\/post"}],"author":[{"embeddable":true,"href":"https:\/\/baptist.org.md\/ro\/index.php?rest_route=\/wp\/v2\/users\/2"}],"replies":[{"embeddable":true,"href":"https:\/\/baptist.org.md\/ro\/index.php?rest_route=%2Fwp%2Fv2%2Fcomments&post=2969"}],"version-history":[{"count":0,"href":"https:\/\/baptist.org.md\/ro\/index.php?rest_route=\/wp\/v2\/posts\/2969\/revisions"}],"wp:attachment":[{"href":"https:\/\/baptist.org.md\/ro\/index.php?rest_route=%2Fwp%2Fv2%2Fmedia&parent=2969"}],"wp:term":[{"taxonomy":"category","embeddable":true,"href":"https:\/\/baptist.org.md\/ro\/index.php?rest_route=%2Fwp%2Fv2%2Fcategories&post=2969"},{"taxonomy":"post_tag","embeddable":true,"href":"https:\/\/baptist.org.md\/ro\/index.php?rest_route=%2Fwp%2Fv2%2Ftags&post=2969"}],"curies":[{"name":"wp","href":"https:\/\/api.w.org\/{rel}","templated":true}]}}