{"id":2952,"date":"2013-11-29T02:23:47","date_gmt":"2013-11-28T22:23:47","guid":{"rendered":"http:\/\/baptist.org.md\/ro\/?p=2952"},"modified":"2013-11-29T02:23:47","modified_gmt":"2013-11-28T22:23:47","slug":"2014-anul-misiunii-si-evanghelizarii","status":"publish","type":"post","link":"https:\/\/baptist.org.md\/ro\/?p=2952","title":{"rendered":"2014 \u2013 anul Misiunii \u015fi Evangheliz\u0103rii"},"content":{"rendered":"<p style=\"text-align: justify;\">\n\t<a href=\"http:\/\/baptist.org.md\/ro\/wp-content\/uploads\/c5.jpg\"><img loading=\"lazy\" decoding=\"async\" alt=\"c5\" class=\"alignleft size-medium wp-image-2956\" height=\"186\" src=\"http:\/\/baptist.org.md\/ro\/wp-content\/uploads\/c5-300x186.jpg\" width=\"300\" \/><\/a><span style=\"line-height: 1.6em;\">Joi, 28 noiembrie 2013, biserica &bdquo;Betel&rdquo; din Chi\u015fin\u0103u a g\u0103zduit prrima &icirc;nt&acirc;lnire a membrilor Consiliului Uniunii Cre\u015ftine Evanghelice Baptiste din Republica Moldova dup\u0103 cel de-al XXII-lea Congress. Pe agenda de lucru a consiliului s-au num\u0103rat mai multe activit\u0103\u0163i administrative, dar un accent deosebit a fost pe partea spiritual\u0103.<\/span>\n<\/p>\n<p style=\"text-align: justify;\">\n\tEvenimentul tradi\u0163ional a fost deschis cu un &icirc;ndemn din partea secretarului consiliului, pastorul Pavel Vaculovschi. Inspirat din 2 &Icirc;mp\u0103ra\u0163i 6:1-7, fratele Vaculovschi a men\u0163ionat c\u0103: &quot;&Icirc;nc\u0103 din cele mai vechi timpuri a fost organizat\u0103 \u015fcoala proorocilor, iar proorocul Elisei &icirc;i &icirc;nv\u0103\u0163a pe cei mai tineri cum s\u0103 slujeasc\u0103 pe Dumnezeul Atotputernic&quot;.\n<\/p>\n<p>\n\t<!--more-->\n<\/p>\n<p style=\"text-align: justify;\">\n\t&Icirc;n acest context, pastorul Vaculoschi a pus accentul pe nevoia de a construi o punte &icirc;ntre genera\u0163ii, instruind \u015fi preg\u0103tind genera\u0163ia mai t&acirc;n\u0103r\u0103 pentru slujire. Folosind ca exemplu, modelul b\u0103tr&acirc;nului Elisei care a ajutat tinerii s\u0103 scoat\u0103 fierul de la secure care a c\u0103zut &icirc;n r&acirc;u &nbsp;pentru c\u0103 experien\u0163a \u015fi &icirc;n\u0163elepciunea i-a permis, vorbitorul a eviden\u0163iat necesitatea de a l\u0103sa spa\u0163iu pentru ini\u0163iativele tinerilor, &icirc;nv\u0103\u0163&acirc;ndu-i cum s\u0103 lucreze &icirc;n armonie \u015fi &icirc;n ascultarea de cei mai b\u0103tr&acirc;ni, \u015fi conlucr&acirc;nd &icirc;mpreun\u0103 s\u0103 l\u0103rgeasc\u0103 &icirc;mp\u0103r\u0103\u0163ia Domnului c&acirc;t tr\u0103iesc pe acest p\u0103m&acirc;nt,&nbsp;a concluzionat&nbsp;pastrul Pavel Vaculovschi.\n<\/p>\n<p style=\"text-align: justify;\">\n\tLa aceast\u0103 prim\u0103 &icirc;nt&acirc;lnire dup\u0103 Congress, fra\u0163ii au anun\u0163at responsabilit\u0103\u0163ile conducerii uniunii pentru urm\u0103torul mandat de patru ani. Prin urmare:\n<\/p>\n<p style=\"text-align: justify;\">\n\tEpiscopul UBCEB, Ion Miron va coordona: Conducerea geneeral\u0103, Departamentul Teologic, Rela\u0163ii interna\u0163ionale, Administrare \u015fi finan\u0163e.\n<\/p>\n<p style=\"text-align: justify;\">\n\tSecretarul UBCEB, Nicolae Vozian va coordona: Misiune \u015fi Evanghelizare, Tineret \u015fi \u015ecolile Duminicale, Slujirea Informa\u0163ional\u0103.\n<\/p>\n<p style=\"text-align: justify;\">\n\tEpiscopul adjung, Alexandru Goncearuc va fi responsabil de: Departamentul Surori, Social \u015fi Muzical \u015fi corela\u0163ia &icirc;ntre biserici.\n<\/p>\n<p style=\"text-align: justify;\">\n\tO aten\u021bie deosebit\u0103 la &icirc;ntrunire a fost oferit\u0103 misiunii \u0219i evangheliz\u0103rii. Fratele responsabil, Nicolae Vozian a prezentat unele proiecte \u0219i metode de evanghelizare, care le-ar putea folosi bisericile &icirc;n slujirea lor. &Icirc;ntr-o discu\u021bie constructiv\u0103 fra\u021bii \u0219i-au &icirc;mp\u0103rt\u0103\u0219it viziunile lor cum mai bine \u0219i activ s\u0103 aduc\u0103 vestea salv\u0103rii la oameni. Au vorbit despre slujirea cu copiii prin taberele cre\u0219tine \u0219i \u0219coli, despre evangheliz\u0103ri prin sport, slujirea social\u0103, evanghelizare persoanl\u0103.\n<\/p>\n<p style=\"text-align: justify;\">\n\tAnul 2014 va fi dedicat misiunii \u0219i evangheliz\u0103rii. &Icirc;n aceast\u0103 ordine de idei se planific\u0103 o serie de activit\u0103\u021bi cu caracter evangheliza\u021bional. De asemenea, vor fi organizate c&acirc;teva conferin\u021be de cre\u0219tere spiritual\u0103, de motivare a credincio\u0219ilor la m\u0103rturisire personal\u0103 despre Domnul.<\/p>\n","protected":false},"excerpt":{"rendered":"<p>Joi, 28 noiembrie 2013, biserica &bdquo;Betel&rdquo; din Chi\u015fin\u0103u a g\u0103zduit prrima &icirc;nt&acirc;lnire a membrilor Consiliului Uniunii Cre\u015ftine Evanghelice Baptiste din Republica Moldova dup\u0103 cel de-al XXII-lea Congress. Pe agenda de lucru a consiliului s-au&#46;&#46;&#46;<\/p>\n","protected":false},"author":2,"featured_media":0,"comment_status":"closed","ping_status":"closed","sticky":false,"template":"","format":"standard","meta":{"footnotes":""},"categories":[23],"tags":[],"class_list":["post-2952","post","type-post","status-publish","format-standard","hentry","category-interne"],"fimg_url":false,"views":1641,"_links":{"self":[{"href":"https:\/\/baptist.org.md\/ro\/index.php?rest_route=\/wp\/v2\/posts\/2952","targetHints":{"allow":["GET"]}}],"collection":[{"href":"https:\/\/baptist.org.md\/ro\/index.php?rest_route=\/wp\/v2\/posts"}],"about":[{"href":"https:\/\/baptist.org.md\/ro\/index.php?rest_route=\/wp\/v2\/types\/post"}],"author":[{"embeddable":true,"href":"https:\/\/baptist.org.md\/ro\/index.php?rest_route=\/wp\/v2\/users\/2"}],"replies":[{"embeddable":true,"href":"https:\/\/baptist.org.md\/ro\/index.php?rest_route=%2Fwp%2Fv2%2Fcomments&post=2952"}],"version-history":[{"count":0,"href":"https:\/\/baptist.org.md\/ro\/index.php?rest_route=\/wp\/v2\/posts\/2952\/revisions"}],"wp:attachment":[{"href":"https:\/\/baptist.org.md\/ro\/index.php?rest_route=%2Fwp%2Fv2%2Fmedia&parent=2952"}],"wp:term":[{"taxonomy":"category","embeddable":true,"href":"https:\/\/baptist.org.md\/ro\/index.php?rest_route=%2Fwp%2Fv2%2Fcategories&post=2952"},{"taxonomy":"post_tag","embeddable":true,"href":"https:\/\/baptist.org.md\/ro\/index.php?rest_route=%2Fwp%2Fv2%2Ftags&post=2952"}],"curies":[{"name":"wp","href":"https:\/\/api.w.org\/{rel}","templated":true}]}}