{"id":2933,"date":"2013-11-28T20:39:08","date_gmt":"2013-11-28T16:39:08","guid":{"rendered":"http:\/\/baptist.org.md\/ro\/?p=2933"},"modified":"2013-11-28T20:39:08","modified_gmt":"2013-11-28T16:39:08","slug":"02-decembrie-ziuna-nationala-de-rugaciune-a-femeilor-crestine-din-republica-moldova","status":"publish","type":"post","link":"https:\/\/baptist.org.md\/ro\/?p=2933","title":{"rendered":"02 decembrie &#8211; Ziua Na\u0163ional\u0103 de Rug\u0103ciune a femeilor cre\u015ftine din Republica Moldova"},"content":{"rendered":"<blockquote>\n<p style=\"text-align: justify;\">\n\t\t<span style=\"color:#0000FF;\"><em><strong><span style=\"line-height: 1.6em;\">&ldquo;Petru \u0219i Ioan se suiau &icirc;mpreun\u0103 la Templu, la ceasul rug\u0103ciunii: era ceasul al nou\u0103lea.&ldquo;<\/span><\/strong><\/em><\/span>\n\t<\/p>\n<\/blockquote>\n<p style=\"text-align: justify;\">\n\t<a href=\"http:\/\/baptist.org.md\/ro\/wp-content\/uploads\/121-2.jpg\"><img loading=\"lazy\" decoding=\"async\" alt=\"121 (2)\" class=\"alignleft size-medium wp-image-2934\" height=\"214\" src=\"http:\/\/baptist.org.md\/ro\/wp-content\/uploads\/121-2-300x214.jpg\" width=\"300\" \/><\/a>Acest adev\u0103r ne este relatat &icirc;n cartea Faptele Apostolilor 3:1.\n<\/p>\n<p style=\"text-align: justify;\">\n\tAu trecut peste 2000 de ani. Istoria a cunoscut mari transform\u0103ri: politice, economice, sociale, culturale. Suntem &icirc;ntr-o continu\u0103 schimbare. Spre regret multe schimb\u0103ri ne produc o mare &icirc;ngrijorare! Un lucru este&nbsp; adev\u0103rat \u0219i neschimbat: Cuv&acirc;ntul lui Dumnezeu! Doar El ne prezint\u0103 adev\u0103rurile esen\u021biale f\u0103r\u0103 de care nu putem fi mo\u0219tenitori ai cerului. Cuv&acirc;ntul ne prezint\u0103 adev\u0103ruri despre arma rug\u0103ciunii.\n<\/p>\n<p style=\"text-align: justify;\">\n\tScumpe \u0219i preaiubite surori: cunoa\u0219tem noi cu-adev\u0103rat ce este rug\u0103ciunea?\n<\/p>\n<p>\n\t<!--more-->\n<\/p>\n<p style=\"text-align: justify;\">\n\t&Icirc;n cuvinte limitate pot spune c\u0103 Rug\u0103ciunea este: un liman pentru cei zbuciuma\u021bi de furtun\u0103, o ancor\u0103 pentru cei goni\u021bi de valuri, un toiag pentru cel ce se clatin\u0103, o comoar\u0103 pentru cei s\u0103raci, un ajutor &icirc;n&nbsp; timpul suferin\u021bei, m&acirc;ng&acirc;iere &icirc;n &icirc;ntristare, sursa bucuriei statornice, izvorul adev\u0103ratei &icirc;n\u021belepciuni, arma cea mai tare, vistierie care niciodat\u0103 nu se de\u0219art\u0103, bog\u0103\u021bie nesecat\u0103, liman f\u0103r\u0103 valuri, temelia p\u0103cii, izvorul binecuv&acirc;nt\u0103rilor&hellip;\n<\/p>\n<p style=\"text-align: justify;\">\n\tApoi, cunosc eu puterea acestui instrument ce a stins puterea focului; a domolit turbarea leilor, a pus cap\u0103t r\u0103zboaielor, a curmat b\u0103t\u0103ile, a alungat furtunile,&nbsp; a izgonit duhurile cele rele, a deschis por\u021bile cerului, a spart c\u0103tu\u0219ele mor\u021bii, a alungat bolile, a ab\u0103tut paguba \u0219i nenorocirea, a &icirc;nt\u0103rit cet\u0103\u021bile cele zguduite, a oprit soarele \u015fi luna de-asupra Gabaonului?\n<\/p>\n<p style=\"text-align: justify;\">\n\tDoi ucenici merg la templu, la ceasul rug\u0103ciunii stabilit. Este o istorie adev\u0103rat\u0103.\n<\/p>\n<p style=\"text-align: justify;\">\n\t&nbsp;Dar avem o alt\u0103 istorie a femeilor din \u021bara noastr\u0103 ce s-au rugat \u0219i continu\u0103 s\u0103 fac\u0103 acela\u0219i lucru pe parcursul anilor. 20 de ani femeile rug\u0103ciunii se &icirc;nt&acirc;lnesc la cel mai important&nbsp; moment, la fel cum spune autorul c&acirc;nt\u0103rii:&bdquo;Al rugii ceas ce dulce-mi e\u0219ti.&rdquo;\n<\/p>\n<p style=\"text-align: justify;\">\n\tSora Olga Mocanu vine cu relatarea istoriei &icirc;nceperii acestei pagini din &nbsp;via\u021ba femeilor noastre.\n<\/p>\n<p style=\"text-align: justify;\">\n\t&bdquo;Pe data de 22-23 septembrie, anul &nbsp;1993, &icirc;n Chi\u0219in\u0103u, a avut loc Congresul Federa\u021biei Europene Baptiste la care au participat pre\u0219edin\u021bii Uniunilor din toate \u021b\u0103rile Europei. Concomitent s-a desf\u0103\u0219urat \u0219i Conferin\u021ba pentru femei, la care au participat surori din \u021b\u0103rile Europei, din&nbsp; Statelor Unite, Canada, Rusia \u0219i Ucraina. Tema conferin\u021bei a fost: &ldquo;Ea a f\u0103cut un lucru frumos fa\u021b\u0103 &nbsp;de Mine&rdquo; (Matei 26:10). Surorile din diverse \u021b\u0103ri s-au &icirc;mp\u0103rt\u0103\u0219it din&nbsp; Cuv&acirc;ntul lui Dumnezeu \u0219i din experien\u021ba lor de slujire. A fost un forum mare pentru femei, la care surorile din mai multe \u021b\u0103ri&nbsp; au avut oportunitatea de a&nbsp; &icirc;nv\u0103\u021ba s\u0103 fac\u0103 c&acirc;t mai multe fapte bune at&acirc;t pentru Dumnezeu, familie, biseric\u0103 c&acirc;t \u0219i pentru societatea &icirc;n care tr\u0103iesc. De asemenea, multe dintre ele au luat decizia de a-\u0219i re&icirc;nnoi lucrarea de slujire. La &icirc;ncheierea conferin\u021bei a fost un timp dedicat reflec\u021biei \u0219i planific\u0103rii &nbsp;Zilei Mondiale a Rug\u0103ciunii din luna noiembrie.\n<\/p>\n<p style=\"text-align: justify;\">\n\t&nbsp;&Icirc;n acea perioada au fost organizate zile de rug\u0103ciune &icirc;n toate bisericile din \u021bara noastr\u0103. Una din surorile noastre, inspirat\u0103 de Duhul Sf&acirc;nt,&nbsp; a spus: &nbsp;&ldquo;Bine ca noi, &icirc;ndeplinind Scriptura, ne rug\u0103m pentru surorile noastre din alte \u021b\u0103ri ale lumii. Haide\u021bi s\u0103 punem o zi de rug\u0103ciune \u0219i pentru \u021bara noastr\u0103 &icirc;n care tr\u0103im, care de\u0219i se consider\u0103 cre\u0219tin\u0103 moare zi de zi &icirc;n p\u0103cat&ldquo;. &nbsp;To\u021bi participan\u021bii la conferin\u021b\u0103 au primit cu bucurie aceast\u0103 propunere, ca fiind &nbsp;din partea lui Dumnezeu, \u0219i au decis s\u0103 dedice Domnului prima zi de luni din decembrie rug\u0103ciunii pentru \u021bar\u0103, familii \u0219i bisericile noastre.\n<\/p>\n<p style=\"text-align: justify;\">\n\t<span style=\"line-height: 1.6em;\">Astfel, pe 6 Decembrie 1993, &icirc;n urma lu\u0103rii deciziei, &icirc;n toate bisericile din \u021bara noastr\u0103 au avut loc &icirc;ntruniri de rug\u0103ciune pe tema din cartea proorocului Ieremia 22:30. Cu scopul&nbsp; de a p\u0103stra unitatea &icirc;n rug\u0103ciune s-a transmis &icirc;n fiecare biseric\u0103 programul rug\u0103ciunii.<\/span>\n<\/p>\n<p style=\"text-align: justify;\">\n\tAst\u0103zi &#8211; 2 Decembrie 2013, dragi surori, s\u0103 &icirc;ngenunchem &icirc;naintea Tat\u0103lui Domnului nostru Isus Cristos \u0219i s\u0103-i mul\u021bumim lui Dumnezeu pentru calea parcurs\u0103 timp de ace\u0219ti 20 de ani! \u0218i Celui care lucreaz\u0103 &icirc;n noi cu putere \u0219i este &icirc;n stare s\u0103 fac\u0103 mai mult dec&acirc;t i-am cerut noi &icirc;n to\u021bi ace\u0219ti ani, slava lui Cristos Isus &icirc;n vecii vecilor. &Icirc;i d\u0103m slav\u0103 \u0219i mul\u021bumiri Domnului pentru sora Vera Chigai, care a ascultat de glasul Duhului Sf&acirc;nt \u0219i a &icirc;naintat propunerea &icirc;n privin\u021ba organiz\u0103rii Zilei de rug\u0103ciune din decembrie. Ea a f\u0103cut o fapt\u0103 bun\u0103 pentru poporul nostru. S\u0103 o binecuv&acirc;nteze Dumnezeu din plin!\n<\/p>\n<p style=\"text-align: justify;\">\n\tVom continua s\u0103 ne rug\u0103m Tat\u0103lui Nostru Ceresc pentru familiile \u0219i bisericile noastre, pentru ca El s\u0103 ne dea putere \u0219i s\u0103 ne cerceteze prin Duhul Sf&acirc;nt, iar Domnul Isus s\u0103 intre &icirc;n inimile oamenilor din \u021bara noastr\u0103.&rdquo; (Olga Mocanu)\n<\/p>\n<p style=\"text-align: justify;\">\n\tScumpe surori, s\u0103 ne unim la rug\u0103ciune. &bdquo;De aceia orice om evlavios s\u0103 se roage \u021aie la vremea potrivit\u0103. \u0218i chiar de s-ar v\u0103rsa ape mari pe el nu-l vor atinge deloc.&rdquo; (Ps.32:6)\n<\/p>\n<p style=\"text-align: justify;\">\n\tRug\u0103ciuni de laud\u0103 &icirc;n\u0103l\u021bate Domnului pentru tot ce suntem \u0219i avem prin El. (Efeseni 1:3-12)\n<\/p>\n<p style=\"text-align: justify;\">\n\tRug\u0103ciuni de mul\u021bumire pentru &nbsp;persoanele cu impact &icirc;n via\u021ba noastr\u0103, ce au tr\u0103it \u0219i au transmis Cuv&acirc;ntul, pentru r\u0103spuns la rug\u0103ciuni, pentru timpuri de har&hellip;(1 Tesaloniceni 5:18)\n<\/p>\n<p style=\"text-align: justify;\">\n\t&nbsp;Rug\u0103ciuni de cercetare, privindu-ne &icirc;n oglinda Cuv&acirc;ntului S\u0103u.(Ps. 139:23-24)\n<\/p>\n<p style=\"text-align: justify;\">\n\t&nbsp;Rug\u0103ciuni de &nbsp;mijlocire:\n<\/p>\n<p style=\"text-align: justify;\">\n\tAnul 2013 a fost declarat de c\u0103tre UBCEB RM anul familiei. Actualit\u0103\u021bile sunt alarmante:\n<\/p>\n<p style=\"text-align: justify;\">\n\tConform raportului Fondului Na\u021biunilor Unite pentru Popula\u021bie, p&acirc;n\u0103 &icirc;n 2015 Moldova va ocupa primul loc &icirc;n lume dup\u0103 sc\u0103derea popula\u021biei.&nbsp;\n<\/p>\n<p style=\"text-align: justify;\">\n\tMoldova r\u0103m&acirc;ne &icirc;n grupul celor mai s\u0103race \u0163\u0103ri din lume al\u0103turi de Angola, Gabon, India, Nepal, Pakistan, Vietnam, Bangladesh, Mongolia etc.\n<\/p>\n<p style=\"text-align: justify;\">\n\tRepublica Moldova &ndash; un stat t&acirc;n\u0103r cu o popula\u021bie b\u0103tr&acirc;n\u0103.\n<\/p>\n<p style=\"text-align: justify;\">\n\t600 000 de victime ale traficului de fiin\u021be umane.\n<\/p>\n<p style=\"text-align: justify;\">\n\tUnul din dou\u0103 c\u0103s\u0103torii se termin cu divor\u021b.\n<\/p>\n<p style=\"text-align: justify;\">\n\t190 000 copii tr\u0103iesc f\u0103r\u0103 p\u0103rin\u021bi.\n<\/p>\n<p style=\"text-align: justify;\">\n\t&nbsp;Acestea sunt c&acirc;teva dintre problemele \u021b\u0103rii noastre. Realitatea este trist\u0103! Nevoi sunt multe!\n<\/p>\n<p style=\"text-align: justify;\">\n\tS\u0103 ne rug\u0103m pentru noi, casele noastre \u0219i bisericile noastre, folosind&nbsp; textul din Efeseni 3:14-21.\n<\/p>\n<p style=\"text-align: justify;\">\n\tS\u0103 ne rug\u0103m pentru \u021bara noastr\u0103. (1 Timotei 2.1-2; Ieremia 22:29)\n<\/p>\n<p style=\"text-align: justify;\">\n\tScumpe \u0219i preaiubite surori, haide\u021bi s\u0103 ne ancor\u0103m &icirc;n Cuv&acirc;ntul lui Dumnezeu, &icirc;mpletindu-l cu o via\u021b\u0103 de rug\u0103ciune \u0219i cu o via\u021b\u0103 tr\u0103it\u0103 &icirc;n ascultare de Voia lui Dumnezeu.\n<\/p>\n<p style=\"text-align: justify;\">\n\tAjut\u0103-ne Doamne s\u0103 ajungem plini de toat\u0103 plin\u0103tatea Ta!, Iar a Celui ce prin puterea care lucreaz\u0103 &icirc;n noi, poate s\u0103 fac\u0103 nespus mai mult dec&acirc;t cerem sau g&acirc;ndim noi, a Lui s\u0103 fie slava &icirc;n Biseric\u0103 \u0219i &icirc;n Hristos Isus, din neam &icirc;n neam, &icirc;n vecii vecilor! Amin. (Ef. 3:19-21)\n<\/p>\n<p style=\"text-align: justify;\">\n\tCu dragoste Eugenia Podoleanu, Coordonatoarea Departamentului Surorilor UBCEB RM<\/p>\n","protected":false},"excerpt":{"rendered":"<p>&ldquo;Petru \u0219i Ioan se suiau &icirc;mpreun\u0103 la Templu, la ceasul rug\u0103ciunii: era ceasul al nou\u0103lea.&ldquo; Acest adev\u0103r ne este relatat &icirc;n cartea Faptele Apostolilor 3:1. Au trecut peste 2000 de ani. Istoria a cunoscut&#46;&#46;&#46;<\/p>\n","protected":false},"author":2,"featured_media":0,"comment_status":"closed","ping_status":"closed","sticky":false,"template":"","format":"standard","meta":{"footnotes":""},"categories":[31],"tags":[],"class_list":["post-2933","post","type-post","status-publish","format-standard","hentry","category-zi-nationala-de-rugaciune"],"fimg_url":false,"views":1516,"_links":{"self":[{"href":"https:\/\/baptist.org.md\/ro\/index.php?rest_route=\/wp\/v2\/posts\/2933","targetHints":{"allow":["GET"]}}],"collection":[{"href":"https:\/\/baptist.org.md\/ro\/index.php?rest_route=\/wp\/v2\/posts"}],"about":[{"href":"https:\/\/baptist.org.md\/ro\/index.php?rest_route=\/wp\/v2\/types\/post"}],"author":[{"embeddable":true,"href":"https:\/\/baptist.org.md\/ro\/index.php?rest_route=\/wp\/v2\/users\/2"}],"replies":[{"embeddable":true,"href":"https:\/\/baptist.org.md\/ro\/index.php?rest_route=%2Fwp%2Fv2%2Fcomments&post=2933"}],"version-history":[{"count":0,"href":"https:\/\/baptist.org.md\/ro\/index.php?rest_route=\/wp\/v2\/posts\/2933\/revisions"}],"wp:attachment":[{"href":"https:\/\/baptist.org.md\/ro\/index.php?rest_route=%2Fwp%2Fv2%2Fmedia&parent=2933"}],"wp:term":[{"taxonomy":"category","embeddable":true,"href":"https:\/\/baptist.org.md\/ro\/index.php?rest_route=%2Fwp%2Fv2%2Fcategories&post=2933"},{"taxonomy":"post_tag","embeddable":true,"href":"https:\/\/baptist.org.md\/ro\/index.php?rest_route=%2Fwp%2Fv2%2Ftags&post=2933"}],"curies":[{"name":"wp","href":"https:\/\/api.w.org\/{rel}","templated":true}]}}