{"id":1985,"date":"2013-09-28T12:03:33","date_gmt":"2013-09-28T08:03:33","guid":{"rendered":"http:\/\/baptist.org.md\/ro\/?p=1985"},"modified":"2013-09-28T12:03:33","modified_gmt":"2013-09-28T08:03:33","slug":"am-deschis-conferinta-respecta-principiile-intelepciunii-dumnezeiesti","status":"publish","type":"post","link":"https:\/\/baptist.org.md\/ro\/?p=1985","title":{"rendered":"Am deschis conferin\u0163a: &quot;Respect\u0103 principiile \u00een\u0163elepciunii Dumnezeie\u015fti!&quot;"},"content":{"rendered":"<p style=\"text-align: justify;\"><a href=\"http:\/\/baptist.org.md\/ro\/wp-content\/uploads\/DSC07669.jpg\"><img loading=\"lazy\" decoding=\"async\" class=\"size-medium wp-image-2168 alignleft\" alt=\"DSC07669\" src=\"http:\/\/baptist.org.md\/ro\/wp-content\/uploads\/DSC07669-300x225.jpg\" width=\"300\" height=\"225\" \/><\/a>Momente \u00een\u0103l\u0163\u0103toare, clipe de har \u00een \u00eenchinare, inimi jubil\u00e2nd de bucurie \u015fi reveren\u0163\u0103 \u00een fa\u0163a Domnului! A\u015fa au \u00eenceput tinerii din comunitatea Chi\u015fin\u0103u prima conferin\u0163\u0103 de tineret din aceast\u0103 toamn\u0103. Condu\u015fi \u00een laud\u0103 \u015fi \u00eenchinare de grupul bisericii \u201eIsus Salvatorul\u201d au declarat c\u0103 vor inimi \u00een care r\u0103utatea s\u0103 nu stea, inimi \u00een care doar El s\u0103 domneasc\u0103, inimi deschise pentru Domnul nostru.<\/p>\n<p style=\"text-align: justify;\">&#8220;Toat\u0103 \u00eenchinarea, toat\u0103 adorarea \u0162i-e\u0163i d\u0103ruiesc o Domnul meu, numai TU e\u015fti ve\u015fnic, numai Tu e\u015fti vrednic, Doamne numai Tu e\u015fti minunat&#8221; au c\u00e2ntat tinerii cu o voce, o inim\u0103 \u015fi un g\u00e2nd.<\/p>\n<p style=\"text-align: justify;\">\u015ei El, Creatorul a fost ast\u0103zi de partea noastr\u0103. Razele str\u0103lucitoare ale soarelui m\u00e2ng\u00e2ie inimile \u015fi \u00eenc\u0103lzesc \u015fi mai mult atmosfera special\u0103 de la conferin\u0163a \u201eRespect\u0103 principiile \u00een\u0163elepciunii Dumnezeie\u015fti\u201d!<!--more--><\/p>\n<p style=\"text-align: justify;\">Pentru c\u0103 rug\u0103ciunea este respira\u0163ia fiec\u0103rui cre\u015ftin, nu am \u00eenceput ziua noastr\u0103 de zidire f\u0103r\u0103 un moment de rug\u0103ciune \u00een grupuri mici. Tinerii au cerut binecuv\u00e2ntarea Domnului peste aceast\u0103 zi \u015fi peste inimile lor.<\/p>\n<p style=\"text-align: justify;\"><strong>Motto-ul conferin\u0163ei: <span style=\"color: #0000ff;\">&#8220;Frica Domnului este \u00eenceputul \u00een\u0163elepciunii; to\u0163i cei ce o p\u0103zesc au o minte s\u0103n\u0103toas\u0103, \u015fi slava Lui \u0163ine \u00een veci.&#8221;<\/span> Psalmul 111:10<\/strong><\/p>\n<p style=\"text-align: justify;\"><strong>UPDATE:<\/strong> S-a deschis prima sesiune a conferin\u0163ei <strong>&#8220;Respect\u0103 principiile \u00een\u0163elepciunii Dumnezeie\u015fti&#8221;!<\/strong><\/p>\n<p style=\"text-align: justify;\"><strong>Un proverb spune<\/strong>: <em><strong>&#8220;\u00cen\u0163eleptul \u00eenva\u0163\u0103 din gre\u015felile altora, prostul din gre\u015felile lui, iar nebunul nici din ale altora, nici din ale lui&#8221;.<\/strong><\/em><\/p>\n<p style=\"text-align: justify;\"><a href=\"http:\/\/baptist.org.md\/ro\/wp-content\/uploads\/DSC07715.jpg\"><img loading=\"lazy\" decoding=\"async\" class=\"aligncenter size-full wp-image-2169\" alt=\"DSC07715\" src=\"http:\/\/baptist.org.md\/ro\/wp-content\/uploads\/DSC07715.jpg\" width=\"640\" height=\"480\" \/><\/a><\/p>\n<p style=\"text-align: justify;\"><span style=\"text-decoration: underline;\"><strong>I.PRINCIPIUL ONOAREI:<\/strong><\/span><\/p>\n<ul>\n<li style=\"text-align: left;\"><strong>Onoarea e o s\u0103m\u00e2n\u0163a care te calific\u0103 ca persoan\u0103 cu calit\u0103\u0163i nobile<\/strong> &#8211; p\u0103catul este produsul dezonoarei. Onoarea este dorin\u0163a de a r\u0103spl\u0103ti pe cineva pentru caracterul lui deosebit.<\/li>\n<li style=\"text-align: left;\"><strong>Onoarea este o mireasm\u0103 deosebit\u0103\u00a0<\/strong>&#8211; mireasma onoarei este la fel de distinct\u0103, ca \u015fi sudoarea dizonoarei.<\/li>\n<li style=\"text-align: left;\"><strong>Standartul\/nivelul onoare<\/strong> &#8211; presupune seriozitatea \u015fi st\u0103ruin\u0163a cu care ne tr\u0103im onoarea, demnitatea ca om, ca om a lui Dumnezeu. Se manifest\u0103 prin supunere \u015fi ascultare ca dovad\u0103 de onoare.<\/li>\n<li style=\"text-align: left;\"><strong>R\u0103splata celor care te onoreaz\u0103<\/strong> &#8211; cei care ne onoreaz\u0103 se calific\u0103 la o rela\u0163ie special\u0103 cu tine.<\/li>\n<li style=\"text-align: left;\"><strong>Cum s\u0103 recuno\u015fti persoana dizonor\u0103rii<\/strong> &#8211; \u00een\u015fel\u0103ciunea\/dezonoarea este locul de na\u015ftere a tuturor durerilor. Primul pas spre dezonoarea este s\u0103 \u00ee\u0163i dore\u015fti ceea ce nu ai meritat.<\/li>\n<\/ul>\n<p>Onoarea este o s\u0103m\u00e2n\u0163\u0103, onoarea este o lege, onoarea este o mireasm\u0103. \u00cenva\u0163\u0103 pe al\u0163ii onoarea.<\/p>\n<p style=\"text-align: center;\"><span style=\"font-size: medium; color: #3366ff;\"><strong>&#8220;Tot ceia ce refuzi s\u0103 \u00eenve\u0163i de la p\u0103rin\u0163i\/oameni, va trebui s\u0103 \u00eenve\u0163i prin propriile dureri&#8221;.<\/strong><\/span><\/p>\n<p style=\"text-align: left;\"><span style=\"text-decoration: underline;\"><strong>II.PRINCIPIUL DIFEREN\u0162EI<\/strong><\/span><\/p>\n<ul>\n<li style=\"text-align: left;\">Deosebirea ta va decide importan\u0163a ta.<\/li>\n<li style=\"text-align: left;\">Similaritatea ta \u00ee\u0163i creeaz\u0103 confortul t\u0103u, \u00eens\u0103, diferen\u0163a ta \u00ee\u0163i creeaz\u0103 r\u0103splata ta.<\/li>\n<li style=\"text-align: left;\">Lucrul depozitat \u00een tine nu poate fi g\u0103sit \u00een altcineva.<\/li>\n<\/ul>\n<p style=\"text-align: left;\"><span style=\"text-decoration: underline;\"><strong>III. PRINCIPIUL MIN\u0162II<\/strong><\/span><\/p>\n<p style=\"text-align: left;\">Orice b\u0103t\u0103lie din via\u0163a ta este mai \u00eent\u00e2i o b\u0103t\u0103lie din mintea ta.<\/p>\n<ul>\n<li style=\"text-align: justify;\"><strong>Mintea are nevoie de concentrare\/focusare.<\/strong>\u00a0Mintea are dou\u0103 p\u0103r\u0163i: Memorie \u015fi Imagina\u0163ie. Memoria \u00ee\u0163i deruleaz\u0103 trecutul t\u0103u, \u00eens\u0103, imagina\u0163ia \u00ee\u0163i deruleaz\u0103 viitorul t\u0103u.\u00a0Tu \u015fi eu \u00eentotdeauna vom ac\u0163iona conform persoanei la care ne g\u00e2ndim c\u0103 suntem.\u00a0Mintea este ca un magnet emo\u0163ional, ca un cal puternic \u015fi nest\u0103p\u00e2nit. Mintea nu filtreaz\u0103 informa\u0163ia pe care o acumulezi, de aceea este important s\u0103 \u015ftii cum s\u0103 o st\u0103p\u00e2ne\u015fti.<\/li>\n<li style=\"text-align: justify;\"><strong>Mintea are nevoie de instruc\u0163iune:<\/strong> S-ar putea ca ceia de ce ai nevoie s\u0103 fie ascuns \u00een cineva de care nu prea \u00ee\u0163i place.<\/li>\n<li style=\"text-align: justify;\"><strong>Mintea are nevoie de un erou:<\/strong> Eroul t\u0103u \u00ee\u0163i va determina comportamentul, energia \u015fi modul de ac\u0163iune \u00een diferite situa\u0163ii.<\/li>\n<\/ul>\n<p style=\"text-align: justify;\">Am \u00eencheia prima parte a zilei. Am tr\u0103it p\u00e2n\u0103 aici momente divine. Dac\u0103 vre\u0163i s\u0103 v\u0103 \u00eenchina\u0163i cu noi, momentan c\u00e2nt\u0103m: &#8220;Orice om va m\u0103rturisi c\u0103 e\u015fti Domn, To\u0163i genunchii se vor pleca, Binecuv\u00e2nta\u0163i vor fi to\u0163i cei ce te vor c\u0103uta!<\/p>\n<p style=\"text-align: justify;\">Hai vino acum s\u0103-L lauzi<\/p>\n<p style=\"text-align: justify;\">Hai vino s\u0103-I dai Lui inima<\/p>\n<p style=\"text-align: justify;\">Hai a\u015fa cum e\u015fti s\u0103-L lauzi<\/p>\n<p style=\"text-align: justify;\">Hai a\u015fa cum e\u015fti n-aintea Sa, hai&#8221;<\/p>\n<p>Mai multe imagini foto, vede\u0163i pe pagina de\u00a0<a href=\"https:\/\/www.facebook.com\/media\/set\/?set=a.703809796319056.1073741830.251607738205933&amp;type=1\" target=\"_blank\"><strong>FACEBOOK<\/strong><\/a><\/p>\n","protected":false},"excerpt":{"rendered":"<p>Momente \u00een\u0103l\u0163\u0103toare, clipe de har \u00een \u00eenchinare, inimi jubil\u00e2nd de bucurie \u015fi reveren\u0163\u0103 \u00een fa\u0163a Domnului! A\u015fa au \u00eenceput tinerii din comunitatea Chi\u015fin\u0103u prima conferin\u0163\u0103 de tineret din aceast\u0103 toamn\u0103. Condu\u015fi \u00een laud\u0103 \u015fi&#46;&#46;&#46;<\/p>\n","protected":false},"author":2,"featured_media":0,"comment_status":"closed","ping_status":"closed","sticky":false,"template":"","format":"standard","meta":{"footnotes":""},"categories":[23],"tags":[],"class_list":["post-1985","post","type-post","status-publish","format-standard","hentry","category-interne"],"fimg_url":false,"views":1834,"_links":{"self":[{"href":"https:\/\/baptist.org.md\/ro\/index.php?rest_route=\/wp\/v2\/posts\/1985","targetHints":{"allow":["GET"]}}],"collection":[{"href":"https:\/\/baptist.org.md\/ro\/index.php?rest_route=\/wp\/v2\/posts"}],"about":[{"href":"https:\/\/baptist.org.md\/ro\/index.php?rest_route=\/wp\/v2\/types\/post"}],"author":[{"embeddable":true,"href":"https:\/\/baptist.org.md\/ro\/index.php?rest_route=\/wp\/v2\/users\/2"}],"replies":[{"embeddable":true,"href":"https:\/\/baptist.org.md\/ro\/index.php?rest_route=%2Fwp%2Fv2%2Fcomments&post=1985"}],"version-history":[{"count":0,"href":"https:\/\/baptist.org.md\/ro\/index.php?rest_route=\/wp\/v2\/posts\/1985\/revisions"}],"wp:attachment":[{"href":"https:\/\/baptist.org.md\/ro\/index.php?rest_route=%2Fwp%2Fv2%2Fmedia&parent=1985"}],"wp:term":[{"taxonomy":"category","embeddable":true,"href":"https:\/\/baptist.org.md\/ro\/index.php?rest_route=%2Fwp%2Fv2%2Fcategories&post=1985"},{"taxonomy":"post_tag","embeddable":true,"href":"https:\/\/baptist.org.md\/ro\/index.php?rest_route=%2Fwp%2Fv2%2Ftags&post=1985"}],"curies":[{"name":"wp","href":"https:\/\/api.w.org\/{rel}","templated":true}]}}