{"id":16039,"date":"2026-03-12T13:23:26","date_gmt":"2026-03-12T11:23:26","guid":{"rendered":"https:\/\/baptist.org.md\/ro\/?p=16039"},"modified":"2026-03-12T13:23:26","modified_gmt":"2026-03-12T11:23:26","slug":"intalnirea-dirijorilor-din-cadrul-ubceb-va-avea-loc-pe-28-martie-la-chisinau","status":"publish","type":"post","link":"https:\/\/baptist.org.md\/ro\/?p=16039","title":{"rendered":"\u00cent\u00e2lnirea dirijorilor din cadrul UBCEB va avea loc pe 28 martie la Chi\u0219in\u0103u"},"content":{"rendered":"<p>Dragi fra\u021bi slujitori,<\/p>\n<p>Dorim s\u0103 v\u0103 inform\u0103m c\u0103 \u00een data de 28 martie 2026 (s\u00e2mb\u0103t\u0103), la ora 11:00, va avea loc \u00cent\u00e2lnirea dirijorilor din cadrul Uniunii Bisericilor CEB din Moldova. Evenimentul se va desf\u0103\u0219ura \u00een incinta Bisericii \u201eIsus Salvatorul\u201d, str. Sf\u00e2ntul Ilie 41, mun. Chi\u0219in\u0103u. V\u0103 rug\u0103m respectuos s\u0103 transmite\u021bi aceast\u0103 informa\u021bie tuturor dirijorilor din biserica dumneavoastr\u0103.<\/p>\n<p>Pentru cheltuielile legate de organizarea \u0219i desf\u0103\u0219urarea \u00eent\u00e2lnirii (ceai \u0219i mas\u0103), fiecare participant este rugat s\u0103 contribuie cu o tax\u0103 de participare \u00een sum\u0103 de 100 lei.<\/p>\n<p>Cu respect, Mihai Malancea Episcopul UBCEB RM<\/p>\n<p>&nbsp;<\/p>\n<p><a href=\"http:\/\/baptist.org.md\/ro\/wp-content\/uploads\/2026\/03\/Intalnirea-Dirijorilor.jpg\"><img loading=\"lazy\" decoding=\"async\" class=\"aligncenter size-full wp-image-16040\" src=\"http:\/\/baptist.org.md\/ro\/wp-content\/uploads\/2026\/03\/Intalnirea-Dirijorilor.jpg\" alt=\"\" width=\"1920\" height=\"1080\" srcset=\"https:\/\/baptist.org.md\/ro\/wp-content\/uploads\/2026\/03\/Intalnirea-Dirijorilor.jpg 1920w, https:\/\/baptist.org.md\/ro\/wp-content\/uploads\/2026\/03\/Intalnirea-Dirijorilor-300x169.jpg 300w, https:\/\/baptist.org.md\/ro\/wp-content\/uploads\/2026\/03\/Intalnirea-Dirijorilor-1024x576.jpg 1024w, https:\/\/baptist.org.md\/ro\/wp-content\/uploads\/2026\/03\/Intalnirea-Dirijorilor-768x432.jpg 768w, https:\/\/baptist.org.md\/ro\/wp-content\/uploads\/2026\/03\/Intalnirea-Dirijorilor-1536x864.jpg 1536w\" sizes=\"auto, (max-width: 1920px) 100vw, 1920px\" \/><\/a><\/p>\n<p>&nbsp;<\/p>\n","protected":false},"excerpt":{"rendered":"<p>Dragi fra\u021bi slujitori, Dorim s\u0103 v\u0103 inform\u0103m c\u0103 \u00een data de 28 martie 2026 (s\u00e2mb\u0103t\u0103), la ora 11:00, va avea loc \u00cent\u00e2lnirea dirijorilor din cadrul Uniunii Bisericilor CEB din Moldova. Evenimentul se va desf\u0103\u0219ura&#46;&#46;&#46;<\/p>\n","protected":false},"author":2,"featured_media":16041,"comment_status":"open","ping_status":"open","sticky":false,"template":"","format":"standard","meta":{"footnotes":""},"categories":[1083,23],"tags":[],"class_list":["post-16039","post","type-post","status-publish","format-standard","has-post-thumbnail","hentry","category-anuntul-evenimentelor","category-interne"],"fimg_url":"https:\/\/baptist.org.md\/ro\/wp-content\/uploads\/2026\/03\/Intalnirea-Dirijorilor2.jpg","views":119,"_links":{"self":[{"href":"https:\/\/baptist.org.md\/ro\/index.php?rest_route=\/wp\/v2\/posts\/16039","targetHints":{"allow":["GET"]}}],"collection":[{"href":"https:\/\/baptist.org.md\/ro\/index.php?rest_route=\/wp\/v2\/posts"}],"about":[{"href":"https:\/\/baptist.org.md\/ro\/index.php?rest_route=\/wp\/v2\/types\/post"}],"author":[{"embeddable":true,"href":"https:\/\/baptist.org.md\/ro\/index.php?rest_route=\/wp\/v2\/users\/2"}],"replies":[{"embeddable":true,"href":"https:\/\/baptist.org.md\/ro\/index.php?rest_route=%2Fwp%2Fv2%2Fcomments&post=16039"}],"version-history":[{"count":1,"href":"https:\/\/baptist.org.md\/ro\/index.php?rest_route=\/wp\/v2\/posts\/16039\/revisions"}],"predecessor-version":[{"id":16042,"href":"https:\/\/baptist.org.md\/ro\/index.php?rest_route=\/wp\/v2\/posts\/16039\/revisions\/16042"}],"wp:featuredmedia":[{"embeddable":true,"href":"https:\/\/baptist.org.md\/ro\/index.php?rest_route=\/wp\/v2\/media\/16041"}],"wp:attachment":[{"href":"https:\/\/baptist.org.md\/ro\/index.php?rest_route=%2Fwp%2Fv2%2Fmedia&parent=16039"}],"wp:term":[{"taxonomy":"category","embeddable":true,"href":"https:\/\/baptist.org.md\/ro\/index.php?rest_route=%2Fwp%2Fv2%2Fcategories&post=16039"},{"taxonomy":"post_tag","embeddable":true,"href":"https:\/\/baptist.org.md\/ro\/index.php?rest_route=%2Fwp%2Fv2%2Ftags&post=16039"}],"curies":[{"name":"wp","href":"https:\/\/api.w.org\/{rel}","templated":true}]}}