{"id":15969,"date":"2025-12-03T16:34:36","date_gmt":"2025-12-03T14:34:36","guid":{"rendered":"https:\/\/baptist.org.md\/ro\/?p=15969"},"modified":"2025-12-03T16:42:40","modified_gmt":"2025-12-03T14:42:40","slug":"biserica-covceg-din-balti-a-sarbatorit-jubileul-de-25-de-ani","status":"publish","type":"post","link":"https:\/\/baptist.org.md\/ro\/?p=15969","title":{"rendered":"BISERICA \u201eCOVCEG\u201d DIN B\u0102L\u021aI A S\u0102RB\u0102TORIT JUBILEUL DE 25 DE ANI"},"content":{"rendered":"<p class=\"p1\"><b>Biserica \u201eCovceg\u201d din B\u0103l\u021bi a s\u0103rb\u0103torit 25 de ani de la fondare.<\/b><\/p>\n<p class=\"p1\">Serviciile divine festive, \u00een cadrul c\u0103rora au fost rememorate istoria comunit\u0103\u021bii, construc\u021bia Casei de Rug\u0103ciune, formarea bisericii \u0219i dezvoltarea diferitelor slujiri, au avut loc pe parcursul a trei s\u0103pt\u0103m\u00e2ni.<\/p>\n<p>&nbsp;<\/p>\n<p><img loading=\"lazy\" decoding=\"async\" class=\"aligncenter size-full\" src=\"https:\/\/baptist.org.md\/ru\/wp-content\/uploads\/2025\/12\/BDG_9917.webp\" width=\"1280\" height=\"720\" \/><\/p>\n<p class=\"p3\">Pe 9 septembrie, la slujb\u0103 a participat binecunoscutul \u00een fraternitatea noastr\u0103 orchestr\u0103 de coarde \u201eBalsam\u201d, care \u00ee\u0219i desf\u0103\u0219oar\u0103 repeti\u021biile \u00een cl\u0103direa bisericii \u201eCovceg\u201d. Conduc\u0103toarea ei permanent\u0103 este Liudmila Tciaciuk.<\/p>\n<p class=\"p3\">\u00cen interpretarea acestui colectiv binecuv\u00e2ntat au r\u0103sunat lucr\u0103rile \u201eCheam\u0103-m\u0103, Doamne\u201d, \u201eIubesc, Doamne, Casa Ta\u201d, \u201eBiserica mea\u201d, \u201eBiserica lui Dumnezeu, ridic\u0103-te\u201d \u0219i altele. C\u00e2ntarea a fost at\u00e2t de armonioas\u0103 \u0219i inspirat\u0103, \u00eenc\u00e2t \u00eentreaga sal\u0103 a participat activ la lauda adus\u0103 Domnului.<\/p>\n<p><img loading=\"lazy\" decoding=\"async\" class=\"aligncenter size-full\" src=\"https:\/\/baptist.org.md\/ru\/wp-content\/uploads\/2025\/12\/BDG_0306.webp\" width=\"1280\" height=\"720\" \/><\/p>\n<p class=\"p1\">La slujb\u0103 au fost rememorate evenimentele legate de construc\u021bia Casei de Rug\u0103ciune. Liderii procesului de construc\u021bie \u2014 Ilie V\u00e2ntu, Mihail Beico \u0219i Vasile Vremea \u2014 \u0219i-au \u00eemp\u0103rt\u0103\u0219it amintirile.<\/p>\n<p class=\"p1\">Cu un cuv\u00e2nt de salut au intervenit, de asemenea, Vladimir Stepanovici Tonciuc \u2014 fost pre\u0219edinte al Comitetului Executiv Or\u0103\u0219enesc (mai t\u00e2rziu primul primar al municipiului B\u0103l\u021bi), Vasile Romanciuc \u2014 adjunct al pre\u0219edintelui Comitetului Executiv Or\u0103\u0219enesc, \u0219i Boris Gri\u021bunic \u2014 arhitectul-\u0219ef al ora\u0219ului.<\/p>\n<p class=\"p1\">To\u021bi au avut o contribu\u021bie semnificativ\u0103 la \u00eentocmirea \u0219i procesarea actelor necesare pentru construirea Casei de Rug\u0103ciune.<\/p>\n<p><img loading=\"lazy\" decoding=\"async\" class=\"aligncenter size-full\" src=\"https:\/\/baptist.org.md\/ru\/wp-content\/uploads\/2025\/12\/BDG_0135.webp\" width=\"1280\" height=\"720\" \/><\/p>\n<p class=\"p1\">Vladimir Tonciuc a fost cel care a condus \u0219edin\u021ba comitetului executiv atunci c\u00e2nd se decidea alocarea terenului. La o egalitate de voturi \u2014 5 contra 5 \u2014 el a dat votul decisiv \u00een favoarea credincio\u0219ilor, hot\u0103r\u00e2nd astfel soarta terenului.<\/p>\n<p class=\"p1\">Boris Gri\u021bunic a pus semn\u0103tura-cheie pe proiectul Casei de Rug\u0103ciune, deschiz\u00e2nd posibilitatea de a \u00eencepe construc\u021bia.<\/p>\n<p class=\"p1\">Trebuie men\u021bionat c\u0103 cl\u0103direa bisericii \u201eCovceg\u201d este unic\u0103 \u00een Moldova prin designul \u0219i construc\u021bia sa. \u00cen\u0103l\u021bimea ei ajunge la 25 de metri, iar capacitatea s\u0103lii principale este de aproximativ 1200 de persoane. Anume aspectul exterior al cl\u0103dirii a influen\u021bat numele bisericii.<\/p>\n<p class=\"p1\">Pe l\u00e2ng\u0103 sala principal\u0103, de fa\u021bada din spate este ata\u0219at\u0103 o cl\u0103dire cu cinci etaje, unde se afl\u0103 \u00eenc\u0103perile pentru \u0219coala duminical\u0103, un mic hotel, o camer\u0103 pentru fra\u021bi \u0219i s\u0103li de rug\u0103ciune. La etajul inferior sunt amplasate buc\u0103t\u0103ria, cantina \u0219i o sal\u0103 pentru diverse evenimente.<\/p>\n<p><img loading=\"lazy\" decoding=\"async\" class=\"aligncenter size-full\" src=\"https:\/\/baptist.org.md\/ru\/wp-content\/uploads\/2025\/12\/BDG_9349.webp\" width=\"1280\" height=\"720\" \/><\/p>\n<p class=\"p1\">Este interesant c\u0103, ini\u021bial, \u0219antierul de construc\u021bie a fost denumit \u201eTemplul &#8211; Hristos M\u00e2ntuitorul\u201d (\u00ab\u0425\u0440\u0430\u043c \u0425\u0440\u0438\u0441\u0442\u0430 \u0421\u043f\u0430\u0441\u0438\u0442\u0435\u043b\u044f\u00bb). \u00cens\u0103 c\u00e2nd partea principal\u0103 a cl\u0103dirii a fost ridicat\u0103, mul\u021bi au observat asem\u0103narea cu arca lui Noe \u2014 astfel a ap\u0103rut numele actual al bisericii.<\/p>\n<p class=\"p1\">Pe 16 noiembrie, la serviciul festiv a participat biserica-mam\u0103 \u201eBetania\u201d din B\u0103l\u021bi. Corul de tineret \u0219i grupurile de c\u00e2nt\u0103re\u021bi ale acestei comunit\u0103\u021bi au interpretat la un nivel profesional \u00eenalt mai multe lucr\u0103ri muzicale pe tema Bisericii lui Hristos, iar un cuv\u00e2nt de \u00eencurajare a fost \u00eemp\u0103rt\u0103\u0219it de pastorul responsabil, A. Malanciuc.<\/p>\n<p><img loading=\"lazy\" decoding=\"async\" class=\"aligncenter size-full\" src=\"https:\/\/baptist.org.md\/ru\/wp-content\/uploads\/2025\/12\/BDG_1184.webp\" width=\"1280\" height=\"720\" \/><\/p>\n<p class=\"p1\">La slujb\u0103 a fost prezentat\u0103 istoria bisericii. Ea a fost reamintit\u0103 de pastorii Nicolae Sazonov \u0219i Vladimir Colibaba, care slujesc \u00een biserica \u201eCovceg\u201d \u00eenc\u0103 de la deschiderea ei.<\/p>\n<p class=\"p1\">La \u00eenceputul anilor \u201990, \u00een ora\u0219ul B\u0103l\u021bi exista o singur\u0103 comunitate, pe strada Nicolaev 80, care crescuse p\u00e2n\u0103 la 1800 de membri, iar cl\u0103direa nu mai putea cuprinde pe to\u021bi cei care doreau s\u0103 participe. Problema reorganiz\u0103rii comunit\u0103\u021bii a fost discutat\u0103 \u00een repetate r\u00e2nduri \u00een consiliul fra\u021bilor.<\/p>\n<p class=\"p1\">\u00cen cele din urm\u0103, \u00een 1994 s-a luat decizia de a construi o nou\u0103 Cas\u0103 de Rug\u0103ciune \u00een cartierul Dacia \u0219i, ulterior, de a deschide acolo o nou\u0103 biseric\u0103. Biserica \u201eBetania\u201d a oferit sprijin matern \u00een procesul de construc\u021bie, precum \u0219i suport spiritual pentru noua comunitate.<\/p>\n<p class=\"p1\">\u0218i ast\u0103zi, c\u00e2nd rela\u021biile dintre biserici au devenit \u201ede surori\u201d, cele dou\u0103 comunit\u0103\u021bi p\u0103streaz\u0103 o leg\u0103tur\u0103 cald\u0103 \u0219i apropiat\u0103, ajut\u00e2ndu-se reciproc \u00een slujire.<\/p>\n<p><img loading=\"lazy\" decoding=\"async\" class=\"aligncenter size-full\" src=\"https:\/\/baptist.org.md\/ru\/wp-content\/uploads\/2025\/12\/BDG_1199.webp\" width=\"1280\" height=\"720\" \/><\/p>\n<p class=\"p3\">Cu un cuv\u00e2nt de salut a vorbit pastorul bisericii \u201eLumina Evangheliei\u201d din satul Sturzeni, Petru Polevoi, care a participat personal la construc\u021bia Casei de Rug\u0103ciune \u0219i a implicat \u00een lucru mul\u021bi fra\u021bi din comunitatea sa.<\/p>\n<p class=\"p3\">La slujire au venit \u0219i Alexandr \u0219i Irina Cri\u0219mar din Polonia, care au transmis salut\u0103ri din partea pastorului Evgheni \u0218kura \u0219i a fiilor lui, Vasile \u0219i Victor, cei care au ajutat la procurarea tablei metalice pentru acoperi\u0219ul Casei de Rug\u0103ciune \u0219i au oferit un sprijin financiar considerabil.<\/p>\n<p><img loading=\"lazy\" decoding=\"async\" class=\"aligncenter size-full\" src=\"https:\/\/baptist.org.md\/ru\/wp-content\/uploads\/2025\/12\/BDG_1133.webp\" width=\"1280\" height=\"720\" \/><\/p>\n<p class=\"p1\">La slujba de sear\u0103 a c\u00e2ntat corul de copii al \u0219colii duminicale, iar mesajul a fost \u00eemp\u0103rt\u0103\u0219it de pastorul responsabil pentru regiunea B\u0103l\u021bi, Vasile Saz\u00eechin.<\/p>\n<p class=\"p1\">Pe 23 noiembrie, \u00een ultima zi a serviciilor jubiliare, a venit s\u0103 felicite comunitatea secretarul executiv al fraternit\u0103\u021bii, Nicolae Vozian. El a transmis un certificat de felicitare din partea Uniunii Bisericilor \u0219i a predicat pe tema \u201e\u00cenchinarea Domnului pe p\u0103m\u00e2nt \u0219i \u00een ve\u0219nicie\u201d.<\/p>\n<p class=\"p1\">\u00cen programul muzical au participat corul principal al bisericii \u0219i grupul \u201eCovceg\u201d. O binecuv\u00e2ntare deosebit\u0103 a fost adus\u0103 de c\u00e2ntarea grupului de b\u0103rba\u021bi, care a interpretat psalmul \u201eOricum voi ajunge p\u00e2n\u0103 la cap\u0103t\u201d.<\/p>\n<p class=\"p1\">Felicit\u0103ri au transmis \u0219i reprezentan\u021bii Societ\u0103\u021bii Evanghelice Slave din Marea Britanie \u2014 directorul executiv SEO Mark Foster \u0219i pastorul bisericii baptiste din ora\u0219ul Pelsall, Timothy Smiley.<\/p>\n<p><img loading=\"lazy\" decoding=\"async\" class=\"aligncenter size-full\" src=\"https:\/\/baptist.org.md\/ru\/wp-content\/uploads\/2025\/12\/BDG_2529.webp\" width=\"1280\" height=\"720\" \/><\/p>\n<p class=\"p1\">La slujba de diminea\u021b\u0103 a fost \u00een\u0103l\u021bat\u0103 o rug\u0103ciune de binecuv\u00e2ntare pentru toate direc\u021biile de slujire ale bisericii.<\/p>\n<p class=\"p1\">\u00cen prezent, \u00een biserica \u201eCovceg\u201d activeaz\u0103 trei coruri: corul principal, corul de tineret \u0219i corul seniorilor (Primul Cor). Lucrarea muzical\u0103 include, de asemenea, orchestra \u201eBalsam\u201d(\u00ab\u0411\u0430\u043b\u044c\u0437\u0430\u043c\u00bb) \u0219i grupurile \u201eCovceg\u201d (\u00ab\u041a\u043e\u0432\u0447\u0435\u0433\u00bb), \u201eLaud\u0103\u201d \u00ab\u0425\u0432\u0430\u043b\u0430\u00bb \u0219i \u201eBinecuv\u00e2ntare\u201d (\u00ab\u0411\u043b\u0430\u0433\u043e\u0441\u043b\u043e\u0432\u0435\u043d\u0438\u0435\u00bb).<\/p>\n<p class=\"p1\">\u00cen proiectul pentru copii \u201eCreative Life\u201d sunt implica\u021bi peste 100 de copii \u0219i aproximativ 25 de lideri. \u0218coala duminical\u0103 este format\u0103 din cinci grupe, cu un total de peste 80 de copii, care alc\u0103tuiesc \u0219i corul de copii.<\/p>\n<p class=\"p1\">Lucrarea de tineret \u0219i adolescen\u021bi este reprezentat\u0103 de cinci grupuri: \u201eN\u0103dejde\u201d, \u201eRena\u0219tere\u201d, \u201eFocus\u201d, \u201eContact\u201d, \u201eFreedom\u201d.<\/p>\n<p class=\"p1\">Se desf\u0103\u0219oar\u0103 activ \u0219i lucrarea social\u0103: ajutor pentru refugia\u021bi, persoane f\u0103r\u0103 ad\u0103post, precum \u0219i \u00eent\u00e2lniri cu v\u00e2rstnicii din cartierul Dacia. \u00cen total, \u00een diferitele slujiri vizibile sunt implica\u021bi mai mult de jum\u0103tate dintre membrii bisericii, iar mul\u021bi al\u021bii sprijin\u0103 slujirea prin rug\u0103ciune, vizitarea bolnavilor \u0219i ajutor material.<\/p>\n<p class=\"p1\">Tuturor liderilor de slujire li s-au oferit daruri comemorative, dup\u0103 care Nicolae Vozian a \u00een\u0103l\u021bat o rug\u0103ciune special\u0103 de binecuv\u00e2ntare.<\/p>\n<p><img loading=\"lazy\" decoding=\"async\" class=\"aligncenter size-full\" src=\"https:\/\/baptist.org.md\/ru\/wp-content\/uploads\/2025\/12\/BDG_2219.webp\" width=\"1280\" height=\"720\" \/><\/p>\n<p class=\"p1\">\u00cen seara aceleia\u0219i zile a slujit corul de tineret al bisericii \u201eCovceg\u201d, iar mesajul a fost \u00eemp\u0103rt\u0103\u0219it de fostul episcop al Uniunii Bisericilor CEB, Valeriu Gile\u021bchi, care a fost prezent \u0219i la serviciul festiv de inaugurare a bisericii \u00een noiembrie 2000.<\/p>\n<p class=\"p1\">Participan\u021bii au vizionat \u0219i mesaje video din partea prietenilor \u0219i fo\u0219tilor membri ai bisericii, care locuiesc \u00een str\u0103in\u0103tate. Salut\u0103ri au fost trimise de: familia V\u00e2so\u021bchi \u0219i pastorul Andreas Patz (Germania); familiile diaconilor Reicu, Kornilov \u0219i Malanciuc (SUA); pastorul bisericii \u201eHar\u201d din Tacoma (SUA), Vadim Burlac; pastorul \u0219i fostul coordonator al regiunii B\u0103l\u021bi, Ivan Iurciac, \u0219i mul\u021bi al\u021bii.<\/p>\n<p><img loading=\"lazy\" decoding=\"async\" class=\"aligncenter size-full\" src=\"https:\/\/baptist.org.md\/ru\/wp-content\/uploads\/2025\/12\/BDG_2083.webp\" width=\"1280\" height=\"720\" \/><\/p>\n<p class=\"p1\">P\u00e2n\u0103 la sf\u00e2r\u0219itul anului, biserica \u201eCovceg\u201d planific\u0103 s\u0103 lanseze al doilea num\u0103r jubiliar al revistei, care va include istoria bisericii, relat\u0103ri despre slujirile actuale \u0219i fotografii ale familiei bisericii.<\/p>\n","protected":false},"excerpt":{"rendered":"<p>Biserica \u201eCovceg\u201d din B\u0103l\u021bi a s\u0103rb\u0103torit 25 de ani de la fondare. Serviciile divine festive, \u00een cadrul c\u0103rora au fost rememorate istoria comunit\u0103\u021bii, construc\u021bia Casei de Rug\u0103ciune, formarea bisericii \u0219i dezvoltarea diferitelor slujiri, au&#46;&#46;&#46;<\/p>\n","protected":false},"author":2,"featured_media":15970,"comment_status":"open","ping_status":"open","sticky":false,"template":"","format":"standard","meta":{"footnotes":""},"categories":[1614,23],"tags":[],"class_list":["post-15969","post","type-post","status-publish","format-standard","has-post-thumbnail","hentry","category-bisericile-din-moldova","category-interne"],"fimg_url":"https:\/\/baptist.org.md\/ro\/wp-content\/uploads\/2025\/12\/BDG_9349.webp","views":162,"_links":{"self":[{"href":"https:\/\/baptist.org.md\/ro\/index.php?rest_route=\/wp\/v2\/posts\/15969","targetHints":{"allow":["GET"]}}],"collection":[{"href":"https:\/\/baptist.org.md\/ro\/index.php?rest_route=\/wp\/v2\/posts"}],"about":[{"href":"https:\/\/baptist.org.md\/ro\/index.php?rest_route=\/wp\/v2\/types\/post"}],"author":[{"embeddable":true,"href":"https:\/\/baptist.org.md\/ro\/index.php?rest_route=\/wp\/v2\/users\/2"}],"replies":[{"embeddable":true,"href":"https:\/\/baptist.org.md\/ro\/index.php?rest_route=%2Fwp%2Fv2%2Fcomments&post=15969"}],"version-history":[{"count":4,"href":"https:\/\/baptist.org.md\/ro\/index.php?rest_route=\/wp\/v2\/posts\/15969\/revisions"}],"predecessor-version":[{"id":15974,"href":"https:\/\/baptist.org.md\/ro\/index.php?rest_route=\/wp\/v2\/posts\/15969\/revisions\/15974"}],"wp:featuredmedia":[{"embeddable":true,"href":"https:\/\/baptist.org.md\/ro\/index.php?rest_route=\/wp\/v2\/media\/15970"}],"wp:attachment":[{"href":"https:\/\/baptist.org.md\/ro\/index.php?rest_route=%2Fwp%2Fv2%2Fmedia&parent=15969"}],"wp:term":[{"taxonomy":"category","embeddable":true,"href":"https:\/\/baptist.org.md\/ro\/index.php?rest_route=%2Fwp%2Fv2%2Fcategories&post=15969"},{"taxonomy":"post_tag","embeddable":true,"href":"https:\/\/baptist.org.md\/ro\/index.php?rest_route=%2Fwp%2Fv2%2Ftags&post=15969"}],"curies":[{"name":"wp","href":"https:\/\/api.w.org\/{rel}","templated":true}]}}