{"id":15958,"date":"2025-12-02T17:19:51","date_gmt":"2025-12-02T15:19:51","guid":{"rendered":"https:\/\/baptist.org.md\/ro\/?p=15958"},"modified":"2025-12-02T17:19:51","modified_gmt":"2025-12-02T15:19:51","slug":"ordinarea-diaconilor-in-biserica-betel-mun-chisinau","status":"publish","type":"post","link":"https:\/\/baptist.org.md\/ro\/?p=15958","title":{"rendered":"Ordinarea diaconilor \u00een biserica \u201eBetel\u201d, mun. Chi\u0219in\u0103u."},"content":{"rendered":"<p class=\"p1\">\u00centr-o zi de duminic\u0103 plin\u0103 de reveren\u021b\u0103 \u0219i mul\u021bumire adus\u0103 lui Dumnezeu, \u00een biserica local\u0103 \u201eBetel\u201d din municipiul Chi\u0219in\u0103u a avut loc un eveniment deosebit \u0219i plin de bucurie \u2014 hirotonirea \u00een slujba de diacon a unor tineri fra\u021bi.<\/p>\n<p class=\"p1\">Dup\u0103 alegere \u0219i dup\u0103 trecerea cu succes a perioadei de prob\u0103, au fost confirma\u021bi \u0219i hirotoni\u021bi de c\u0103tre biseric\u0103: <span class=\"s1\"><b>Avenir Anghelcev, Stanislav Kolokolov, Stanislav Cosovan \u0219i Alexandr Meico<\/b><\/span>.<\/p>\n<p class=\"p1\">Acest eveniment a fost rezultatul unei c\u0103ut\u0103ri \u00een rug\u0103ciune a voii lui Dumnezeu \u0219i o expresie a unit\u0103\u021bii bisericii, care a recunoscut darurile, dedicarea \u0219i dorin\u021ba acestor fra\u021bi de a sluji Trupului lui Hristos.<\/p>\n<p><img loading=\"lazy\" decoding=\"async\" class=\"size-full alignnone\" src=\"https:\/\/baptist.org.md\/ru\/wp-content\/uploads\/2025\/11\/878674534535.webp\" width=\"1280\" height=\"720\" \/><\/p>\n<p class=\"p1\">Slujba festiv\u0103 s-a desf\u0103\u0219urat \u00eentr-un spirit de \u00eenchinare \u0219i mul\u021bumire. Au participat corul de tineret al bisericii \u201eBetel\u201d, grupul \u201eSion\u201d, precum \u0219i dueturi \u0219i interpret\u0103ri solo, care au \u00een\u0103l\u021bat inimile c\u0103tre Dumnezeu \u0219i au subliniat importan\u021ba slujirii dedicate.<\/p>\n<p class=\"p1\">\u00censo\u021birea muzical\u0103 a devenit un fundal binecuv\u00e2ntat pentru rug\u0103ciuni \u0219i pentru medita\u021bia comun\u0103 asupra Cuv\u00e2ntului lui Dumnezeu.<\/p>\n<p class=\"p1\">Cu un cuv\u00e2nt de salut, \u00eendemn \u0219i \u00eenv\u0103\u021b\u0103tur\u0103 pentru biseric\u0103 \u0219i pentru fra\u021bii hirotoni\u021bi s-au adresat urm\u0103torii p\u0103stori:<\/p>\n<ul>\n<li>\n<p class=\"p1\"><span class=\"s1\"><b>Agafonov V. M.<\/b><\/span> (Biserica \u201eBetel\u201d)<\/p>\n<\/li>\n<li>\n<p class=\"p1\"><span class=\"s1\"><b>Ia\u021benko S. S.<\/b><\/span> (Biserica \u201eHarul\u201d)<\/p>\n<\/li>\n<li>\n<p class=\"p1\"><span class=\"s1\"><b>Cosovan A. M.<\/b><\/span> (Krasnoarmeisc)<\/p>\n<\/li>\n<li>\n<p class=\"p1\"><b>Anghelcev S. P.<\/b><span class=\"s1\"> (Vulc\u0103ne\u0219ti)<\/span><\/p>\n<\/li>\n<li>\n<p class=\"p1\"><span class=\"s1\"><b>Pokidko V. M.<\/b><\/span> (Biserica \u201eVocea Adev\u0103rului\u201d)<\/p>\n<\/li>\n<li>\n<p class=\"p1\"><span class=\"s1\"><b>Plucchi N. P.<\/b><\/span> (Biserica \u201eEmanuel\u201d)<\/p>\n<\/li>\n<li>\n<p class=\"p1\"><span class=\"s1\"><b>Gonciaruc A. M.<\/b><\/span> (Biserica \u201eGhetsimani\u201d)<\/p>\n<\/li>\n<\/ul>\n<p class=\"p1\">Fiecare dintre slujitori a subliniat m\u0103re\u021bia chem\u0103rii de diacon, responsabilitatea ei \u0219i necesitatea ca cei r\u00e2ndui\u021bi la slujire s\u0103 fie un exemplu pentru turma lui Dumnezeu, \u00eemplinindu-\u0219i lucrarea cu inim\u0103 curat\u0103, \u00een\u021belepciune \u0219i smerenie.<\/p>\n<p><img loading=\"lazy\" decoding=\"async\" class=\"aligncenter size-full\" src=\"https:\/\/baptist.org.md\/ru\/wp-content\/uploads\/2025\/11\/563425643.webp\" width=\"1280\" height=\"720\" \/><\/p>\n<p class=\"p1\">Un moment deosebit de important a fost cuv\u00e2ntul de \u00eenv\u0103\u021b\u0103tur\u0103 rostit \u00eenainte de rug\u0103ciunea de hirotonire de c\u0103tre p\u0103storul responsabil pentru regiunea Chi\u0219in\u0103u, <span class=\"s1\"><b>Valeriu Ghele\u021bchi<\/b><\/span>. Baz\u00e2ndu-se pe cuvintele apostolului Petru: <i>\u201eDe aceea, fra\u021bilor, c\u0103uta\u021bi cu at\u00e2t mai mult s\u0103 v\u0103 \u00eent\u0103ri\u021bi chemarea \u0219i alegerea voastr\u0103; c\u0103ci, f\u0103c\u00e2nd a\u0219a, nu ve\u021bi c\u0103dea niciodat\u0103\u201d<\/i> (2 Petru 1:10), pastorul Valeriu a atras aten\u021bia asupra a trei factori esen\u021biali pentru slujirea reu\u0219it\u0103 a unui om al lui Dumnezeu:<\/p>\n<p class=\"p3\"><b>1. Chemarea.<\/b><b><\/b><\/p>\n<p class=\"p1\">Ea \u00eel \u00eent\u0103re\u0219te pe om \u00een prezen\u021ba \u0219i c\u0103l\u0103uzirea lui Dumnezeu, oferindu-i siguran\u021b\u0103 \u0219i \u00eendr\u0103zneal\u0103 \u00een lucrarea \u00eencredin\u021bat\u0103.<\/p>\n<p class=\"p3\"><b>2. \u00cen\u021belegerea.<\/b><b><\/b><\/p>\n<p class=\"p1\">O clar\u0103 \u00een\u021belegere a esen\u021bei slujirii \u00eel ajut\u0103 s\u0103 se concentreze pe direc\u021biile corecte, f\u0103r\u0103 a se l\u0103sa distras de aspecte secundare.<\/p>\n<p class=\"p3\"><b>3. Ascultarea.<\/b><b><\/b><\/p>\n<p class=\"p1\">Disponibilitatea de a se supune glasului lui Dumnezeu, respectul fa\u021b\u0103 de slujitorii mai \u00een v\u00e2rst\u0103 \u0219i capacitatea de a lucra \u00een echip\u0103 fac slujirea mai eficient\u0103 \u0219i mai binecuv\u00e2ntat\u0103.<\/p>\n<p><img loading=\"lazy\" decoding=\"async\" class=\"aligncenter size-full\" src=\"https:\/\/baptist.org.md\/ru\/wp-content\/uploads\/2025\/11\/856563569885.webp\" width=\"1280\" height=\"720\" \/><\/p>\n<p class=\"p1\">Dup\u0103 cuv\u00e2ntul de zidire, \u00eentreaga biseric\u0103 s-a plecat \u00een rug\u0103ciune, iar p\u0103storii \u0219i-au pus m\u00e2inile peste fra\u021bii ale\u0219i, chem\u00e2nd peste ei harul, \u00een\u021belepciunea \u0219i puterea lui Dumnezeu pentru slujirea ce le st\u0103 \u00eenainte.<\/p>\n<p class=\"p3\"><span class=\"s1\">La rug\u0103ciunea de binecuv\u00e2ntare au participat: <\/span><b>V. Ghele\u021bchi, A. Miron, V. Agafonov, Iu. S\u00e2ciov, S. Ia\u021benko, N. Plucchi, A. Gonciaruc, V. Pokidko, S. Anghelcev, A. Cosovan.<\/b><b><\/b><\/p>\n<p class=\"p1\">Aceast\u0103 zi a devenit o pagin\u0103 important\u0103 \u00een via\u021ba bisericii \u201eBetel\u201d \u0219i \u00een via\u021ba fra\u021bilor hirotoni\u021bi. Fie ca Domnul s\u0103-i \u00eent\u0103reasc\u0103 \u00een slujire, s\u0103 le dea rod duhovnicesc \u0219i s\u0103 le p\u0103streze r\u00e2vna \u00een lucrarea lui Dumnezeu.<\/p>\n<p><img loading=\"lazy\" decoding=\"async\" class=\"aligncenter size-full\" src=\"https:\/\/baptist.org.md\/ru\/wp-content\/uploads\/2025\/11\/64566335345.webp\" width=\"1280\" height=\"720\" \/><\/p>\n<p>Alexandru Miron<\/p>\n<p>&nbsp;<\/p>\n","protected":false},"excerpt":{"rendered":"<p>\u00centr-o zi de duminic\u0103 plin\u0103 de reveren\u021b\u0103 \u0219i mul\u021bumire adus\u0103 lui Dumnezeu, \u00een biserica local\u0103 \u201eBetel\u201d din municipiul Chi\u0219in\u0103u a avut loc un eveniment deosebit \u0219i plin de bucurie \u2014 hirotonirea \u00een slujba de&#46;&#46;&#46;<\/p>\n","protected":false},"author":2,"featured_media":15959,"comment_status":"open","ping_status":"open","sticky":false,"template":"","format":"standard","meta":{"footnotes":""},"categories":[1614,23],"tags":[],"class_list":["post-15958","post","type-post","status-publish","format-standard","has-post-thumbnail","hentry","category-bisericile-din-moldova","category-interne"],"fimg_url":"https:\/\/baptist.org.md\/ro\/wp-content\/uploads\/2025\/12\/856563569885.webp","views":161,"_links":{"self":[{"href":"https:\/\/baptist.org.md\/ro\/index.php?rest_route=\/wp\/v2\/posts\/15958","targetHints":{"allow":["GET"]}}],"collection":[{"href":"https:\/\/baptist.org.md\/ro\/index.php?rest_route=\/wp\/v2\/posts"}],"about":[{"href":"https:\/\/baptist.org.md\/ro\/index.php?rest_route=\/wp\/v2\/types\/post"}],"author":[{"embeddable":true,"href":"https:\/\/baptist.org.md\/ro\/index.php?rest_route=\/wp\/v2\/users\/2"}],"replies":[{"embeddable":true,"href":"https:\/\/baptist.org.md\/ro\/index.php?rest_route=%2Fwp%2Fv2%2Fcomments&post=15958"}],"version-history":[{"count":1,"href":"https:\/\/baptist.org.md\/ro\/index.php?rest_route=\/wp\/v2\/posts\/15958\/revisions"}],"predecessor-version":[{"id":15960,"href":"https:\/\/baptist.org.md\/ro\/index.php?rest_route=\/wp\/v2\/posts\/15958\/revisions\/15960"}],"wp:featuredmedia":[{"embeddable":true,"href":"https:\/\/baptist.org.md\/ro\/index.php?rest_route=\/wp\/v2\/media\/15959"}],"wp:attachment":[{"href":"https:\/\/baptist.org.md\/ro\/index.php?rest_route=%2Fwp%2Fv2%2Fmedia&parent=15958"}],"wp:term":[{"taxonomy":"category","embeddable":true,"href":"https:\/\/baptist.org.md\/ro\/index.php?rest_route=%2Fwp%2Fv2%2Fcategories&post=15958"},{"taxonomy":"post_tag","embeddable":true,"href":"https:\/\/baptist.org.md\/ro\/index.php?rest_route=%2Fwp%2Fv2%2Ftags&post=15958"}],"curies":[{"name":"wp","href":"https:\/\/api.w.org\/{rel}","templated":true}]}}