{"id":15938,"date":"2025-11-14T18:03:52","date_gmt":"2025-11-14T16:03:52","guid":{"rendered":"https:\/\/baptist.org.md\/ro\/?p=15938"},"modified":"2025-11-14T18:03:52","modified_gmt":"2025-11-14T16:03:52","slug":"conferinta-nationala-a-departamentului-surorilor-din-cadrul-ubceb-rm-cu-genericul-vino-dupa-mine","status":"publish","type":"post","link":"https:\/\/baptist.org.md\/ro\/?p=15938","title":{"rendered":"Conferin\u021ba Na\u021bional\u0103 a Departamentului surorilor din cadrul UBCEB RM cu genericul \u201eVINO DUP\u0102 MINE\u201d"},"content":{"rendered":"<p>Mul\u021bumim lui Dumnezeu pentru timpul de har pe care l-am petrecut cu femeile din \u00eentreaga \u021bar\u0103 \u0219i ne-am bucurat de o atmosfer\u0103 cu totul special\u0103 la Conferin\u021ba Na\u021bional\u0103 a Departamentului surorilor din cadrul UBCEB RM cu genericul \u201eVINO DUP\u0102 MINE\u201d.<\/p>\n<p><a href=\"http:\/\/baptist.org.md\/ro\/wp-content\/uploads\/2025\/11\/0V8A7591-Pano-scaled.jpg\"><img loading=\"lazy\" decoding=\"async\" class=\"aligncenter size-full wp-image-15942\" src=\"http:\/\/baptist.org.md\/ro\/wp-content\/uploads\/2025\/11\/0V8A7591-Pano-scaled.jpg\" alt=\"\" width=\"2560\" height=\"733\" srcset=\"https:\/\/baptist.org.md\/ro\/wp-content\/uploads\/2025\/11\/0V8A7591-Pano-scaled.jpg 2560w, https:\/\/baptist.org.md\/ro\/wp-content\/uploads\/2025\/11\/0V8A7591-Pano-300x86.jpg 300w, https:\/\/baptist.org.md\/ro\/wp-content\/uploads\/2025\/11\/0V8A7591-Pano-1024x293.jpg 1024w, https:\/\/baptist.org.md\/ro\/wp-content\/uploads\/2025\/11\/0V8A7591-Pano-768x220.jpg 768w, https:\/\/baptist.org.md\/ro\/wp-content\/uploads\/2025\/11\/0V8A7591-Pano-1536x440.jpg 1536w, https:\/\/baptist.org.md\/ro\/wp-content\/uploads\/2025\/11\/0V8A7591-Pano-2048x586.jpg 2048w\" sizes=\"auto, (max-width: 2560px) 100vw, 2560px\" \/><\/a><\/p>\n<p>Am fost impresionate de o prezen\u021b\u0103 de peste 1000 femei de diferite v\u00e2rste, dornice\u00a0 \u0219i \u00eensetate de a \u00eenv\u0103\u021ba din Cuv\u00e2ntul lui Dumnezeu.<\/p>\n<p>Am avut parte de Cuv\u00e2nt profund, \u00eenv\u0103\u021b\u0103tur\u0103 s\u0103n\u0103toas\u0103, \u00eenchinare, m\u0103rturii, p\u0103rt\u0103\u0219ie &#8211; atmosfer\u0103 cereasc\u0103.<\/p>\n<p><a href=\"http:\/\/baptist.org.md\/ro\/wp-content\/uploads\/2025\/11\/0V8A7550-scaled.jpg\"><img loading=\"lazy\" decoding=\"async\" class=\"aligncenter size-full wp-image-15940\" src=\"http:\/\/baptist.org.md\/ro\/wp-content\/uploads\/2025\/11\/0V8A7550-scaled.jpg\" alt=\"\" width=\"2560\" height=\"1707\" srcset=\"https:\/\/baptist.org.md\/ro\/wp-content\/uploads\/2025\/11\/0V8A7550-scaled.jpg 2560w, https:\/\/baptist.org.md\/ro\/wp-content\/uploads\/2025\/11\/0V8A7550-300x200.jpg 300w, https:\/\/baptist.org.md\/ro\/wp-content\/uploads\/2025\/11\/0V8A7550-1024x683.jpg 1024w, https:\/\/baptist.org.md\/ro\/wp-content\/uploads\/2025\/11\/0V8A7550-768x512.jpg 768w, https:\/\/baptist.org.md\/ro\/wp-content\/uploads\/2025\/11\/0V8A7550-1536x1024.jpg 1536w, https:\/\/baptist.org.md\/ro\/wp-content\/uploads\/2025\/11\/0V8A7550-2048x1365.jpg 2048w\" sizes=\"auto, (max-width: 2560px) 100vw, 2560px\" \/><\/a><\/p>\n<p>Mul\u021bumim fra\u021bilor slujitori care au participat la Conferin\u021ba surorilor: Mihai Malancea, Igor \u0218eremet, Valeriu Ghile\u021bchi. Mul\u021bumim familiei \u0218chiopu: Dorel \u0219i Lidia \u0219i pentru mesajul plin de putere a sorei Lidia.<\/p>\n<p><a href=\"http:\/\/baptist.org.md\/ro\/wp-content\/uploads\/2025\/11\/0V8A7453-Enhanced-NR-scaled.jpg\"><img loading=\"lazy\" decoding=\"async\" class=\"aligncenter size-full wp-image-15939\" src=\"http:\/\/baptist.org.md\/ro\/wp-content\/uploads\/2025\/11\/0V8A7453-Enhanced-NR-scaled.jpg\" alt=\"\" width=\"2560\" height=\"1707\" srcset=\"https:\/\/baptist.org.md\/ro\/wp-content\/uploads\/2025\/11\/0V8A7453-Enhanced-NR-scaled.jpg 2560w, https:\/\/baptist.org.md\/ro\/wp-content\/uploads\/2025\/11\/0V8A7453-Enhanced-NR-300x200.jpg 300w, https:\/\/baptist.org.md\/ro\/wp-content\/uploads\/2025\/11\/0V8A7453-Enhanced-NR-1024x683.jpg 1024w, https:\/\/baptist.org.md\/ro\/wp-content\/uploads\/2025\/11\/0V8A7453-Enhanced-NR-768x512.jpg 768w, https:\/\/baptist.org.md\/ro\/wp-content\/uploads\/2025\/11\/0V8A7453-Enhanced-NR-1536x1024.jpg 1536w, https:\/\/baptist.org.md\/ro\/wp-content\/uploads\/2025\/11\/0V8A7453-Enhanced-NR-2048x1365.jpg 2048w\" sizes=\"auto, (max-width: 2560px) 100vw, 2560px\" \/><\/a><\/p>\n<p>Mul\u021bumim grupelor de laud\u0103 \u0219i \u00eenchinare care au slujit at\u00e2t de frumos \u0219i corului Bisericii Isus Salvatorul.<\/p>\n<p>\u00cen cadrul conferin\u021bei a avut loc lansarea celei de-a XIII-a edi\u021bie a ghidului de studiu biblic pentru surori cu genericul: Femeile de ieri-impact peste veacuri.<\/p>\n<p>Tema pentru anul 2026 este: <strong>\u00cen c\u0103utarea \u00een\u021belepciunii.<\/strong><\/p>\n<p>Mul\u021bumim tuturor care s-au implicat \u0219i au slujit cu dedicare:<\/p>\n<p>&#8211; comitetului na\u021bional, care este o echip\u0103 minunat\u0103 \u0219i dedicat\u0103;<\/p>\n<p>&#8211; comitetului organizatoric, pentru munca \u0219i efortul depus;<\/p>\n<p>&#8211; fiec\u0103rei comunit\u0103\u021bi, care au contribuit cu mult\u0103 generozitate la fiecare pauz\u0103 \u0219i fiecare participant\u0103 a savurat cu bucurie din deliciile donate;<\/p>\n<p>&#8211; fiec\u0103rei persoane implicate \u00een organizarea acestui mare eveniment: de la \u00eent\u00e2mpinare, p\u00e2n\u0103 la petrecere;<\/p>\n<p>&#8211; pentru rug\u0103ciunile tuturor care au sus\u021binut aceast\u0103 slujire minunat\u0103.<\/p>\n<p>&#8211; familiei care este inima oric\u0103rui eveniment \u0219i pulseaz\u0103 cu pasiune pentru Domnul.<\/p>\n<p>Mul\u021bumim pentru organizarea t\u00e2rgului de caritate cu scop de a organiza tab\u0103ra pentru v\u0103duve cu copii, care se va organiza \u00een vara anului 2026.<\/p>\n<p><a href=\"http:\/\/baptist.org.md\/ro\/wp-content\/uploads\/2025\/11\/0V8A7846-Enhanced-NR-scaled.jpg\"><img loading=\"lazy\" decoding=\"async\" class=\"aligncenter size-full wp-image-15943\" src=\"http:\/\/baptist.org.md\/ro\/wp-content\/uploads\/2025\/11\/0V8A7846-Enhanced-NR-scaled.jpg\" alt=\"\" width=\"2560\" height=\"1707\" srcset=\"https:\/\/baptist.org.md\/ro\/wp-content\/uploads\/2025\/11\/0V8A7846-Enhanced-NR-scaled.jpg 2560w, https:\/\/baptist.org.md\/ro\/wp-content\/uploads\/2025\/11\/0V8A7846-Enhanced-NR-300x200.jpg 300w, https:\/\/baptist.org.md\/ro\/wp-content\/uploads\/2025\/11\/0V8A7846-Enhanced-NR-1024x683.jpg 1024w, https:\/\/baptist.org.md\/ro\/wp-content\/uploads\/2025\/11\/0V8A7846-Enhanced-NR-768x512.jpg 768w, https:\/\/baptist.org.md\/ro\/wp-content\/uploads\/2025\/11\/0V8A7846-Enhanced-NR-1536x1024.jpg 1536w, https:\/\/baptist.org.md\/ro\/wp-content\/uploads\/2025\/11\/0V8A7846-Enhanced-NR-2048x1365.jpg 2048w\" sizes=\"auto, (max-width: 2560px) 100vw, 2560px\" \/><\/a><\/p>\n<p>\u00cen toat\u0103 lucrarea f\u0103cut\u0103, am v\u0103zut Gloria lui Dumnezeu \u0219i am realizat \u00eenc\u0103 o dat\u0103 c\u0103 tot ce suntem \u0219i tot ce facem este datorit\u0103 harului lui Dumnezeu, care ne-a chemat \u0219i ne-a zis: VINO DUP\u0102 MINE. El ne-a croit o cale \u0219i ne asigur\u0103 prezen\u021ba, puterea, protec\u021bia \u0219i resursele necesare ca s\u0103 mergem pe aceast\u0103 cale p\u00e2n\u0103 la cap\u0103t. Doar urm\u00e2nd aceast\u0103 cale vom avea \u00eendr\u0103zneala s\u0103 zicem: Vino dup\u0103 mine, nu c\u0103 suntem perfec\u021bi, ci c\u0103 mergem pe calea pe care a mers Isus. Domnul s\u0103 ne ajute s\u0103 r\u0103spundem \u00eenaltei chem\u0103ri.<\/p>\n<p><a href=\"http:\/\/baptist.org.md\/ro\/wp-content\/uploads\/2025\/11\/0V8A8082-Enhanced-NR-scaled.jpg\"><img loading=\"lazy\" decoding=\"async\" class=\"aligncenter size-full wp-image-15944\" src=\"http:\/\/baptist.org.md\/ro\/wp-content\/uploads\/2025\/11\/0V8A8082-Enhanced-NR-scaled.jpg\" alt=\"\" width=\"2560\" height=\"1707\" srcset=\"https:\/\/baptist.org.md\/ro\/wp-content\/uploads\/2025\/11\/0V8A8082-Enhanced-NR-scaled.jpg 2560w, https:\/\/baptist.org.md\/ro\/wp-content\/uploads\/2025\/11\/0V8A8082-Enhanced-NR-300x200.jpg 300w, https:\/\/baptist.org.md\/ro\/wp-content\/uploads\/2025\/11\/0V8A8082-Enhanced-NR-1024x683.jpg 1024w, https:\/\/baptist.org.md\/ro\/wp-content\/uploads\/2025\/11\/0V8A8082-Enhanced-NR-768x512.jpg 768w, https:\/\/baptist.org.md\/ro\/wp-content\/uploads\/2025\/11\/0V8A8082-Enhanced-NR-1536x1024.jpg 1536w, https:\/\/baptist.org.md\/ro\/wp-content\/uploads\/2025\/11\/0V8A8082-Enhanced-NR-2048x1365.jpg 2048w\" sizes=\"auto, (max-width: 2560px) 100vw, 2560px\" \/><\/a><\/p>\n<p><strong><em>\u201e<\/em><\/strong><em>Iar\u00a0Aceluia care poate s\u0103 v\u0103 p\u0103zeasc\u0103 de orice c\u0103dere \u015fi s\u0103 v\u0103 fac\u0103 s\u0103\u00a0v\u0103 \u00eenf\u0103\u0163i\u015fa\u0163i f\u0103r\u0103 prihan\u0103 \u015fi plini de bucurie \u00eenaintea slavei Sale,<\/em><em> singurului\u00a0Dumnezeu, M\u00e2ntuitorul nostru, prin Isus Hristos, Domnul nostru, s\u0103 fie slav\u0103, m\u0103re\u0163ie, putere \u015fi st\u0103p\u00e2nire, mai \u00eenainte de to\u0163i vecii, \u015fi acum, \u015fi \u00een veci. Amin.<\/em><strong><em>\u201d<\/em><\/strong><em> (Iuda 24-25)<\/em><\/p>\n<p><a href=\"http:\/\/baptist.org.md\/ro\/wp-content\/uploads\/2025\/11\/2T6A8268-Pano-scaled.jpg\"><img loading=\"lazy\" decoding=\"async\" class=\"aligncenter size-full wp-image-15946\" src=\"http:\/\/baptist.org.md\/ro\/wp-content\/uploads\/2025\/11\/2T6A8268-Pano-scaled.jpg\" alt=\"\" width=\"2560\" height=\"949\" srcset=\"https:\/\/baptist.org.md\/ro\/wp-content\/uploads\/2025\/11\/2T6A8268-Pano-scaled.jpg 2560w, https:\/\/baptist.org.md\/ro\/wp-content\/uploads\/2025\/11\/2T6A8268-Pano-300x111.jpg 300w, https:\/\/baptist.org.md\/ro\/wp-content\/uploads\/2025\/11\/2T6A8268-Pano-1024x380.jpg 1024w, https:\/\/baptist.org.md\/ro\/wp-content\/uploads\/2025\/11\/2T6A8268-Pano-768x285.jpg 768w, https:\/\/baptist.org.md\/ro\/wp-content\/uploads\/2025\/11\/2T6A8268-Pano-1536x569.jpg 1536w, https:\/\/baptist.org.md\/ro\/wp-content\/uploads\/2025\/11\/2T6A8268-Pano-2048x759.jpg 2048w\" sizes=\"auto, (max-width: 2560px) 100vw, 2560px\" \/><\/a><\/p>\n<p>&nbsp;<\/p>\n<p>&nbsp;<\/p>\n","protected":false},"excerpt":{"rendered":"<p>Mul\u021bumim lui Dumnezeu pentru timpul de har pe care l-am petrecut cu femeile din \u00eentreaga \u021bar\u0103 \u0219i ne-am bucurat de o atmosfer\u0103 cu totul special\u0103 la Conferin\u021ba Na\u021bional\u0103 a Departamentului surorilor din cadrul UBCEB&#46;&#46;&#46;<\/p>\n","protected":false},"author":2,"featured_media":15946,"comment_status":"open","ping_status":"open","sticky":false,"template":"","format":"standard","meta":{"footnotes":""},"categories":[2,1614,9,1615,23],"tags":[],"class_list":["post-15938","post","type-post","status-publish","format-standard","has-post-thumbnail","hentry","category-spiritualitate","category-bisericile-din-moldova","category-sister_events","category-lucrarea-surorilor","category-interne"],"fimg_url":"https:\/\/baptist.org.md\/ro\/wp-content\/uploads\/2025\/11\/2T6A8268-Pano-scaled.jpg","views":132,"_links":{"self":[{"href":"https:\/\/baptist.org.md\/ro\/index.php?rest_route=\/wp\/v2\/posts\/15938","targetHints":{"allow":["GET"]}}],"collection":[{"href":"https:\/\/baptist.org.md\/ro\/index.php?rest_route=\/wp\/v2\/posts"}],"about":[{"href":"https:\/\/baptist.org.md\/ro\/index.php?rest_route=\/wp\/v2\/types\/post"}],"author":[{"embeddable":true,"href":"https:\/\/baptist.org.md\/ro\/index.php?rest_route=\/wp\/v2\/users\/2"}],"replies":[{"embeddable":true,"href":"https:\/\/baptist.org.md\/ro\/index.php?rest_route=%2Fwp%2Fv2%2Fcomments&post=15938"}],"version-history":[{"count":1,"href":"https:\/\/baptist.org.md\/ro\/index.php?rest_route=\/wp\/v2\/posts\/15938\/revisions"}],"predecessor-version":[{"id":15947,"href":"https:\/\/baptist.org.md\/ro\/index.php?rest_route=\/wp\/v2\/posts\/15938\/revisions\/15947"}],"wp:featuredmedia":[{"embeddable":true,"href":"https:\/\/baptist.org.md\/ro\/index.php?rest_route=\/wp\/v2\/media\/15946"}],"wp:attachment":[{"href":"https:\/\/baptist.org.md\/ro\/index.php?rest_route=%2Fwp%2Fv2%2Fmedia&parent=15938"}],"wp:term":[{"taxonomy":"category","embeddable":true,"href":"https:\/\/baptist.org.md\/ro\/index.php?rest_route=%2Fwp%2Fv2%2Fcategories&post=15938"},{"taxonomy":"post_tag","embeddable":true,"href":"https:\/\/baptist.org.md\/ro\/index.php?rest_route=%2Fwp%2Fv2%2Ftags&post=15938"}],"curies":[{"name":"wp","href":"https:\/\/api.w.org\/{rel}","templated":true}]}}