{"id":15935,"date":"2025-11-10T10:17:36","date_gmt":"2025-11-10T08:17:36","guid":{"rendered":"https:\/\/baptist.org.md\/ro\/?p=15935"},"modified":"2025-11-10T10:17:36","modified_gmt":"2025-11-10T08:17:36","slug":"conferinta-pentru-barbati-integritatea-barbatului-in-administrare-15-noiembrie-2025","status":"publish","type":"post","link":"https:\/\/baptist.org.md\/ro\/?p=15935","title":{"rendered":"Conferin\u021b\u0103 pentru b\u0103rba\u021bi \u2014 \u201eIntegritatea b\u0103rbatului \u00een administrare\u201d &#8211; 15 noiembrie 2025"},"content":{"rendered":"<h1><b><a href=\"http:\/\/baptist.org.md\/ro\/wp-content\/uploads\/2025\/11\/560929258_122170133720774861_4922191706854816062_n.jpg\"><img loading=\"lazy\" decoding=\"async\" class=\"aligncenter size-full wp-image-15936\" src=\"http:\/\/baptist.org.md\/ro\/wp-content\/uploads\/2025\/11\/560929258_122170133720774861_4922191706854816062_n.jpg\" alt=\"\" width=\"1080\" height=\"1350\" srcset=\"https:\/\/baptist.org.md\/ro\/wp-content\/uploads\/2025\/11\/560929258_122170133720774861_4922191706854816062_n.jpg 1080w, https:\/\/baptist.org.md\/ro\/wp-content\/uploads\/2025\/11\/560929258_122170133720774861_4922191706854816062_n-240x300.jpg 240w, https:\/\/baptist.org.md\/ro\/wp-content\/uploads\/2025\/11\/560929258_122170133720774861_4922191706854816062_n-819x1024.jpg 819w, https:\/\/baptist.org.md\/ro\/wp-content\/uploads\/2025\/11\/560929258_122170133720774861_4922191706854816062_n-768x960.jpg 768w\" sizes=\"auto, (max-width: 1080px) 100vw, 1080px\" \/><\/a><\/b><\/h1>\n<h1><b>Conferin\u021b\u0103 pentru b\u0103rba\u021bi \u2014 \u201eIntegritatea b\u0103rbatului \u00een administrare\u201d<\/b><\/h1>\n<p class=\"p3\"><b>\ud83d\uddd3 15 noiembrie 2025<\/b><b><\/b><\/p>\n<p class=\"p3\"><b>\ud83d\udd58 09:00 \u2013 16:00<\/b><b><\/b><\/p>\n<p class=\"p3\"><b>\ud83d\udccd Biserica Speran\u021ba, Str. Bucuriei 8, Chi\u0219in\u0103u<\/b><b><\/b><\/p>\n<p class=\"p4\">O zi dedicat\u0103 b\u0103rba\u021bilor care vor s\u0103 tr\u0103iasc\u0103 cu <span class=\"s2\"><b>responsabilitate, \u00een\u021belepciune \u0219i integritate<\/b><\/span> \u2014 acas\u0103, la serviciu \u0219i \u00een comunitate. Vei avea parte de timp de <span class=\"s2\"><b>\u00eenchinare<\/b><\/span>, <span class=\"s2\"><b>\u00eenv\u0103\u021b\u0103tur\u0103 biblic\u0103<\/b><\/span>, <span class=\"s2\"><b>p\u0103rt\u0103\u0219ie<\/b><\/span> \u0219i <span class=\"s2\"><b>instrumente practice<\/b><\/span> pentru administrarea corect\u0103 a vie\u021bii, familiei \u0219i resurselor \u00eencredin\u021bate de Dumnezeu.<\/p>\n<h2><b>De ce s\u0103 vii?<\/b><\/h2>\n<ul>\n<li>\n<p class=\"p1\">Descoperi <span class=\"s1\"><b>principii biblice<\/b><\/span> clare despre munc\u0103, bani \u0219i caracter.<\/p>\n<\/li>\n<li>\n<p class=\"p1\"><span class=\"s1\">\u00cenve\u021bi <\/span><b>cum s\u0103-\u021bi gestionezi bugetul<\/b><span class=\"s1\"> cu integritate.<\/span><\/p>\n<\/li>\n<li>\n<p class=\"p1\">Prime\u0219ti <span class=\"s1\"><b>motiva\u021bie \u0219i direc\u021bie<\/b><\/span> pentru a conduce \u0219i a sluji cu o inim\u0103 curat\u0103.<\/p>\n<\/li>\n<\/ul>\n<h2><b>Vorbitori<\/b><\/h2>\n<p class=\"p3\"><b>Daniel M\u0103ri\u0219 \u2022 Veaceslav Ioni\u021b\u0103 \u2022 Vitalie Belibov<\/b><b><\/b><\/p>\n<h2><b>Subteme orientative<\/b><\/h2>\n<ul>\n<li>\n<p class=\"p1\"><span class=\"s1\"><b>Teologie:<\/b><\/span> B\u0103rbatul, conlucr\u0103tor cu Dumnezeu \u00een crea\u021bie. Cum cl\u0103dim comunit\u0103\u021bi iubitoare?<\/p>\n<\/li>\n<li>\n<p class=\"p1\"><span class=\"s1\"><b>Finan\u021be:<\/b><\/span> Cum c\u00e2\u0219tig\u0103m cu integritate? Care este raportul biblic dintre poten\u021bial \u0219i acumulare?<\/p>\n<\/li>\n<li>\n<p class=\"p1\"><span class=\"s1\"><b>Buget:<\/b><\/span> Cum administr\u0103m \u00een\u021belept resursele materiale?<\/p>\n<\/li>\n<\/ul>\n<h2><b>\u00censcriere<\/b><\/h2>\n<p class=\"p4\">Locurile sunt limitate. <span class=\"s2\"><b>Rezerv\u0103-\u021bi locul acum:<\/b><b><\/b><\/span><\/p>\n<p class=\"p4\">\ud83d\udc49 <a href=\"https:\/\/bit.ly\/43C5EyW\">Formular de \u00eenscriere<\/a><\/p>\n<p class=\"p3\"><b>E\u0219ti a\u0219teptatpe 15 noiembrie la Biserica Speran\u021ba, Chi\u0219in\u0103u.<\/b><b><\/b><\/p>\n<p class=\"p4\">Vino s\u0103 fii <span class=\"s2\"><b>provocat, inspirat \u0219i echipat<\/b><\/span> pentru chemarea ta!<\/p>\n","protected":false},"excerpt":{"rendered":"<p>Conferin\u021b\u0103 pentru b\u0103rba\u021bi \u2014 \u201eIntegritatea b\u0103rbatului \u00een administrare\u201d \ud83d\uddd3 15 noiembrie 2025 \ud83d\udd58 09:00 \u2013 16:00 \ud83d\udccd Biserica Speran\u021ba, Str. Bucuriei 8, Chi\u0219in\u0103u O zi dedicat\u0103 b\u0103rba\u021bilor care vor s\u0103 tr\u0103iasc\u0103 cu responsabilitate, \u00een\u021belepciune&#46;&#46;&#46;<\/p>\n","protected":false},"author":2,"featured_media":15936,"comment_status":"open","ping_status":"open","sticky":false,"template":"","format":"standard","meta":{"footnotes":""},"categories":[1614,9,23],"tags":[],"class_list":["post-15935","post","type-post","status-publish","format-standard","has-post-thumbnail","hentry","category-bisericile-din-moldova","category-sister_events","category-interne"],"fimg_url":"https:\/\/baptist.org.md\/ro\/wp-content\/uploads\/2025\/11\/560929258_122170133720774861_4922191706854816062_n.jpg","views":164,"_links":{"self":[{"href":"https:\/\/baptist.org.md\/ro\/index.php?rest_route=\/wp\/v2\/posts\/15935","targetHints":{"allow":["GET"]}}],"collection":[{"href":"https:\/\/baptist.org.md\/ro\/index.php?rest_route=\/wp\/v2\/posts"}],"about":[{"href":"https:\/\/baptist.org.md\/ro\/index.php?rest_route=\/wp\/v2\/types\/post"}],"author":[{"embeddable":true,"href":"https:\/\/baptist.org.md\/ro\/index.php?rest_route=\/wp\/v2\/users\/2"}],"replies":[{"embeddable":true,"href":"https:\/\/baptist.org.md\/ro\/index.php?rest_route=%2Fwp%2Fv2%2Fcomments&post=15935"}],"version-history":[{"count":1,"href":"https:\/\/baptist.org.md\/ro\/index.php?rest_route=\/wp\/v2\/posts\/15935\/revisions"}],"predecessor-version":[{"id":15937,"href":"https:\/\/baptist.org.md\/ro\/index.php?rest_route=\/wp\/v2\/posts\/15935\/revisions\/15937"}],"wp:featuredmedia":[{"embeddable":true,"href":"https:\/\/baptist.org.md\/ro\/index.php?rest_route=\/wp\/v2\/media\/15936"}],"wp:attachment":[{"href":"https:\/\/baptist.org.md\/ro\/index.php?rest_route=%2Fwp%2Fv2%2Fmedia&parent=15935"}],"wp:term":[{"taxonomy":"category","embeddable":true,"href":"https:\/\/baptist.org.md\/ro\/index.php?rest_route=%2Fwp%2Fv2%2Fcategories&post=15935"},{"taxonomy":"post_tag","embeddable":true,"href":"https:\/\/baptist.org.md\/ro\/index.php?rest_route=%2Fwp%2Fv2%2Ftags&post=15935"}],"curies":[{"name":"wp","href":"https:\/\/api.w.org\/{rel}","templated":true}]}}