{"id":15711,"date":"2024-12-24T14:44:41","date_gmt":"2024-12-24T12:44:41","guid":{"rendered":"https:\/\/baptist.org.md\/ro\/?p=15711"},"modified":"2024-12-24T14:45:21","modified_gmt":"2024-12-24T12:45:21","slug":"felicitarea-de-craciun-2","status":"publish","type":"post","link":"https:\/\/baptist.org.md\/ro\/?p=15711","title":{"rendered":"Felicitarea de Craciun"},"content":{"rendered":"<h3>Dragi fra\u021bi \u0219i surori!<\/h3>\n<h4>Conducerea Uniunii Bisericilor Cre\u0219tine Evanghelice Baptiste din Moldova v\u0103 adreseaz\u0103 calde felicit\u0103ri cu ocazia s\u0103rb\u0103torii Na\u0219terii Domnului Isus Hristos \u015fi sosirii Anului Nou 2025!<\/h4>\n<p>Vestea \u00eembucur\u0103toare a na\u0219terii M\u00e2ntuitorului pentru prima dat\u0103 s-a cobor\u00e2t la oameni din ceruri. \u00cengerii au adus pe p\u0103m\u00e2nt cea mai important\u0103 \u0219i necesar\u0103 \u0219tire din toate timpurile.<\/p>\n<p>Aceast\u0103 veste era: \u201eCa apa proasp\u0103t\u0103 pentru un om obosit, a\u0219a este o veste bun\u0103 venit\u0103 dintr-o \u0163ar\u0103 dep\u0103rtat\u0103\u201d. (Proverbe 25:25)<\/p>\n<p>Mai t\u00e2rziu, \u00eensu\u0219i Domnul Isus va spune: \u201eDar oricui va bea din apa pe care i-o voi da Eu \u00een veac nu-i va fi sete, ba \u00eenc\u0103 apa pe care i-o voi da Eu se va preface \u00een el \u00eentr-un izvor de ap\u0103, care va \u0163\u00e2\u0219ni \u00een via\u0163a ve\u0219nic\u0103\u201d. (Ioan 4:14)<\/p>\n<p>Iat\u0103 de ce are nevoie fiecare om, iat\u0103 despre ce au predicat cre\u0219tinii adev\u0103ra\u021bi \u00een decurs de 20 de secole \u0219i iat\u0103 despre ce vom continua s\u0103 m\u0103rturisim \u0219i noi \u00een aceste zile.<\/p>\n<p>\u201e\u0218i deodat\u0103, \u00eempreun\u0103 cu \u00eengerul s-a unit o mul\u0163ime de oaste cereasc\u0103, l\u0103ud\u00e2nd pe Dumnezeu \u0219i zic\u00e2nd: \u201eSlav\u0103 lui Dumnezeu \u00een locurile prea\u00eenalte \u0219i pace pe p\u0103m\u00e2nt \u00eentre oamenii pl\u0103cu\u0163i Lui.\u201d (Luca 2:13-14)<\/p>\n<p>Venirea M\u00e2ntuitorului \u00een lume, vestea na\u0219terii Domnului Isus a fost vestit\u0103 de \u00eengeri la \u00eenceput \u0219i vestea despre acest eveniment unic continu\u0103 \u0219i ast\u0103zi s\u0103 aduc\u0103 multor oameni credin\u021b\u0103, speran\u021b\u0103, pace, bucurie \u0219i dorin\u021ba de a-L l\u0103uda \u0219i mul\u021bumi lui Dumnezeu!<\/p>\n<p>Dumnezeu s\u0103 v\u0103 binecuv\u00e2nteze via\u021ba, familia \u0219i lucrarea!<\/p>\n<p>Am convenit \u00eempreun\u0103 cu Consiliul Uniunii Bisericilor CEB ca anul 2025 s\u0103 fie numit Anul Unit\u0103\u021bii. V\u0103 \u00eendemn\u0103m s\u0103 intr\u0103m cu to\u021bii \u00een Noul An cu \ud83d\udc49\u00a0<strong><a href=\"http:\/\/baptist.org.md\/ro\/wp-content\/uploads\/2024\/12\/2024-2025-Saptamana-de-rugaciune.pdf\">s\u0103pt\u0103m\u00e2na de rug\u0103ciune<\/a>,<\/strong> \u00een str\u00e2ns\u0103 p\u0103rt\u0103\u0219ie cu Dumnezeu \u015fi \u00een unitate cu toate bisericile! Cr\u0103ciun fericit \u015fi un An Nou cu multe binecuv\u00e2nt\u0103ri!<\/p>\n<p>Cu dragoste \u00een Hristos, ai vo\u0219tri fra\u021bi, Nicolae Vozian, Ion Miron, Serghei Ghermanov<\/p>\n","protected":false},"excerpt":{"rendered":"<p>Dragi fra\u021bi \u0219i surori! Conducerea Uniunii Bisericilor Cre\u0219tine Evanghelice Baptiste din Moldova v\u0103 adreseaz\u0103 calde felicit\u0103ri cu ocazia s\u0103rb\u0103torii Na\u0219terii Domnului Isus Hristos \u015fi sosirii Anului Nou 2025! Vestea \u00eembucur\u0103toare a na\u0219terii M\u00e2ntuitorului pentru&#46;&#46;&#46;<\/p>\n","protected":false},"author":2,"featured_media":15712,"comment_status":"open","ping_status":"open","sticky":false,"template":"","format":"standard","meta":{"footnotes":""},"categories":[23],"tags":[],"class_list":["post-15711","post","type-post","status-publish","format-standard","has-post-thumbnail","hentry","category-interne"],"fimg_url":"https:\/\/baptist.org.md\/ro\/wp-content\/uploads\/2024\/12\/felici.webp","views":278,"_links":{"self":[{"href":"https:\/\/baptist.org.md\/ro\/index.php?rest_route=\/wp\/v2\/posts\/15711","targetHints":{"allow":["GET"]}}],"collection":[{"href":"https:\/\/baptist.org.md\/ro\/index.php?rest_route=\/wp\/v2\/posts"}],"about":[{"href":"https:\/\/baptist.org.md\/ro\/index.php?rest_route=\/wp\/v2\/types\/post"}],"author":[{"embeddable":true,"href":"https:\/\/baptist.org.md\/ro\/index.php?rest_route=\/wp\/v2\/users\/2"}],"replies":[{"embeddable":true,"href":"https:\/\/baptist.org.md\/ro\/index.php?rest_route=%2Fwp%2Fv2%2Fcomments&post=15711"}],"version-history":[{"count":2,"href":"https:\/\/baptist.org.md\/ro\/index.php?rest_route=\/wp\/v2\/posts\/15711\/revisions"}],"predecessor-version":[{"id":15715,"href":"https:\/\/baptist.org.md\/ro\/index.php?rest_route=\/wp\/v2\/posts\/15711\/revisions\/15715"}],"wp:featuredmedia":[{"embeddable":true,"href":"https:\/\/baptist.org.md\/ro\/index.php?rest_route=\/wp\/v2\/media\/15712"}],"wp:attachment":[{"href":"https:\/\/baptist.org.md\/ro\/index.php?rest_route=%2Fwp%2Fv2%2Fmedia&parent=15711"}],"wp:term":[{"taxonomy":"category","embeddable":true,"href":"https:\/\/baptist.org.md\/ro\/index.php?rest_route=%2Fwp%2Fv2%2Fcategories&post=15711"},{"taxonomy":"post_tag","embeddable":true,"href":"https:\/\/baptist.org.md\/ro\/index.php?rest_route=%2Fwp%2Fv2%2Ftags&post=15711"}],"curies":[{"name":"wp","href":"https:\/\/api.w.org\/{rel}","templated":true}]}}