{"id":15221,"date":"2021-09-16T14:10:02","date_gmt":"2021-09-16T11:10:02","guid":{"rendered":"http:\/\/baptist.org.md\/ro\/?p=15221"},"modified":"2021-09-16T14:20:36","modified_gmt":"2021-09-16T11:20:36","slug":"ordinare-la-talmaza","status":"publish","type":"post","link":"https:\/\/baptist.org.md\/ro\/?p=15221","title":{"rendered":"Ordinare \u00een biserica \u00abEmanuel\u00bb din satul Talmaza"},"content":{"rendered":"<p>O adev\u0103rat\u0103 ploaie de ordin\u0103ri a avut loc \u00een ultima perioad\u0103 \u00een fr\u0103\u021bietatea noastr\u0103. Se pare c\u0103 niciodat\u0103 \u00een istoria nu am avut at\u00e2\u021bea slujitori ordina\u021bi cum avem \u00een zilele noastre. Este un motiv de mul\u021bumire \u00eenso\u021bit \u0219i de speran\u021ba cre\u0219terii \u0219i extinderii lucr\u0103rii spirituale.<\/p>\n<p><img loading=\"lazy\" decoding=\"async\" class=\"aligncenter size-full wp-image-15222\" src=\"http:\/\/baptist.org.md\/ro\/wp-content\/uploads\/2021\/09\/ADS_0613.jpg\" alt=\"\" width=\"1000\" height=\"667\" srcset=\"https:\/\/baptist.org.md\/ro\/wp-content\/uploads\/2021\/09\/ADS_0613.jpg 1000w, https:\/\/baptist.org.md\/ro\/wp-content\/uploads\/2021\/09\/ADS_0613-300x200.jpg 300w, https:\/\/baptist.org.md\/ro\/wp-content\/uploads\/2021\/09\/ADS_0613-768x512.jpg 768w\" sizes=\"auto, (max-width: 1000px) 100vw, 1000px\" \/><\/p>\n<p>Pe data de 12 septembrie \u00een biserica \u00abEmanuel\u00bb din satul Talmaza a avut loc consacrare \u00een slujire a doi fra\u021bi: pentru slujba de p\u0103stor fratele <strong>Victor Dob\u00e2nda<\/strong> \u0219i pentru slujba de diacon fratele <strong>Iurii Lutenco<\/strong>. Biserica a fost \u00een s\u0103rb\u0103toare \u0219i L-a l\u0103udat pe Domnul pentru modul \u00een care a r\u0103spuns la rug\u0103ciunile comunit\u0103\u021bii.<\/p>\n<p><img loading=\"lazy\" decoding=\"async\" class=\"aligncenter size-full wp-image-15223\" src=\"http:\/\/baptist.org.md\/ro\/wp-content\/uploads\/2021\/09\/ADS_0466.jpg\" alt=\"\" width=\"1000\" height=\"667\" srcset=\"https:\/\/baptist.org.md\/ro\/wp-content\/uploads\/2021\/09\/ADS_0466.jpg 1000w, https:\/\/baptist.org.md\/ro\/wp-content\/uploads\/2021\/09\/ADS_0466-300x200.jpg 300w, https:\/\/baptist.org.md\/ro\/wp-content\/uploads\/2021\/09\/ADS_0466-768x512.jpg 768w\" sizes=\"auto, (max-width: 1000px) 100vw, 1000px\" \/><\/p>\n<p>Slujba de ordinare a fost condus\u0103 de p\u0103storul responsabil pe regiunea C\u0103u\u0219eni fratele Igor \u0218eremet. Cuv\u00e2ntul Domnului a fost predicat de episcopul adjunct Serghei Ghermanov, iar fratele Alexandru Iurco, p\u0103stor din Olane\u0219ti a avut un \u00eendemn pentru noii lucr\u0103tori. De asemenea \u00een cadrul serviciului de ordinare biserica local\u0103 a mul\u021bumit Domnului pentru roadele din acest an.<\/p>\n<p><img loading=\"lazy\" decoding=\"async\" class=\"aligncenter size-full wp-image-15224\" src=\"http:\/\/baptist.org.md\/ro\/wp-content\/uploads\/2021\/09\/ADS_0419.jpg\" alt=\"\" width=\"1000\" height=\"800\" srcset=\"https:\/\/baptist.org.md\/ro\/wp-content\/uploads\/2021\/09\/ADS_0419.jpg 1000w, https:\/\/baptist.org.md\/ro\/wp-content\/uploads\/2021\/09\/ADS_0419-300x240.jpg 300w, https:\/\/baptist.org.md\/ro\/wp-content\/uploads\/2021\/09\/ADS_0419-768x614.jpg 768w\" sizes=\"auto, (max-width: 1000px) 100vw, 1000px\" \/><\/p>\n<p>Ne rug\u0103m \u00een continuare ca odat\u0103 cu cre\u0219terea num\u0103rului de slujitori \u00een bisericile din fr\u0103\u021bietatea noastr\u0103 sa se extind\u0103 \u0219i \u00cemp\u0103r\u0103\u021bia Lui.<\/p>\n<p><img loading=\"lazy\" decoding=\"async\" class=\"aligncenter size-full wp-image-15225\" src=\"http:\/\/baptist.org.md\/ro\/wp-content\/uploads\/2021\/09\/ADS_0792.jpg\" alt=\"\" width=\"1000\" height=\"676\" srcset=\"https:\/\/baptist.org.md\/ro\/wp-content\/uploads\/2021\/09\/ADS_0792.jpg 1000w, https:\/\/baptist.org.md\/ro\/wp-content\/uploads\/2021\/09\/ADS_0792-300x203.jpg 300w, https:\/\/baptist.org.md\/ro\/wp-content\/uploads\/2021\/09\/ADS_0792-768x519.jpg 768w\" sizes=\"auto, (max-width: 1000px) 100vw, 1000px\" \/><\/p>\n","protected":false},"excerpt":{"rendered":"<p>O adev\u0103rat\u0103 ploaie de ordin\u0103ri a avut loc \u00een ultima perioad\u0103 \u00een fr\u0103\u021bietatea noastr\u0103. Se pare c\u0103 niciodat\u0103 \u00een istoria nu am avut at\u00e2\u021bea slujitori ordina\u021bi cum avem \u00een zilele noastre. Este un motiv&#46;&#46;&#46;<\/p>\n","protected":false},"author":2,"featured_media":15226,"comment_status":"open","ping_status":"open","sticky":false,"template":"","format":"standard","meta":{"footnotes":""},"categories":[77],"tags":[],"class_list":["post-15221","post","type-post","status-publish","format-standard","has-post-thumbnail","hentry","category-slides"],"fimg_url":"https:\/\/baptist.org.md\/ro\/wp-content\/uploads\/2021\/09\/ADS_0792-2.jpg","views":964,"_links":{"self":[{"href":"https:\/\/baptist.org.md\/ro\/index.php?rest_route=\/wp\/v2\/posts\/15221","targetHints":{"allow":["GET"]}}],"collection":[{"href":"https:\/\/baptist.org.md\/ro\/index.php?rest_route=\/wp\/v2\/posts"}],"about":[{"href":"https:\/\/baptist.org.md\/ro\/index.php?rest_route=\/wp\/v2\/types\/post"}],"author":[{"embeddable":true,"href":"https:\/\/baptist.org.md\/ro\/index.php?rest_route=\/wp\/v2\/users\/2"}],"replies":[{"embeddable":true,"href":"https:\/\/baptist.org.md\/ro\/index.php?rest_route=%2Fwp%2Fv2%2Fcomments&post=15221"}],"version-history":[{"count":2,"href":"https:\/\/baptist.org.md\/ro\/index.php?rest_route=\/wp\/v2\/posts\/15221\/revisions"}],"predecessor-version":[{"id":15228,"href":"https:\/\/baptist.org.md\/ro\/index.php?rest_route=\/wp\/v2\/posts\/15221\/revisions\/15228"}],"wp:featuredmedia":[{"embeddable":true,"href":"https:\/\/baptist.org.md\/ro\/index.php?rest_route=\/wp\/v2\/media\/15226"}],"wp:attachment":[{"href":"https:\/\/baptist.org.md\/ro\/index.php?rest_route=%2Fwp%2Fv2%2Fmedia&parent=15221"}],"wp:term":[{"taxonomy":"category","embeddable":true,"href":"https:\/\/baptist.org.md\/ro\/index.php?rest_route=%2Fwp%2Fv2%2Fcategories&post=15221"},{"taxonomy":"post_tag","embeddable":true,"href":"https:\/\/baptist.org.md\/ro\/index.php?rest_route=%2Fwp%2Fv2%2Ftags&post=15221"}],"curies":[{"name":"wp","href":"https:\/\/api.w.org\/{rel}","templated":true}]}}