{"id":14763,"date":"2020-07-21T02:27:11","date_gmt":"2020-07-20T23:27:11","guid":{"rendered":"http:\/\/baptist.org.md\/ro\/?p=14763"},"modified":"2020-07-21T02:33:09","modified_gmt":"2020-07-20T23:33:09","slug":"binele-trebuie-sa-traiasca-a-fost-pusa-prima-piatra-a-casei-milei-ce-urmeaza-sa-fie-construita-in-satul-rujnita","status":"publish","type":"post","link":"https:\/\/baptist.org.md\/ro\/?p=14763","title":{"rendered":"\u201eBinele trebuie s\u0103 tr\u0103iasc\u0103\u201d &#8211; A fost pus\u0103 prima piatr\u0103 a Casei Milei, ce urmeaz\u0103 s\u0103 fie construit\u0103 \u00een satul Rujni\u021ba"},"content":{"rendered":"<p>\u00cen satul Rujni\u021ba, raionul Ocni\u021ba, s-a desf\u0103\u0219urat un serviciu divin dedicat \u00eenceputului construc\u021biei Casei Milei, \u00een care vor g\u0103si ad\u0103post \u0219i \u00eengrijire individual\u0103 aproximativ dou\u0103zeci de oameni v\u00e2rstnici \u0219i singuratici. Locuin\u021ba va fi amplasat\u0103 pe acela\u0219i teritoriu cu Casa de rug\u0103ciune, care se afl\u0103 \u00een proces de construc\u021bie \u0219i casa de copii, de tip familial, deja construit\u0103.<\/p>\n<p><a href=\"http:\/\/baptist.org.md\/ro\/wp-content\/uploads\/viber_image_2020-07-21_01-17-04.jpg\"><img loading=\"lazy\" decoding=\"async\" class=\"size-full wp-image-14764 alignleft\" src=\"http:\/\/baptist.org.md\/ro\/wp-content\/uploads\/viber_image_2020-07-21_01-17-04.jpg\" alt=\"\" width=\"160\" height=\"160\" srcset=\"https:\/\/baptist.org.md\/ro\/wp-content\/uploads\/viber_image_2020-07-21_01-17-04.jpg 160w, https:\/\/baptist.org.md\/ro\/wp-content\/uploads\/viber_image_2020-07-21_01-17-04-150x150.jpg 150w\" sizes=\"auto, (max-width: 160px) 100vw, 160px\" \/><\/a>Potrivit pastorului bisericii locale Alexandru Aftinescu, ideea de a construi un ad\u0103post a ap\u0103rut \u00een urm\u0103 cu doi ani, c\u00e2nd \u00eempreun\u0103 cu fostul primar al comunei Rujni\u021ba, Fiodor Cucer, au vorbit despre cum ar putea ajuta oamenii singuratici \u0219i defavoriza\u021bi. \u201e\u00cen tot acest timp ne-am rugat \u0219i am a\u0219teptat un r\u0103spuns din partea Domnului. R\u0103spunsul a venit dup\u0103 o \u00eent\u00e2lnire cu fratele Vladimir Leahovcenco, care a fost p\u0103truns de aceast\u0103 nevoie \u0219i a \u00eenceput s\u0103 str\u00e2ng\u0103 fondurile necesare. Munca ar trebui s\u0103 \u00eenceap\u0103 m\u00e2ine, dar mai \u00eent\u00e2i vrem s\u0103-i cerem binecuv\u00e2nt\u0103ri lui Dumnezeu \u201d, a remarcat fratele Alexandru.<\/p>\n<p>Proiectul a fost posibil datorit\u0103 sprijinului financiar al misiunii \u201eIrlanda de Nord \u00een Moldova\u201d.<\/p>\n<blockquote><p><a href=\"http:\/\/baptist.org.md\/ro\/wp-content\/uploads\/viber_image_2020-07-21_01-17-06.jpg\"><img loading=\"lazy\" decoding=\"async\" class=\" wp-image-14765 alignleft\" src=\"http:\/\/baptist.org.md\/ro\/wp-content\/uploads\/viber_image_2020-07-21_01-17-06.jpg\" alt=\"\" width=\"144\" height=\"167\" srcset=\"https:\/\/baptist.org.md\/ro\/wp-content\/uploads\/viber_image_2020-07-21_01-17-06.jpg 768w, https:\/\/baptist.org.md\/ro\/wp-content\/uploads\/viber_image_2020-07-21_01-17-06-259x300.jpg 259w\" sizes=\"auto, (max-width: 144px) 100vw, 144px\" \/><\/a>Mul\u021bi v\u00e2rstnici au f\u0103cut tot posibilul pentru a ne \u00eembun\u0103t\u0103\u021bi via\u021ba, la un moment dat. Acum este momentul s\u0103 le mul\u021bumim \u0219i s\u0103 realiz\u0103m ceva pentru a-i face s\u0103 se simt\u0103 mai bine. Totu\u0219i, binele trebuie s\u0103 tr\u0103iasc\u0103!<\/p>\n<p>&#8211; Vladimir Leahovcenco, liderul misiunii<\/p><\/blockquote>\n<p>&nbsp;<\/p>\n<p>&nbsp;<\/p>\n<p>La evenimentul solemn au participat reprezentan\u021bi ai autorit\u0103\u021bilor locale, care au asistat \u0219i la preg\u0103tirea documentelor necesare construc\u021biei.<\/p>\n<p><a href=\"http:\/\/baptist.org.md\/ro\/wp-content\/uploads\/viber_image_2020-07-21_01-17-07.jpg\"><img loading=\"lazy\" decoding=\"async\" class=\"aligncenter size-full wp-image-14766\" src=\"http:\/\/baptist.org.md\/ro\/wp-content\/uploads\/viber_image_2020-07-21_01-17-07.jpg\" alt=\"\" width=\"768\" height=\"524\" srcset=\"https:\/\/baptist.org.md\/ro\/wp-content\/uploads\/viber_image_2020-07-21_01-17-07.jpg 768w, https:\/\/baptist.org.md\/ro\/wp-content\/uploads\/viber_image_2020-07-21_01-17-07-300x205.jpg 300w\" sizes=\"auto, (max-width: 768px) 100vw, 768px\" \/><\/a><\/p>\n<p>Printre ace\u0219tia: primarul local Marina Varzari, pre\u0219edintele adjunct al raionului Ocni\u021ba &#8211; Galina Zalevscaia, deputata \u00een parlamentul Republici Moldova &#8211; Irina Lozovan.<\/p>\n<blockquote>\n<p style=\"text-align: right;\"><a href=\"http:\/\/baptist.org.md\/ro\/wp-content\/uploads\/viber_image_2020-07-21_01-17-11.jpg\"><img loading=\"lazy\" decoding=\"async\" class=\"wp-image-14767 alignright\" src=\"http:\/\/baptist.org.md\/ro\/wp-content\/uploads\/viber_image_2020-07-21_01-17-11.jpg\" alt=\"\" width=\"130\" height=\"106\" srcset=\"https:\/\/baptist.org.md\/ro\/wp-content\/uploads\/viber_image_2020-07-21_01-17-11.jpg 800w, https:\/\/baptist.org.md\/ro\/wp-content\/uploads\/viber_image_2020-07-21_01-17-11-300x245.jpg 300w, https:\/\/baptist.org.md\/ro\/wp-content\/uploads\/viber_image_2020-07-21_01-17-11-768x627.jpg 768w\" sizes=\"auto, (max-width: 130px) 100vw, 130px\" \/><\/a>\u00cenceputul construc\u021biei unei case de b\u0103tr\u00e2ni este o fapt\u0103 foarte bun\u0103 \u0219i foarte necesar\u0103. P\u00e2n\u0103 \u00een prezent, \u00een Ocni\u021ba, aproximativ 800 de persoane sunt pe punctul de a supravie\u021bui. Cas\u0103 de b\u0103tr\u00e2ni din satul Calara\u0219ovca g\u0103zduie\u0219te doar 35 de persoane. Fie ca Dumnezeu s\u0103 ne ajute ca binele s\u0103 fie continuat. &#8211; Galina Zalevscaia<\/p>\n<\/blockquote>\n<p>&nbsp;<\/p>\n<blockquote><p><a href=\"http:\/\/baptist.org.md\/ro\/wp-content\/uploads\/viber_image_2020-07-21_01-17-08.jpg\"><img loading=\"lazy\" decoding=\"async\" class=\"size-full wp-image-14768 alignleft\" src=\"http:\/\/baptist.org.md\/ro\/wp-content\/uploads\/viber_image_2020-07-21_01-17-08.jpg\" alt=\"\" width=\"160\" height=\"160\" srcset=\"https:\/\/baptist.org.md\/ro\/wp-content\/uploads\/viber_image_2020-07-21_01-17-08.jpg 160w, https:\/\/baptist.org.md\/ro\/wp-content\/uploads\/viber_image_2020-07-21_01-17-08-150x150.jpg 150w\" sizes=\"auto, (max-width: 160px) 100vw, 160px\" \/><\/a>Din p\u0103cate, tot mai mul\u021bi v\u00e2rstnici r\u0103m\u00e2n f\u0103r\u0103 \u00eengrijire \u0219i tr\u0103iesc \u00een frig \u0219i foame. Prin urmare, \u00een calitate de membru al parlamentului, voi fi \u00eentotdeauna al\u0103turi de cei care fac bine \u00een via\u021b\u0103 \u0219i sus\u021bin \u00een orice mod posibil astfel de proiecte. Binele ar trebui s\u0103 tr\u0103iasc\u0103 cu adev\u0103rat \u0219i-n acest mod, aceast\u0103 lume va deveni mai bun\u0103, mai frumoas\u0103 \u0219i mai amabil\u0103. \u00centr-un ceas bun pentru construc\u021bia acestei case, cu ajutorul \u0219i binecuv\u00e2ntarea lui Dumnezeu. &#8211; Irina Lozovan<\/p><\/blockquote>\n<p>Irina Lozovan a remarcat participarea la acest eveniment \u0219i pe pagina sa de Facebook.<\/p>\n<p>\u00cenainte de a fi pus\u0103 prima piatr\u0103, a fost f\u0103cut\u0103 o rug\u0103ciune special\u0103 de binecuv\u00e2ntare, la care au luat parte pastorii: Alexandru Aftinescu, Alexandru Poli\u0219ciuc, Iurii Bostan, Andrei Luca, Petru Mihalciuc.<\/p>\n<p><a href=\"http:\/\/baptist.org.md\/ro\/wp-content\/uploads\/viber_image_2020-07-21_01-17-10.jpg\"><img loading=\"lazy\" decoding=\"async\" class=\"aligncenter size-full wp-image-14769\" src=\"http:\/\/baptist.org.md\/ro\/wp-content\/uploads\/viber_image_2020-07-21_01-17-10.jpg\" alt=\"\" width=\"720\" height=\"340\" srcset=\"https:\/\/baptist.org.md\/ro\/wp-content\/uploads\/viber_image_2020-07-21_01-17-10.jpg 720w, https:\/\/baptist.org.md\/ro\/wp-content\/uploads\/viber_image_2020-07-21_01-17-10-300x142.jpg 300w, https:\/\/baptist.org.md\/ro\/wp-content\/uploads\/viber_image_2020-07-21_01-17-10-520x245.jpg 520w\" sizes=\"auto, (max-width: 720px) 100vw, 720px\" \/><\/a><\/p>\n<p>Reamintim c\u0103 prima Cas\u0103 a Uniunii BCEBM \u201eTabita\u201d a fost construit\u0103 \u00een satul Iabloana din raionul Glodeni. Anul trecut, Casa Milei \u201eTabita\u201d a marcat 20 de ani de c\u00e2nd \u0219i-a deschis por\u021bile pentru primii s\u0103i locatari. \u00cen acest timp, peste 300 de persoane \u00een v\u00e2rst\u0103 \u0219i defavorizate \u0219i-au g\u0103sit ad\u0103postul acolo. \u00cen acest moment, aproximativ 40 de persoane locuiesc acolo. \u00cen to\u021bi ace\u0219ti ani, directorul Casei \u00eendur\u0103rii din Iabloana a fost tat\u0103l pastorului Alexandru, Veceaslav Aftinescu. A\u0219a c\u0103 binele continu\u0103 s\u0103 tr\u0103iasc\u0103, fiind r\u0103sp\u00e2ndit din genera\u021bie \u00een genera\u021bie, de la ta\u021bi la fii.<\/p>\n","protected":false},"excerpt":{"rendered":"<p>\u00cen satul Rujni\u021ba, raionul Ocni\u021ba, s-a desf\u0103\u0219urat un serviciu divin dedicat \u00eenceputului construc\u021biei Casei Milei, \u00een care vor g\u0103si ad\u0103post \u0219i \u00eengrijire individual\u0103 aproximativ dou\u0103zeci de oameni v\u00e2rstnici \u0219i singuratici. Locuin\u021ba va fi amplasat\u0103&#46;&#46;&#46;<\/p>\n","protected":false},"author":2,"featured_media":14769,"comment_status":"open","ping_status":"open","sticky":false,"template":"","format":"standard","meta":{"footnotes":""},"categories":[2,77,23,1],"tags":[],"class_list":["post-14763","post","type-post","status-publish","format-standard","has-post-thumbnail","hentry","category-spiritualitate","category-slides","category-interne","category-uncategorized"],"fimg_url":"https:\/\/baptist.org.md\/ro\/wp-content\/uploads\/viber_image_2020-07-21_01-17-10.jpg","views":2584,"_links":{"self":[{"href":"https:\/\/baptist.org.md\/ro\/index.php?rest_route=\/wp\/v2\/posts\/14763","targetHints":{"allow":["GET"]}}],"collection":[{"href":"https:\/\/baptist.org.md\/ro\/index.php?rest_route=\/wp\/v2\/posts"}],"about":[{"href":"https:\/\/baptist.org.md\/ro\/index.php?rest_route=\/wp\/v2\/types\/post"}],"author":[{"embeddable":true,"href":"https:\/\/baptist.org.md\/ro\/index.php?rest_route=\/wp\/v2\/users\/2"}],"replies":[{"embeddable":true,"href":"https:\/\/baptist.org.md\/ro\/index.php?rest_route=%2Fwp%2Fv2%2Fcomments&post=14763"}],"version-history":[{"count":3,"href":"https:\/\/baptist.org.md\/ro\/index.php?rest_route=\/wp\/v2\/posts\/14763\/revisions"}],"predecessor-version":[{"id":14772,"href":"https:\/\/baptist.org.md\/ro\/index.php?rest_route=\/wp\/v2\/posts\/14763\/revisions\/14772"}],"wp:featuredmedia":[{"embeddable":true,"href":"https:\/\/baptist.org.md\/ro\/index.php?rest_route=\/wp\/v2\/media\/14769"}],"wp:attachment":[{"href":"https:\/\/baptist.org.md\/ro\/index.php?rest_route=%2Fwp%2Fv2%2Fmedia&parent=14763"}],"wp:term":[{"taxonomy":"category","embeddable":true,"href":"https:\/\/baptist.org.md\/ro\/index.php?rest_route=%2Fwp%2Fv2%2Fcategories&post=14763"},{"taxonomy":"post_tag","embeddable":true,"href":"https:\/\/baptist.org.md\/ro\/index.php?rest_route=%2Fwp%2Fv2%2Ftags&post=14763"}],"curies":[{"name":"wp","href":"https:\/\/api.w.org\/{rel}","templated":true}]}}