{"id":14748,"date":"2020-06-20T13:48:13","date_gmt":"2020-06-20T10:48:13","guid":{"rendered":"http:\/\/baptist.org.md\/ro\/?p=14748"},"modified":"2020-06-20T15:37:04","modified_gmt":"2020-06-20T12:37:04","slug":"pastorul-ion-miaun-a-plecat-la-domnul","status":"publish","type":"post","link":"https:\/\/baptist.org.md\/ro\/?p=14748","title":{"rendered":"Pastorul Ion Miaun a plecat la Domnul"},"content":{"rendered":"<p>La 17 iunie 2020, \u00een al \u0219aptezecelea an al vie\u021bii sale, pastorul Bisericii CEB din satul Criva, raionul Briceni, Ion Miaun a trecut \u00een eternitate. \u00cen ultimele sale zile, el a fost internat \u00een spital, diagnosticat cu noul tip de virus COVID-19, fiind totodat\u0103 conectat la un suport ventilator de respira\u021bie artificial\u0103.<\/p>\n<p>Fratele Ion s-a n\u0103scut \u00eentr-o familie de cre\u0219tini din satul Corjeu\u021bi. P\u0103rin\u021bii s\u0103i, fratele Alexandru \u0219i sora Vera Miaun l-au \u00eendrumat \u00een \u00eenv\u0103\u021b\u0103tura Cuv\u00e2ntului lui Dumnezeu. \u00cen ciuda ateismului care era militant la vremea respectiv\u0103, la o v\u00e2rst\u0103 fraged\u0103, fratele Ivan a luat o decizie important\u0103 \u0219i anume cea de a-L urma pe Domnul. Astfel, a urmat botezul s\u0103u \u0219i devenirea sa \u00een calitate de membru al bisericii locale.<\/p>\n<p><a href=\"http:\/\/baptist.org.md\/ro\/wp-content\/uploads\/uuyyty.jpg\"><img loading=\"lazy\" decoding=\"async\" class=\"aligncenter size-full wp-image-14750\" src=\"http:\/\/baptist.org.md\/ro\/wp-content\/uploads\/uuyyty.jpg\" alt=\"\" width=\"768\" height=\"576\" srcset=\"https:\/\/baptist.org.md\/ro\/wp-content\/uploads\/uuyyty.jpg 768w, https:\/\/baptist.org.md\/ro\/wp-content\/uploads\/uuyyty-300x225.jpg 300w\" sizes=\"auto, (max-width: 768px) 100vw, 768px\" \/><\/a><\/p>\n<p>\u00cen anul 1970, fratele Ion s-a c\u0103s\u0103torit cu so\u021bia sa &#8211; Larisa Jitari. \u00cen acela\u0219i an, fratele Ion s-a stabilit cu traiul \u00een satul Mamaliga din regiunea Cern\u0103u\u021bi, Ucraina. De asemenea, Dumnezeu a binecuv\u00e2ntat familia lor \u0219i le-a trimis so\u021bilor patru fii, dou\u0103 fiice, doisprezece nepo\u021bi \u0219i un str\u0103nepot.<\/p>\n<p>La sf\u00e2r\u0219itul anilor 90, fratele Ion a fost chemat pentru slujirea misionar\u0103 \u00een satele Criva \u0219i Drepc\u0103u\u021bi, unde au ap\u0103rut grupuri de credincio\u0219i, care aveau nevoie de \u00eengrijirea \u0219i \u00eendrumarea acestuia. \u00cen 2009, a fost ordinat \u00een calitate de pastor, iar biserica, prietenii \u0219i colaboratorii fratelui Ivan \u00ee\u0219i amintesc cu drag de devotamentul extraordinar \u0219i loialitatea sa fa\u021b\u0103 de slujire.<\/p>\n<p>Fratele Ion nu a \u00eendeplinit doar lucr\u0103ri spirituale, fiind totodat\u0103 \u0219i un bun specialist \u00een domeniul construc\u021biilor. El a contribuit foarte mult la reconstruc\u021bia \u0219i repararea caselor de rug\u0103ciune din satele Criva \u0219i Drepc\u0103u\u021bi. Pentru mul\u021bi credincio\u0219i, el va fi amintit ca un bun exemplu de fidelitate \u0219i consacrare. Ne vom ruga pentru familia lui, ca Domnul s\u0103 \u00eei m\u00e2ng\u00e2ie \u0219i c\u0103 exemplul s\u0103u s\u0103 inspire genera\u021bia t\u00e2n\u0103r\u0103 de slujitori.<\/p>\n<p><a href=\"http:\/\/baptist.org.md\/ro\/wp-content\/uploads\/yyy.jpg\"><img loading=\"lazy\" decoding=\"async\" class=\"aligncenter size-full wp-image-14751\" src=\"http:\/\/baptist.org.md\/ro\/wp-content\/uploads\/yyy.jpg\" alt=\"\" width=\"768\" height=\"576\" srcset=\"https:\/\/baptist.org.md\/ro\/wp-content\/uploads\/yyy.jpg 768w, https:\/\/baptist.org.md\/ro\/wp-content\/uploads\/yyy-300x225.jpg 300w\" sizes=\"auto, (max-width: 768px) 100vw, 768px\" \/><\/a><\/p>\n<p>To\u021bi slujitorii regiunii de nord, precum \u0219i conducerea Uniunii Bisericilor CEB din Moldova exprim\u0103 sincere condolean\u021be familiei. Ne rug\u0103m \u00een continuare pentru so\u021bia fratelui Ion, sora Larisa, care se afl\u0103 \u00een spital acum \u0219i \u00eei \u00eendemn\u0103m pe to\u021bi credincio\u0219ii s\u0103 se uneasc\u0103 \u00een rug\u0103ciune pentru aceast\u0103 familie.<\/p>\n<blockquote><p>\u201eCei \u00een\u021belep\u021bi vor str\u0103luci ca str\u0103lucirea cerului \u0219i cei ce vor \u00eenv\u0103\u021ba pe mul\u021bi s\u0103 umble \u00een neprih\u0103nire vor str\u0103luci ca stelele \u00een veac \u0219i \u00een veci de veci\u201d (Daniel 12:3).<\/p><\/blockquote>\n","protected":false},"excerpt":{"rendered":"<p>La 17 iunie 2020, \u00een al \u0219aptezecelea an al vie\u021bii sale, pastorul Bisericii CEB din satul Criva, raionul Briceni, Ion Miaun a trecut \u00een eternitate. \u00cen ultimele sale zile, el a fost internat \u00een&#46;&#46;&#46;<\/p>\n","protected":false},"author":2,"featured_media":14749,"comment_status":"open","ping_status":"open","sticky":false,"template":"","format":"standard","meta":{"footnotes":""},"categories":[2,77,23],"tags":[],"class_list":["post-14748","post","type-post","status-publish","format-standard","has-post-thumbnail","hentry","category-spiritualitate","category-slides","category-interne"],"fimg_url":"https:\/\/baptist.org.md\/ro\/wp-content\/uploads\/viber_image_2020-06-20_13-36-35.jpg","views":2023,"_links":{"self":[{"href":"https:\/\/baptist.org.md\/ro\/index.php?rest_route=\/wp\/v2\/posts\/14748","targetHints":{"allow":["GET"]}}],"collection":[{"href":"https:\/\/baptist.org.md\/ro\/index.php?rest_route=\/wp\/v2\/posts"}],"about":[{"href":"https:\/\/baptist.org.md\/ro\/index.php?rest_route=\/wp\/v2\/types\/post"}],"author":[{"embeddable":true,"href":"https:\/\/baptist.org.md\/ro\/index.php?rest_route=\/wp\/v2\/users\/2"}],"replies":[{"embeddable":true,"href":"https:\/\/baptist.org.md\/ro\/index.php?rest_route=%2Fwp%2Fv2%2Fcomments&post=14748"}],"version-history":[{"count":3,"href":"https:\/\/baptist.org.md\/ro\/index.php?rest_route=\/wp\/v2\/posts\/14748\/revisions"}],"predecessor-version":[{"id":14754,"href":"https:\/\/baptist.org.md\/ro\/index.php?rest_route=\/wp\/v2\/posts\/14748\/revisions\/14754"}],"wp:featuredmedia":[{"embeddable":true,"href":"https:\/\/baptist.org.md\/ro\/index.php?rest_route=\/wp\/v2\/media\/14749"}],"wp:attachment":[{"href":"https:\/\/baptist.org.md\/ro\/index.php?rest_route=%2Fwp%2Fv2%2Fmedia&parent=14748"}],"wp:term":[{"taxonomy":"category","embeddable":true,"href":"https:\/\/baptist.org.md\/ro\/index.php?rest_route=%2Fwp%2Fv2%2Fcategories&post=14748"},{"taxonomy":"post_tag","embeddable":true,"href":"https:\/\/baptist.org.md\/ro\/index.php?rest_route=%2Fwp%2Fv2%2Ftags&post=14748"}],"curies":[{"name":"wp","href":"https:\/\/api.w.org\/{rel}","templated":true}]}}