{"id":14695,"date":"2020-05-12T01:33:03","date_gmt":"2020-05-11T22:33:03","guid":{"rendered":"http:\/\/baptist.org.md\/ro\/?p=14695"},"modified":"2020-05-12T01:56:40","modified_gmt":"2020-05-11T22:56:40","slug":"in-centrul-de-reabilitare-din-satul-palaria-a-fost-pusa-prima-piatra-in-constructia-unei-noi-cladiri","status":"publish","type":"post","link":"https:\/\/baptist.org.md\/ro\/?p=14695","title":{"rendered":"\u00cen centrul de reabilitare din satul P\u0103laria a fost pus\u0103 prima piatr\u0103 pentru construc\u021bia unei noi cl\u0103diri"},"content":{"rendered":"<p>\u00cen centrul de reabilitare din satul P\u0103laria, raionul S\u00eengerei a fost pus\u0103 prima piatr\u0103 \u00een temelia unui nou bloc reziden\u021bial. Locuin\u021ba va fi ridicat\u0103 pe locul cl\u0103dirii vechi, distruse, care s-a deteriorat deja.<\/p>\n<p><a href=\"http:\/\/baptist.org.md\/ro\/wp-content\/uploads\/viber_image_2020-05-12_00-46-27.jpg\"><img loading=\"lazy\" decoding=\"async\" class=\"aligncenter size-full wp-image-14696\" src=\"http:\/\/baptist.org.md\/ro\/wp-content\/uploads\/viber_image_2020-05-12_00-46-27.jpg\" alt=\"\" width=\"768\" height=\"834\" srcset=\"https:\/\/baptist.org.md\/ro\/wp-content\/uploads\/viber_image_2020-05-12_00-46-27.jpg 768w, https:\/\/baptist.org.md\/ro\/wp-content\/uploads\/viber_image_2020-05-12_00-46-27-276x300.jpg 276w\" sizes=\"auto, (max-width: 768px) 100vw, 768px\" \/><\/a><\/p>\n<p>&nbsp;<\/p>\n<p>Potrivit pastorului Vasile Zakhilnyak, responsabil pentru slujirea centrului de reabilitare, ideea de a construi o nou\u0103 cl\u0103dire a ap\u0103rut cu mult timp \u00een urm\u0103 \u0219i mul\u021bi oameni s-au rugat pentru aceasta, \u00eens\u0103 nu a fost posibil\u0103 punerea ei \u00een aplicare din cauza lipsei de fonduri. Abia dup\u0103 ce credincio\u0219ii unei mici asocia\u021bii de biserici de limb\u0103 rus\u0103 din Bavaria, conduse de Vitali Hildebrandt, au acceptat s\u0103 ofere toat\u0103 asisten\u021ba posibil\u0103, s-a decis \u00eenceperea construc\u021biei.<\/p>\n<p>Bisericile acestei asocia\u021bii sus\u021bin centrul aproape din primele zile de la formarea sa. Mai mult, coordonatorul acestei slujiri Nicolai Ediger a vizitat centrul de mai multe ori \u0219i a participat la diferite slujiri. Dragostea \u0219i d\u0103ruirea credincio\u0219ilor din Germania este demonstrat\u0103 \u0219i de faptul c\u0103 trei grupuri de constructori din aceste biserici \u0219i-au exprimat dorin\u021ba de a veni \u00een Moldova \u0219i de a participa personal la construc\u021bia unei cl\u0103diri at\u00e2t de necesare. Din p\u0103cate, situa\u021bia cu coronavirus nu le-a permis s\u0103 fac\u0103 acest lucru. Totu\u0219i, prin fondurile care au fost colectate cu suportul credincio\u0219ilor din Bavaria, au fost achizi\u021bionate materiale de construc\u021bie, fapt ce a permis \u00eenceperea construc\u021biei.<\/p>\n<p><a href=\"http:\/\/baptist.org.md\/ro\/wp-content\/uploads\/viber_image_2020-05-12_00-46-23.jpg\"><img loading=\"lazy\" decoding=\"async\" class=\"aligncenter size-full wp-image-14697\" src=\"http:\/\/baptist.org.md\/ro\/wp-content\/uploads\/viber_image_2020-05-12_00-46-23.jpg\" alt=\"\" width=\"768\" height=\"511\" srcset=\"https:\/\/baptist.org.md\/ro\/wp-content\/uploads\/viber_image_2020-05-12_00-46-23.jpg 768w, https:\/\/baptist.org.md\/ro\/wp-content\/uploads\/viber_image_2020-05-12_00-46-23-300x200.jpg 300w\" sizes=\"auto, (max-width: 768px) 100vw, 768px\" \/><\/a><\/p>\n<p>Vasili Zakhilnyak: \u201eDumnezeu ne-a d\u0103ruit deja o cl\u0103dire frumoas\u0103 pentru femeile care se afl\u0103 \u00een curs de reabilitare \u0219i ne-am rugat mult pentru noua cl\u0103dire pentru b\u0103rba\u021bi. Domnul a rezolvat \u00een mod miraculos aceast\u0103 situa\u021bie. Am primit permisiunile necesare din partea autorit\u0103\u021bilor locale, am fost binecuv\u00e2nta\u021bi de slujitori de la biserica-mam\u0103 Betania \u0219i, cel mai important, am primit ajutor de la fra\u021bii \u0219i surorile noastre din Germania. Au dat dovad\u0103 de at\u00e2ta dedicare, \u00eenc\u00e2t au anulat unele dintre proiectele \u0219i planurile lor pentru a ne ajuta. Cred c\u0103 aceast\u0103 cas\u0103 va fi construit\u0103, \u00een primul r\u00e2nd, pentru slava lui Dumnezeu \u0219i, de asemenea, astfel \u00eenc\u00e2t condi\u021biile de via\u021b\u0103 s\u0103 devin\u0103 mai bune aici. De asemenea, cred c\u0103 mul\u021bi b\u0103rba\u021bi care vor veni \u00een acest loc \u0219i se vor elibera de dependen\u021b\u0103 \u00ee\u0219i vor aminti cu recuno\u0219tin\u021b\u0103 de to\u021bi cei care au participat la construc\u021bia acestei cl\u0103diri.\u201d<\/p>\n<p><a href=\"http:\/\/baptist.org.md\/ro\/wp-content\/uploads\/viber_image_2020-05-12_00-46-24.jpg\"><img loading=\"lazy\" decoding=\"async\" class=\"aligncenter size-full wp-image-14698\" src=\"http:\/\/baptist.org.md\/ro\/wp-content\/uploads\/viber_image_2020-05-12_00-46-24.jpg\" alt=\"\" width=\"768\" height=\"503\" srcset=\"https:\/\/baptist.org.md\/ro\/wp-content\/uploads\/viber_image_2020-05-12_00-46-24.jpg 768w, https:\/\/baptist.org.md\/ro\/wp-content\/uploads\/viber_image_2020-05-12_00-46-24-300x196.jpg 300w\" sizes=\"auto, (max-width: 768px) 100vw, 768px\" \/><\/a><\/p>\n<p>\u00cenainte de rug\u0103ciunea de binecuv\u00e2ntare, pastorul responsabil pe regiunea B\u0103l\u021bi, Petru Legcun s-a adresat constructorilor cu cuvinte de \u00eencurajare. Fratele Petru a citit textul: \u201eDe aceea, pe oricine aude aceste cuvinte ale Mele \u015fi le face, \u00eel voi asem\u0103na cu un om cu judecat\u0103, care \u015fi-a zidit casa pe st\u00e2nc\u0103. A dat ploaia, au venit \u015fuvoaiele, au suflat v\u00e2nturile \u015fi au b\u0103tut \u00een casa aceea, dar ea nu s-a pr\u0103bu\u015fit, pentru c\u0103 avea temelia zidit\u0103 pe st\u00e2nc\u0103.\u201d &#8211; Matei 7: 24, 25). El a men\u021bionat c\u0103 o persoan\u0103 prudent\u0103, \u00eencep\u00e2nd orice afacere, pune bazele lui Dumnezeu \u00een lucrarea lui. Aceasta \u00eenseamn\u0103, \u00een primul r\u00e2nd, c\u0103 el face totul \u00een conformitate cu cuv\u00e2ntul lui Dumnezeu. \u00cen al doilea r\u00e2nd, o astfel de persoan\u0103 nu se bazeaz\u0103 pe puterea sa, ci pe binecuv\u00e2ntarea lui Dumnezeu. \u201eFie ca Domnul s\u0103-i ajute pe to\u021bi cei care vor lucra la construirea acestei case, astfel \u00eenc\u00e2t s\u0103 fac\u0103 totul \u00een conformitate cu Cuv\u00e2ntul S\u0103u, apoi El va binecuv\u00e2nta aceast\u0103 lucrare pentru gloria Sa\u201d, a spus pastorul Petru Legcun.<\/p>\n<p><a href=\"http:\/\/baptist.org.md\/ro\/wp-content\/uploads\/viber_image_2020-05-12_00-46-26.jpg\"><img loading=\"lazy\" decoding=\"async\" class=\"aligncenter size-full wp-image-14699\" src=\"http:\/\/baptist.org.md\/ro\/wp-content\/uploads\/viber_image_2020-05-12_00-46-26.jpg\" alt=\"\" width=\"768\" height=\"486\" srcset=\"https:\/\/baptist.org.md\/ro\/wp-content\/uploads\/viber_image_2020-05-12_00-46-26.jpg 768w, https:\/\/baptist.org.md\/ro\/wp-content\/uploads\/viber_image_2020-05-12_00-46-26-300x190.jpg 300w\" sizes=\"auto, (max-width: 768px) 100vw, 768px\" \/><\/a><\/p>\n<p>La rug\u0103ciunea de binecuv\u00e2ntare au participat presbiterii: P. Legcun, V. Saz\u00eekin, V. Zakhilnyak, V. Obada.<\/p>\n<p>Centru de reabilitare din satul P\u0103laria a \u00eenceput s\u0103 func\u021bioneze \u00een anul 2007. \u00cen acest timp, aproximativ 500 de b\u0103rba\u021bi \u0219i femei au urmat cursuri de reabilitare \u0219i au avut \u0219ansa de a \u00eencepe o via\u021b\u0103 nou\u0103 cu Domnul Isus Hristos. Mul\u021bi dintre ace\u0219ti oameni nu numai c\u0103 s-au eliberat de vechea via\u021b\u0103 p\u0103c\u0103toas\u0103, dar au devenit lucr\u0103tori activi \u00een lucrarea Domnului. Acum ace\u0219tia lucreaz\u0103 \u00een mediul \u00een care activau anterior \u0219i \u00eencearc\u0103 s\u0103-i smulg\u0103 pe oamenii s\u0103raci \u0219i dependen\u021bi din iadul p\u0103m\u00e2ntesc, astfel \u00eenc\u00e2t ace\u0219tia s\u0103 g\u0103seasc\u0103 o via\u021b\u0103 binecuv\u00e2ntat\u0103 cu Domnul pe P\u0103m\u00e2nt \u0219i s\u0103 fie cu El \u00een ceruri, pentru totdeauna.<\/p>\n<p>&nbsp;<\/p>\n<p>&nbsp;<\/p>\n","protected":false},"excerpt":{"rendered":"<p>\u00cen centrul de reabilitare din satul P\u0103laria, raionul S\u00eengerei a fost pus\u0103 prima piatr\u0103 \u00een temelia unui nou bloc reziden\u021bial. Locuin\u021ba va fi ridicat\u0103 pe locul cl\u0103dirii vechi, distruse, care s-a deteriorat deja. &nbsp;&#46;&#46;&#46;<\/p>\n","protected":false},"author":2,"featured_media":14696,"comment_status":"open","ping_status":"open","sticky":false,"template":"","format":"standard","meta":{"footnotes":""},"categories":[2],"tags":[],"class_list":["post-14695","post","type-post","status-publish","format-standard","has-post-thumbnail","hentry","category-spiritualitate"],"fimg_url":"https:\/\/baptist.org.md\/ro\/wp-content\/uploads\/viber_image_2020-05-12_00-46-27.jpg","views":1982,"_links":{"self":[{"href":"https:\/\/baptist.org.md\/ro\/index.php?rest_route=\/wp\/v2\/posts\/14695","targetHints":{"allow":["GET"]}}],"collection":[{"href":"https:\/\/baptist.org.md\/ro\/index.php?rest_route=\/wp\/v2\/posts"}],"about":[{"href":"https:\/\/baptist.org.md\/ro\/index.php?rest_route=\/wp\/v2\/types\/post"}],"author":[{"embeddable":true,"href":"https:\/\/baptist.org.md\/ro\/index.php?rest_route=\/wp\/v2\/users\/2"}],"replies":[{"embeddable":true,"href":"https:\/\/baptist.org.md\/ro\/index.php?rest_route=%2Fwp%2Fv2%2Fcomments&post=14695"}],"version-history":[{"count":4,"href":"https:\/\/baptist.org.md\/ro\/index.php?rest_route=\/wp\/v2\/posts\/14695\/revisions"}],"predecessor-version":[{"id":14709,"href":"https:\/\/baptist.org.md\/ro\/index.php?rest_route=\/wp\/v2\/posts\/14695\/revisions\/14709"}],"wp:featuredmedia":[{"embeddable":true,"href":"https:\/\/baptist.org.md\/ro\/index.php?rest_route=\/wp\/v2\/media\/14696"}],"wp:attachment":[{"href":"https:\/\/baptist.org.md\/ro\/index.php?rest_route=%2Fwp%2Fv2%2Fmedia&parent=14695"}],"wp:term":[{"taxonomy":"category","embeddable":true,"href":"https:\/\/baptist.org.md\/ro\/index.php?rest_route=%2Fwp%2Fv2%2Fcategories&post=14695"},{"taxonomy":"post_tag","embeddable":true,"href":"https:\/\/baptist.org.md\/ro\/index.php?rest_route=%2Fwp%2Fv2%2Ftags&post=14695"}],"curies":[{"name":"wp","href":"https:\/\/api.w.org\/{rel}","templated":true}]}}