{"id":14428,"date":"2019-10-30T13:58:59","date_gmt":"2019-10-30T11:58:59","guid":{"rendered":"http:\/\/baptist.org.md\/ro\/?p=14428"},"modified":"2019-10-30T13:58:59","modified_gmt":"2019-10-30T11:58:59","slug":"pentru-viitorul-orfanilor-in-republica-moldova-a-fost-deschisa-cea-de-a-46-cctf","status":"publish","type":"post","link":"https:\/\/baptist.org.md\/ro\/?p=14428","title":{"rendered":"Pentru viitorul orfanilor \u2013 \u00een Republica Moldova a fost deschis\u0103 cea de-a 46 CCTF"},"content":{"rendered":"<p>\u00cen Republica Moldova continu\u0103 proiectul de construire a caselor de copii de tip familial (CCTF), ini\u021biat c\u00e2\u021biva ani \u00een urm\u0103 cu suportul funda\u021biei \u201cPod spre via\u021b\u0103\u201d. Pe 18 octombrie, o alt\u0103 cas\u0103 de copii a fost deschis\u0103 \u00een satul Rujni\u021ba, raionul Ocni\u021ba.<\/p>\n<p><a href=\"http:\/\/baptist.org.md\/ro\/wp-content\/uploads\/R-1.jpg\"><img loading=\"lazy\" decoding=\"async\" class=\"size-large wp-image-14429 aligncenter\" src=\"http:\/\/baptist.org.md\/ro\/wp-content\/uploads\/R-1-1024x729.jpg\" alt=\"\" width=\"720\" height=\"513\" srcset=\"https:\/\/baptist.org.md\/ro\/wp-content\/uploads\/R-1.jpg 1024w, https:\/\/baptist.org.md\/ro\/wp-content\/uploads\/R-1-300x214.jpg 300w, https:\/\/baptist.org.md\/ro\/wp-content\/uploads\/R-1-768x547.jpg 768w\" sizes=\"auto, (max-width: 720px) 100vw, 720px\" \/><\/a><\/p>\n<p>La \u00eent\u00e2lnirea solemn\u0103 dedicat\u0103 acestui eveniment au luat parte reprezentan\u021bii serviciului de asisten\u021b\u0103 social\u0103, locuitorii satului, pastorii din bisericile \u00eenconjur\u0103toare, de asemenea \u0219i pre\u0219edintele Funda\u021biei \u201cPod spre via\u021b\u0103\u201d-\u00a0 Waldemar Shredder. Vorbind \u00een fa\u021ba celor prezen\u021bi, fratele Waldemar a transmis salut\u0103ri de la fondatorul funda\u021biei Johannes Hemmerling, dar \u0219i a \u00eemp\u0103rt\u0103\u0219it celorlal\u021bi cum el a crescut f\u0103r\u0103 tat\u0103 \u0219i c\u00e2t de complicat\u0103 a fost calea lui spre Dumnezeu.<\/p>\n<p><a href=\"http:\/\/baptist.org.md\/ro\/wp-content\/uploads\/r2-1.jpg\"><img loading=\"lazy\" decoding=\"async\" class=\"aligncenter size-large wp-image-14431\" src=\"http:\/\/baptist.org.md\/ro\/wp-content\/uploads\/r2-1-1024x758.jpg\" alt=\"\" width=\"720\" height=\"533\" srcset=\"https:\/\/baptist.org.md\/ro\/wp-content\/uploads\/r2-1.jpg 1024w, https:\/\/baptist.org.md\/ro\/wp-content\/uploads\/r2-1-300x222.jpg 300w, https:\/\/baptist.org.md\/ro\/wp-content\/uploads\/r2-1-768x569.jpg 768w\" sizes=\"auto, (max-width: 720px) 100vw, 720px\" \/><\/a><\/p>\n<p>\u201c\u00cemi doresc ca sufletele copiilor, uneori distruse fiind, s\u0103 se \u00eengr\u0103m\u0103deasc\u0103 aici, ca ni\u0219te p\u00e2r\u00e2ie, s\u0103 creasc\u0103, s\u0103 \u00eenvie \u0219i s\u0103 se \u00eent\u0103reasc\u0103, iar de aici ca un r\u00e2u furtunos de binecuv\u00e2nt\u0103ri s\u0103 p\u0103trund\u0103 \u00een societate. Ei s\u0103 devin\u0103 cet\u0103\u021beni destoinici ai Republicii Moldova \u0219i cet\u0103\u021beni ai Cerului\u201d \u2013 a men\u021bionat Waldemar Shredder.<br \/>\nSluijirea \u00een noua cas\u0103 de copii, a fost acceptat\u0103 de c\u0103tre t\u00e2n\u0103ra familie Aftinescu, care \u00een ultima perioad\u0103 locuia \u00een Chi\u0219in\u0103u. Ruvim \u0219i Milena au deja 2 copii: Laura (4 ani) \u0219i Arina (10 luni). Dragostea pentru copii \u0219i Dumnezeu i-a dus la hot\u0103r\u00e2rea nu cea mai u\u0219oar\u0103 \u2013 de a pleca din capital\u0103 \u00eentr-un sat mai dep\u0103rtat ca s\u0103 slujeasc\u0103 orfanilor.<\/p>\n<p><a href=\"http:\/\/baptist.org.md\/ro\/wp-content\/uploads\/r3.jpg\"><img loading=\"lazy\" decoding=\"async\" class=\"aligncenter size-large wp-image-14432\" src=\"http:\/\/baptist.org.md\/ro\/wp-content\/uploads\/r3-1024x683.jpg\" alt=\"\" width=\"720\" height=\"480\" srcset=\"https:\/\/baptist.org.md\/ro\/wp-content\/uploads\/r3.jpg 1024w, https:\/\/baptist.org.md\/ro\/wp-content\/uploads\/r3-300x200.jpg 300w, https:\/\/baptist.org.md\/ro\/wp-content\/uploads\/r3-768x512.jpg 768w\" sizes=\"auto, (max-width: 720px) 100vw, 720px\" \/><\/a><\/p>\n<p>\u00cendrumarea pentru familia Aftinescu a fost citit\u0103 de c\u0103tre pastorul Alexandru Pole\u0219uk, dup\u0103 care a fost \u00eenf\u0103ptuit\u0103 rug\u0103ciunea de binecuv\u00e2ntare. La sf\u00e2r\u0219itul \u00eent\u00e2lnirii coordinatorul proiectului de construire a CCTF \u00een Moldova, pastorul Nicolai Plukci, a mul\u021bumit sincer celor care au luat parte la construirea acestei case de copii. Fratele Nicolai a accentuat \u00een mod deosebit implicarea p\u0103storului bisericii locale Alexandru Aftinescu, care \u00een pofida faptului c\u0103 este ocupat cu slujirea \u0219i construirea paralel\u0103 a Casei de rug\u0103ciuni, aproape \u00een fiecare zi a ajutat la organizarea lucrului pentru construc\u021bie.<\/p>\n<p><a href=\"http:\/\/baptist.org.md\/ro\/wp-content\/uploads\/r4.jpg\"><img loading=\"lazy\" decoding=\"async\" class=\"aligncenter size-large wp-image-14433\" src=\"http:\/\/baptist.org.md\/ro\/wp-content\/uploads\/r4-1024x722.jpg\" alt=\"\" width=\"720\" height=\"508\" srcset=\"https:\/\/baptist.org.md\/ro\/wp-content\/uploads\/r4.jpg 1024w, https:\/\/baptist.org.md\/ro\/wp-content\/uploads\/r4-300x212.jpg 300w, https:\/\/baptist.org.md\/ro\/wp-content\/uploads\/r4-768x542.jpg 768w\" sizes=\"auto, (max-width: 720px) 100vw, 720px\" \/><\/a><br \/>\nDup\u0103 ce familiei care va tr\u0103i aici i-a fost \u00eenm\u00e2nat\u0103 o cheie simbolic\u0103 \u0219i ulterior a fost t\u0103iat\u0103 panglica, fiecare doritor a putut intra \u00een\u0103untru ca s\u0103 vad\u0103 c\u00e2t de confortabile \u0219i spa\u021bioase sunt camerele din casa construit\u0103.<\/p>\n<p><a href=\"http:\/\/baptist.org.md\/ro\/wp-content\/uploads\/r5.jpg\"><img loading=\"lazy\" decoding=\"async\" class=\"aligncenter size-large wp-image-14434\" src=\"http:\/\/baptist.org.md\/ro\/wp-content\/uploads\/r5-1024x784.jpg\" alt=\"\" width=\"720\" height=\"551\" srcset=\"https:\/\/baptist.org.md\/ro\/wp-content\/uploads\/r5.jpg 1024w, https:\/\/baptist.org.md\/ro\/wp-content\/uploads\/r5-300x230.jpg 300w, https:\/\/baptist.org.md\/ro\/wp-content\/uploads\/r5-768x588.jpg 768w\" sizes=\"auto, (max-width: 720px) 100vw, 720px\" \/><\/a><br \/>\nRemarcabil e faptul c\u0103 casa CCTF se afl\u0103 l\u00e2ng\u0103 Casa de rug\u0103ciune ce se construie\u0219te. Prin aceasta se remarc\u0103 o binecuv\u00e2ntare dubl\u0103. Pe de o parte familia Aftinescu, care va locui aici, va putea s\u0103 aib\u0103 grij\u0103 de Casa Domnului \u0219i pe de alt\u0103 parte \u2013 copiii care vor fi ad\u0103posti\u021bi de CCTF vor avea ocazia de a cre\u0219te \u0219i de a se dezvolta spiritual \u00een familia Domnului.<\/p>\n<p><a href=\"http:\/\/baptist.org.md\/ro\/wp-content\/uploads\/r6.jpg\"><img loading=\"lazy\" decoding=\"async\" class=\"aligncenter size-large wp-image-14435\" src=\"http:\/\/baptist.org.md\/ro\/wp-content\/uploads\/r6-1024x768.jpg\" alt=\"\" width=\"720\" height=\"540\" srcset=\"https:\/\/baptist.org.md\/ro\/wp-content\/uploads\/r6-1024x768.jpg 1024w, https:\/\/baptist.org.md\/ro\/wp-content\/uploads\/r6-300x225.jpg 300w, https:\/\/baptist.org.md\/ro\/wp-content\/uploads\/r6-768x576.jpg 768w, https:\/\/baptist.org.md\/ro\/wp-content\/uploads\/r6.jpg 1200w\" sizes=\"auto, (max-width: 720px) 100vw, 720px\" \/><\/a><br \/>\nImportan\u021ba acestui eveniment nu const\u0103 doar \u00een ceea c\u0103 \u00eenc\u0103 10-12 copii vor primi \u0219ansa de a avea o familie aici pe p\u0103m\u00e2nt \u0219i una spiritual\u0103. Binecuv\u00e2ntarea acestui proiect \u00eeng\u0103duit de Domnul pentru a avea grij\u0103 de orfani este c\u0103 se deplaseaz\u0103 spre hotarele de nord ale \u021b\u0103rii. P\u00e2n\u0103 acum construc\u021bia \u0219i deschiderea CCTF se realiza \u00een mare parte \u00een regiunile din Centrul \u0219i Estul \u021b\u0103rii.<br \/>\nPentru compara\u021bie: \u00een raionul Cahul sunt deschise 13 CCTF, pe c\u00e2nd la Nord \u2013 sunt doar dou\u0103 case de copii. Din spusele coordinatorului acestui proiect Nikolai Plukci, funda\u021bia \u201cPod prin via\u021b\u0103\u201d este preg\u0103tit\u0103 ca \u0219i la Nordul Moldovei s\u0103 fie construite mai multe case de copii. Dar problema e \u00een ceea c\u0103 nu mereu familiile de cre\u0219tini sunt gata s\u0103 r\u0103spund\u0103 \u0219i s\u0103 se dedice acestei slujiri. \u0218i de aceea trebuie s\u0103 ne rug\u0103m \u0219i s\u0103 ascult\u0103m de chemarea Domnului.<\/p>\n","protected":false},"excerpt":{"rendered":"<p>\u00cen Republica Moldova continu\u0103 proiectul de construire a caselor de copii de tip familial (CCTF), ini\u021biat c\u00e2\u021biva ani \u00een urm\u0103 cu suportul funda\u021biei \u201cPod spre via\u021b\u0103\u201d. Pe 18 octombrie, o alt\u0103 cas\u0103 de copii&#46;&#46;&#46;<\/p>\n","protected":false},"author":2,"featured_media":14436,"comment_status":"open","ping_status":"open","sticky":false,"template":"","format":"standard","meta":{"footnotes":""},"categories":[77,23],"tags":[],"class_list":["post-14428","post","type-post","status-publish","format-standard","has-post-thumbnail","hentry","category-slides","category-interne"],"fimg_url":"https:\/\/baptist.org.md\/ro\/wp-content\/uploads\/main.jpg","views":1643,"_links":{"self":[{"href":"https:\/\/baptist.org.md\/ro\/index.php?rest_route=\/wp\/v2\/posts\/14428","targetHints":{"allow":["GET"]}}],"collection":[{"href":"https:\/\/baptist.org.md\/ro\/index.php?rest_route=\/wp\/v2\/posts"}],"about":[{"href":"https:\/\/baptist.org.md\/ro\/index.php?rest_route=\/wp\/v2\/types\/post"}],"author":[{"embeddable":true,"href":"https:\/\/baptist.org.md\/ro\/index.php?rest_route=\/wp\/v2\/users\/2"}],"replies":[{"embeddable":true,"href":"https:\/\/baptist.org.md\/ro\/index.php?rest_route=%2Fwp%2Fv2%2Fcomments&post=14428"}],"version-history":[{"count":1,"href":"https:\/\/baptist.org.md\/ro\/index.php?rest_route=\/wp\/v2\/posts\/14428\/revisions"}],"predecessor-version":[{"id":14437,"href":"https:\/\/baptist.org.md\/ro\/index.php?rest_route=\/wp\/v2\/posts\/14428\/revisions\/14437"}],"wp:featuredmedia":[{"embeddable":true,"href":"https:\/\/baptist.org.md\/ro\/index.php?rest_route=\/wp\/v2\/media\/14436"}],"wp:attachment":[{"href":"https:\/\/baptist.org.md\/ro\/index.php?rest_route=%2Fwp%2Fv2%2Fmedia&parent=14428"}],"wp:term":[{"taxonomy":"category","embeddable":true,"href":"https:\/\/baptist.org.md\/ro\/index.php?rest_route=%2Fwp%2Fv2%2Fcategories&post=14428"},{"taxonomy":"post_tag","embeddable":true,"href":"https:\/\/baptist.org.md\/ro\/index.php?rest_route=%2Fwp%2Fv2%2Ftags&post=14428"}],"curies":[{"name":"wp","href":"https:\/\/api.w.org\/{rel}","templated":true}]}}