{"id":14389,"date":"2019-08-02T23:42:00","date_gmt":"2019-08-02T20:42:00","guid":{"rendered":"http:\/\/baptist.org.md\/ro\/?p=14389"},"modified":"2019-08-02T23:43:30","modified_gmt":"2019-08-02T20:43:30","slug":"in-componenta-bisericii-vestea-buna-din-orhei-s-a-mai-adaugat-un-slujitor","status":"publish","type":"post","link":"https:\/\/baptist.org.md\/ro\/?p=14389","title":{"rendered":"\u00cen componen\u021ba bisericii \u201cVestea Bun\u0103\u201d din Orhei s-a mai ad\u0103ugat un slujitor"},"content":{"rendered":"<p align=\"LEFT\"><span lang=\"ro-MD\">\u00a0 Ex-episcopul Valeriu Ghile\u021bchi a participat la serviciul divin solemn, care a avut loc pe 30 iunie, \u00een incinta bisericii \u201dVestea Bun\u0103\u201d, or. Orhei. \u00cen cadrul serviciului, a fost ordinat Vasile Malendra \u00een slujirea de diacon. Chiar \u0219i \u00eenainte de ordinare, fratele Vasile deja \u00eendeplinea responsabilit\u0103\u021bile de diacon, fiind misionar \u00een satul vecin, Nicolaevca. De asemenea, el activ se implica \u00een treburile administrative \u0219i duhovnice\u0219ti. Dup\u0103 ordinare, el va putea \u00eemp\u0103r\u021bi cina \u0219i s\u0103 \u00eendeplineasc\u0103 alte nevoi a comunit\u0103\u021bii, conform cerin\u021belor prezbiterului responsabil.<\/span><\/p>\n<p align=\"LEFT\"><img loading=\"lazy\" decoding=\"async\" class=\"alignnone size-large\" src=\"http:\/\/baptist.org.md\/ru\/wp-content\/uploads\/2019\/07\/4.jpg\" width=\"1214\" height=\"855\" \/><\/p>\n<p align=\"LEFT\"><span lang=\"ro-MD\">Fratele Valeriu Ghile\u021bchi a predicat din cartea Deuteronom 31, versetele 1-8. El a subliniat 3 adev\u0103ruri care ar trebui s\u0103 fie punctul de sprijin al oric\u0103rui slujitor. \u00cen primul r\u00e2nd, aceasta este prezen\u021ba lui Dumnezeu, \u00een al doilea r\u00e2nd, promisiunile lui Dumnezeu \u0219i, \u00een al treilea r\u00e2nd, credincio\u0219ia \u0219i r\u0103bdarea slujitorului.<\/span><\/p>\n<p align=\"LEFT\"><img loading=\"lazy\" decoding=\"async\" class=\"alignnone size-large\" src=\"http:\/\/baptist.org.md\/ru\/wp-content\/uploads\/2019\/07\/1-2.jpg\" width=\"1280\" height=\"960\" \/><\/p>\n<p align=\"LEFT\"><span lang=\"ro-MD\">La punerea m\u00e2nilor au participat: Valeriu Ghile\u021bchii, pastorul responsabil pentru regiunea Orhei Virgiliu Pavliuc, pastorul bisericii locale Serghei Pavliuc, pastorii Vasilii Surdu \u0219i Vasilii Farca\u0219.<\/span><\/p>\n<p align=\"LEFT\"><span lang=\"ro-MD\">Biserica \u201eVestia Bune\u201d este una dintre cele mai active bisericii \u0219i cu cea mai rapid\u0103 cre\u0219tere din regiunea Orhei. \u00cen \u0219coala duminical\u0103 \u00eenva\u021b\u0103 trei grupuri de v\u00e2rst\u0103 de copii. Pentru studierea Cuv\u00e2ntlui tinerii se adun\u0103 s\u0103pt\u0103m\u00e2nal, iar pentru ora de rug\u0103ciune sunt \u0219i dou\u0103 grupuri de surori. De asemenea este o \u00eent\u00e2lnire separat\u0103 pentru fra\u021bi, organizat\u0103 \u00een biseric\u0103, unde ei reflect\u0103 asupra Cuv\u00e2ntului, \u00eemp\u0103rt\u0103\u0219esc experien\u021ba vie\u021bii cre\u0219tine \u0219i se roag\u0103. \u00cent\u00e2lnirile familiale se desf\u0103\u0219oar\u0103 \u00een mod regulat pentru a vorbi despre valorile familiei \u00een lumina Bibliei. Comunitatea este implicat\u0103 \u00een slujirea misionar\u0103 \u00een satele \u00eenconjur\u0103toare, pentru a planta noi biserici acolo.<\/span><\/p>\n<p align=\"LEFT\"><img loading=\"lazy\" decoding=\"async\" class=\"alignnone size-large\" src=\"http:\/\/baptist.org.md\/ru\/wp-content\/uploads\/2019\/07\/Festival.jpg\" width=\"1280\" height=\"960\" \/><\/p>\n<p align=\"LEFT\"><span lang=\"ro-MD\">Festivalul muzicii \u0219i cuvintelor cre\u0219tine, care a avut loc pe 14 iulie la stadionul ora\u0219ului, vorbe\u0219te despre dorin\u021ba arz\u0103toare a credincio\u0219ilor de a purta cuv\u00e2ntul lui Dumnezeu concet\u0103\u021benilor lor.<\/span><\/p>\n<p align=\"LEFT\"><span lang=\"ro-MD\">\u00cen prezent, \u00een biserica Vestia Bun\u0103, \u00eempreun\u0103 cu pastorul responsabil Serghei Pavliuc, slujesc \u00eenc\u0103 doi pastori, iar acum deja \u0219i trei diaconi.<\/span><\/p>\n","protected":false},"excerpt":{"rendered":"<p>\u00a0 Ex-episcopul Valeriu Ghile\u021bchi a participat la serviciul divin solemn, care a avut loc pe 30 iunie, \u00een incinta bisericii \u201dVestea Bun\u0103\u201d, or. Orhei. \u00cen cadrul serviciului, a fost ordinat Vasile Malendra \u00een slujirea&#46;&#46;&#46;<\/p>\n","protected":false},"author":2,"featured_media":14390,"comment_status":"open","ping_status":"open","sticky":false,"template":"","format":"standard","meta":{"footnotes":""},"categories":[2,77,23],"tags":[],"class_list":["post-14389","post","type-post","status-publish","format-standard","has-post-thumbnail","hentry","category-spiritualitate","category-slides","category-interne"],"fimg_url":"https:\/\/baptist.org.md\/ro\/wp-content\/uploads\/3-2-1.jpg","views":1513,"_links":{"self":[{"href":"https:\/\/baptist.org.md\/ro\/index.php?rest_route=\/wp\/v2\/posts\/14389","targetHints":{"allow":["GET"]}}],"collection":[{"href":"https:\/\/baptist.org.md\/ro\/index.php?rest_route=\/wp\/v2\/posts"}],"about":[{"href":"https:\/\/baptist.org.md\/ro\/index.php?rest_route=\/wp\/v2\/types\/post"}],"author":[{"embeddable":true,"href":"https:\/\/baptist.org.md\/ro\/index.php?rest_route=\/wp\/v2\/users\/2"}],"replies":[{"embeddable":true,"href":"https:\/\/baptist.org.md\/ro\/index.php?rest_route=%2Fwp%2Fv2%2Fcomments&post=14389"}],"version-history":[{"count":3,"href":"https:\/\/baptist.org.md\/ro\/index.php?rest_route=\/wp\/v2\/posts\/14389\/revisions"}],"predecessor-version":[{"id":14393,"href":"https:\/\/baptist.org.md\/ro\/index.php?rest_route=\/wp\/v2\/posts\/14389\/revisions\/14393"}],"wp:featuredmedia":[{"embeddable":true,"href":"https:\/\/baptist.org.md\/ro\/index.php?rest_route=\/wp\/v2\/media\/14390"}],"wp:attachment":[{"href":"https:\/\/baptist.org.md\/ro\/index.php?rest_route=%2Fwp%2Fv2%2Fmedia&parent=14389"}],"wp:term":[{"taxonomy":"category","embeddable":true,"href":"https:\/\/baptist.org.md\/ro\/index.php?rest_route=%2Fwp%2Fv2%2Fcategories&post=14389"},{"taxonomy":"post_tag","embeddable":true,"href":"https:\/\/baptist.org.md\/ro\/index.php?rest_route=%2Fwp%2Fv2%2Ftags&post=14389"}],"curies":[{"name":"wp","href":"https:\/\/api.w.org\/{rel}","templated":true}]}}