{"id":14033,"date":"2018-03-18T18:00:28","date_gmt":"2018-03-18T16:00:28","guid":{"rendered":"http:\/\/baptist.org.md\/ro\/?p=14033"},"modified":"2018-03-18T18:23:57","modified_gmt":"2018-03-18T16:23:57","slug":"consiliul-uniunii-a-aprobat-strategia-de-slujire-pentru-urmatorii-4-ani","status":"publish","type":"post","link":"https:\/\/baptist.org.md\/ro\/?p=14033","title":{"rendered":"Consiliul Uniunii a aprobat strategia de slujire pentru urm\u0103torii 4 ani"},"content":{"rendered":"<p>&nbsp;<\/p>\n<p>Pe data de 15 martie, la biserica \u201eBetel\u201d, a avut loc \u0219edin\u021ba Consiliului Uniunii \u00een cadrul c\u0103reia a fost revizuit\u0103 strategia de slujire pentru urm\u0103torii 4 ani. Mesajul biblic \u0219i rug\u0103ciunea a fost condus\u0103 de fratele Ion Miron, secretarul Uniunii Bisericilor Cre\u0219tine Evanghelice Baptiste din Moldova. Mesajul fratelui Miron a fost din cartea Judec\u0103tori, capitolul 3, \u00een care se istorise\u0219te despre judec\u0103torul Ehud care a sc\u0103pat pe poporul iudeu de robia moabi\u021bilor \u0219i a adus pacea \u00een Israel pe o perioad\u0103\u00a0 de 80 ani. Fratele Miron a atras aten\u021bia asupra faptului c\u0103 posibil datorit\u0103 faptului c\u0103 m\u00e2na dreapt\u0103 a lui Ehud nu era func\u021bional\u0103, mul\u021bi l-ar fi crezut nepotrivit pentru misiunea important\u0103 ce \u00eei st\u0103tea \u00een fa\u021b\u0103. Dar \u00censu\u0219i Domnul l-a ridicat pe Ehud ca salvator al na\u021biunii \u0219i Domnul a fost cu el \u00een luptele grele \u0219i pline de primejdii. \u201eNoi c\u0103ut\u0103m metode noi pentru slujire, \u0219i nu e un lucru r\u0103u. Dar Domnul caut\u0103 pe cei care vor fi dependen\u021bi de puterea\u00a0 Duhului Sf\u00e2nt. Nu metodele, dar oameni dedica\u021bi care s\u0103v\u00e2r\u0219esc lucrarea ce le-a fost \u00eencredin\u021bat\u0103, aduc slav\u0103 Domnului\u201d \u2013 a spus fratele Miron \u0219i i-a \u00eendemnat pe fra\u021bi s\u0103 se roage ca fiecare s\u0103 fie un m\u0103dular folositor \u00een m\u00e2na lui Dumnezeu.<\/p>\n<p><a href=\"http:\/\/baptist.org.md\/ro\/wp-content\/uploads\/u1.jpg\"><img loading=\"lazy\" decoding=\"async\" class=\"aligncenter size-large wp-image-14034\" src=\"http:\/\/baptist.org.md\/ro\/wp-content\/uploads\/u1-1024x813.jpg\" alt=\"\" width=\"720\" height=\"572\" srcset=\"https:\/\/baptist.org.md\/ro\/wp-content\/uploads\/u1.jpg 1024w, https:\/\/baptist.org.md\/ro\/wp-content\/uploads\/u1-300x238.jpg 300w, https:\/\/baptist.org.md\/ro\/wp-content\/uploads\/u1-768x610.jpg 768w\" sizes=\"auto, (max-width: 720px) 100vw, 720px\" \/><\/a><\/p>\n<p>Prezentarea strategiei de slujire \u00een cadrul Uniunii Bisericilor a fost f\u0103cut\u0103 de c\u0103tre fratele Nicolai Vozian. El a atras aten\u021bia fra\u021bilor prezen\u021bi la datele statistice din ultimii 15 ani. Conform datelor, \u00een anul 2003, \u00een cadrul Uniunii erau 21000 membri ai bisericilor, iar la sf\u00e2r\u0219itul anului 2017 au r\u0103mas pu\u021bin peste 18000. Putem spune c\u0103 reducerea num\u0103rului de credincio\u0219i\u00a0 a fost cauzat\u0103 de emigrarea \u00een Statele Unite ale Americii \u0219i \u00een alte \u021b\u0103ri. Dac\u0103 ne-am uita la datele statistice ale celor care s-au botezat, \u00een anul 2003 au fost 1035, iar \u00een 2017\u2013 619, vedem c\u0103 bisericile au \u00eenc\u0103 mult de lucru. Conform unei cercet\u0103ri f\u0103cute mai \u00eenainte, printre cauzele sc\u0103derii num\u0103rului oamenilor boteza\u021bi sunt: lipsa evangheliz\u0103rii personale, lipsa \u00eendrum\u0103rii din partea p\u0103storilor, folosirea metodelor vechi f\u0103r\u0103 a se lua \u00een calcul c\u0103 totul se schimb\u0103 destul de rapid, lipsa organiz\u0103rii eficiente a lucr\u0103rii cu tinerii \u0219i copii. Sunt \u0219i cauze mai subiective, atunci c\u00e2nd biserica, din mai multe motive, nu este un exemplu bun pentru oamenii din satul sau ora\u0219ul respectiv. Lipsa unit\u0103\u021bii, a cre\u0219terii spirituale, a vie\u021bii de rug\u0103ciune, lucrul \u00een echip\u0103 \u2013 toate acestea reduc la zero orice efort de a vesti Evanghelia.<\/p>\n<p><a href=\"http:\/\/baptist.org.md\/ro\/wp-content\/uploads\/u2.jpg\"><img loading=\"lazy\" decoding=\"async\" class=\"aligncenter size-large wp-image-14035\" src=\"http:\/\/baptist.org.md\/ro\/wp-content\/uploads\/u2-1024x846.jpg\" alt=\"\" width=\"720\" height=\"595\" srcset=\"https:\/\/baptist.org.md\/ro\/wp-content\/uploads\/u2.jpg 1024w, https:\/\/baptist.org.md\/ro\/wp-content\/uploads\/u2-300x248.jpg 300w, https:\/\/baptist.org.md\/ro\/wp-content\/uploads\/u2-768x635.jpg 768w\" sizes=\"auto, (max-width: 720px) 100vw, 720px\" \/><\/a><\/p>\n<p>Fratele Vozian, \u00een baza Marii Trimiteri a lui Isus Hristos din Evanghelia c\u0103tre Matei 28:18-21, a identificat 3 direc\u021bii de baz\u0103 ce trebuie urmate de c\u0103tre biserici \u0219i fra\u021bi pentru perioada urm\u0103toare: lauda Domnului, ca lucrarea extern\u0103, exprimat\u0103 prin evanghelizare \u0219i misiune; iar lucrarea pe intern- ucenicizare \u0219i formarea liderilor, crearea suportului material pentru sus\u021binerea slujirii. Pentru a schimba tendin\u021ba trist\u0103 a sc\u0103derii num\u0103rului de credincio\u0219i, pe viitor este necesar de intentificat eforturile depuse \u00een urm\u0103toarele direc\u021bii:<\/p>\n<ol>\n<li>Misiune \u0219i evanghelizare<\/li>\n<li>Slujire social\u0103<\/li>\n<li>Zidire \u0219i ucenicie<\/li>\n<li>Formarea de lideri<\/li>\n<li>P\u0103strarea unit\u0103\u021bii<\/li>\n<li>Lucrarea cu t\u00e2n\u0103ra genera\u021bie<\/li>\n<li>Crearea suportului material.<\/li>\n<\/ol>\n<p>Serghei Ghermanov, vice-episcop al Uniunii, a reamintit fra\u021bilor slujitori despre faptul c\u0103 2018 a fost declarat de c\u0103tre \u00eentreaga fr\u0103\u021bietate ca fiind anul Bisericii lui Isus Hristos. Astfel, departamentul de misiune al Uniunii va formula \u0219i propune teme lunare dedicate diverselor aspect ale vie\u021bii bisericilor, cu recomandarea ca acestea s\u0103 aleag\u0103 c\u00e2te o tem\u0103 pentru fiecare lun\u0103.<\/p>\n<p><a href=\"http:\/\/baptist.org.md\/ro\/wp-content\/uploads\/u3.jpg\"><img loading=\"lazy\" decoding=\"async\" class=\"aligncenter size-large wp-image-14036\" src=\"http:\/\/baptist.org.md\/ro\/wp-content\/uploads\/u3-1024x741.jpg\" alt=\"\" width=\"720\" height=\"521\" srcset=\"https:\/\/baptist.org.md\/ro\/wp-content\/uploads\/u3.jpg 1024w, https:\/\/baptist.org.md\/ro\/wp-content\/uploads\/u3-300x217.jpg 300w, https:\/\/baptist.org.md\/ro\/wp-content\/uploads\/u3-768x556.jpg 768w\" sizes=\"auto, (max-width: 720px) 100vw, 720px\" \/><\/a><\/p>\n<p>De asemenea, \u00een acest an se planific\u0103 organizarea a c\u00e2te 2 conferin\u021be \u00een cele 9 regiuni: una pentru membrii bisericilor \u0219i alta pentru slujitori. \u00cen contextul temei despre Biseric\u0103, la nivel de Uniune, se planific\u0103 organizarea diverselor evenimente.<\/p>\n<p>Printre subiectele puse \u00een discu\u021bie s-a num\u0103rat \u0219i lucrarea departamentului Media. Fra\u021bii slujitori \u0219i-au exprimat dorin\u021ba de a exista posibilitatea abon\u0103rii pe site-ul Uniunii la buletinele informative pentru a putea primi informa\u021bii utile \u0219i nout\u0103\u021bi. De asemenea, fra\u021bii au fost ruga\u021bi s\u0103 contribuie \u0219i ei cu informa\u021bii \u0219i detalii despre via\u021ba bisericilor din diverse regiuni ale \u021b\u0103rii. Conform deciziei finale, pe site-ul Uniunii va fi ad\u0103ugat\u0103 rubrica \u201eA\u0219a spune Biblia\u201d, unde vor fi publicate \u00een fiecare lun\u0103 mesaje din partea slujitorilor. De asemenea, pe pagina principal\u0103 va fi afi\u0219at un calendar al evenimentelor, care va con\u021bine informa\u021bii despre evenimentele planificate pentru anul acesta.<\/p>\n","protected":false},"excerpt":{"rendered":"<p>&nbsp; Pe data de 15 martie, la biserica \u201eBetel\u201d, a avut loc \u0219edin\u021ba Consiliului Uniunii \u00een cadrul c\u0103reia a fost revizuit\u0103 strategia de slujire pentru urm\u0103torii 4 ani. Mesajul biblic \u0219i rug\u0103ciunea a fost&#46;&#46;&#46;<\/p>\n","protected":false},"author":2,"featured_media":14039,"comment_status":"open","ping_status":"open","sticky":false,"template":"","format":"standard","meta":{"footnotes":""},"categories":[1594,77],"tags":[],"class_list":["post-14033","post","type-post","status-publish","format-standard","has-post-thumbnail","hentry","category-anul-bisericii","category-slides"],"fimg_url":"https:\/\/baptist.org.md\/ro\/wp-content\/uploads\/u4.jpg","views":2274,"_links":{"self":[{"href":"https:\/\/baptist.org.md\/ro\/index.php?rest_route=\/wp\/v2\/posts\/14033","targetHints":{"allow":["GET"]}}],"collection":[{"href":"https:\/\/baptist.org.md\/ro\/index.php?rest_route=\/wp\/v2\/posts"}],"about":[{"href":"https:\/\/baptist.org.md\/ro\/index.php?rest_route=\/wp\/v2\/types\/post"}],"author":[{"embeddable":true,"href":"https:\/\/baptist.org.md\/ro\/index.php?rest_route=\/wp\/v2\/users\/2"}],"replies":[{"embeddable":true,"href":"https:\/\/baptist.org.md\/ro\/index.php?rest_route=%2Fwp%2Fv2%2Fcomments&post=14033"}],"version-history":[{"count":3,"href":"https:\/\/baptist.org.md\/ro\/index.php?rest_route=\/wp\/v2\/posts\/14033\/revisions"}],"predecessor-version":[{"id":14040,"href":"https:\/\/baptist.org.md\/ro\/index.php?rest_route=\/wp\/v2\/posts\/14033\/revisions\/14040"}],"wp:featuredmedia":[{"embeddable":true,"href":"https:\/\/baptist.org.md\/ro\/index.php?rest_route=\/wp\/v2\/media\/14039"}],"wp:attachment":[{"href":"https:\/\/baptist.org.md\/ro\/index.php?rest_route=%2Fwp%2Fv2%2Fmedia&parent=14033"}],"wp:term":[{"taxonomy":"category","embeddable":true,"href":"https:\/\/baptist.org.md\/ro\/index.php?rest_route=%2Fwp%2Fv2%2Fcategories&post=14033"},{"taxonomy":"post_tag","embeddable":true,"href":"https:\/\/baptist.org.md\/ro\/index.php?rest_route=%2Fwp%2Fv2%2Ftags&post=14033"}],"curies":[{"name":"wp","href":"https:\/\/api.w.org\/{rel}","templated":true}]}}