{"id":13506,"date":"2016-10-12T21:08:55","date_gmt":"2016-10-12T18:08:55","guid":{"rendered":"http:\/\/baptist.org.md\/ro\/?p=13506"},"modified":"2016-11-01T09:56:54","modified_gmt":"2016-11-01T07:56:54","slug":"o-noua-familie-creata-de-dumnezeu-corneliu-si-rut-placinta","status":"publish","type":"post","link":"https:\/\/baptist.org.md\/ro\/?p=13506","title":{"rendered":"O nou\u0103 familie creat\u0103 de Dumnezeu: Corneliu \u0219i Rut Pl\u0103cint\u0103"},"content":{"rendered":"<div style=\"color: #222222;\">\n<div id=\"m_-2747512287109380672gmail-yiv4637592491yui_3_16_0_1_1475566676164_206386\"><span style=\"font-size: small;\">Ziua de duminic\u0103, 9 octombrie, va ram\u00e2ne pentru familia fratelui Anton \u0219i Raisa Pl\u0103cint\u0103 \u0219i familia fratelui Ion \u0219i Valentina Miron o zi deosebit\u0103, zi \u00een care copiii lor au format o nou\u0103 familie: Corneliu \u0219i Rut Pl\u0103cint\u0103.\u00a0<\/span><\/div>\n<div><a href=\"http:\/\/baptist.org.md\/ro\/wp-content\/uploads\/EPF_3247.jpg\"><img loading=\"lazy\" decoding=\"async\" class=\"aligncenter size-full wp-image-13510\" src=\"http:\/\/baptist.org.md\/ro\/wp-content\/uploads\/EPF_3247.jpg\" alt=\"epf_3247\" width=\"1024\" height=\"743\" srcset=\"https:\/\/baptist.org.md\/ro\/wp-content\/uploads\/EPF_3247.jpg 1024w, https:\/\/baptist.org.md\/ro\/wp-content\/uploads\/EPF_3247-300x217.jpg 300w\" sizes=\"auto, (max-width: 1024px) 100vw, 1024px\" \/><\/a><\/div>\n<div id=\"m_-2747512287109380672gmail-yiv4637592491yui_3_16_0_1_1475566676164_206386\"><span style=\"font-size: small;\">\u00a0<\/span><\/div>\n<div id=\"m_-2747512287109380672gmail-yiv4637592491yui_3_16_0_1_1475566676164_206386\" dir=\"ltr\"><span style=\"font-size: small;\"><span id=\"m_-2747512287109380672gmail-yiv4637592491yui_3_16_0_1_1475566676164_210509\">Serviciul de cununie a avut loc \u00een Biserica &#8220;Betel&#8221; din Chi\u0219in\u0103u, unde fratele Anton Pl\u0103cint\u0103 este pastor. Printre invita\u021bii care au avut c\u00e2te un \u00eendemn sau cuv\u00e2nt de felitare pentru tineri, au fost: Valeriu Ghile\u021bchi, pastor al Bisericii &#8220;Isus Salvatorul&#8221; , \u00a0Nicolai Vozian,\u00a0<\/span><span style=\"color: #000000;\"><span style=\"font-weight: inherit;\">secretar executiv al Uniunii Bisericilor CEB, Simion Pl\u0103cint\u0103, pastor al bisericii din Massachusetts, Statele Unite. La rug\u0103ciunea de binecuv\u00e2ntare a tinerilor, condus\u0103 de fratele Simion Pl\u0103cint\u0103, s-a al\u0103turat membrii bisericii, oaspe\u021bii, rudele \u0219i familiile celor doi, care L-au rugat pe Dumnezeu s\u0103 le binecuv\u00e2nteze acest \u00eenceput de cale.\u00a0<\/span><\/span><\/span><\/div>\n<div dir=\"ltr\"><a href=\"http:\/\/baptist.org.md\/ro\/wp-content\/uploads\/EPF_3610.jpg\"><img loading=\"lazy\" decoding=\"async\" class=\"aligncenter size-full wp-image-13508\" src=\"http:\/\/baptist.org.md\/ro\/wp-content\/uploads\/EPF_3610.jpg\" alt=\"epf_3610\" width=\"1024\" height=\"746\" srcset=\"https:\/\/baptist.org.md\/ro\/wp-content\/uploads\/EPF_3610.jpg 1024w, https:\/\/baptist.org.md\/ro\/wp-content\/uploads\/EPF_3610-300x218.jpg 300w\" sizes=\"auto, (max-width: 1024px) 100vw, 1024px\" \/><\/a><\/div>\n<div id=\"m_-2747512287109380672gmail-yiv4637592491yui_3_16_0_1_1475566676164_206386\" dir=\"ltr\">Atmosfera solemn\u0103 de s\u0103rb\u0103toare a fost \u00eentregit\u0103 de c\u00e2nt\u0103rile corului unit al Bisericii Betel \u0219i a grupului de tineri, dar \u0219i de poeziile care au transmis\u00a0un frumos mesaj de felicitare pentru noua familie format\u0103.<\/div>\n<div id=\"m_-2747512287109380672gmail-yiv4637592491yui_3_16_0_1_1475566676164_206386\" dir=\"ltr\"><span style=\"font-size: small;\"><em style=\"font-weight: inherit; color: #993300;\"><a href=\"http:\/\/baptist.org.md\/ro\/wp-content\/uploads\/EPF_3282.jpg\"><img loading=\"lazy\" decoding=\"async\" class=\"aligncenter size-full wp-image-13509\" src=\"http:\/\/baptist.org.md\/ro\/wp-content\/uploads\/EPF_3282.jpg\" alt=\"epf_3282\" width=\"1024\" height=\"683\" srcset=\"https:\/\/baptist.org.md\/ro\/wp-content\/uploads\/EPF_3282.jpg 1024w, https:\/\/baptist.org.md\/ro\/wp-content\/uploads\/EPF_3282-300x200.jpg 300w\" sizes=\"auto, (max-width: 1024px) 100vw, 1024px\" \/><\/a><\/em><\/span><\/div>\n<div id=\"m_-2747512287109380672gmail-yiv4637592491yui_3_16_0_1_1475566676164_206386\" dir=\"ltr\">\n<p id=\"m_-2747512287109380672gmail-yui_3_16_0_1_1476208365639_3970\" dir=\"ltr\"><span id=\"m_-2747512287109380672gmail-yui_3_16_0_1_1476208365639_4650\" style=\"font-size: small;\"><span id=\"m_-2747512287109380672gmail-yiv4637592491yui_3_16_0_1_1475566676164_212221\">Punctul de referin\u021b\u0103 a mesajelor de felicitare \u0219i a sfaturilor oferite de c\u0103tre pastori a fost Biblia,<\/span><\/span><span id=\"m_-2747512287109380672gmail-yui_3_16_0_1_1476208365639_4649\" style=\"font-size: small;\"><span id=\"m_-2747512287109380672gmail-yui_3_16_0_1_1476208365639_3965\">\u00a0carte pe care Corneliu \u0219i Rut au fost \u00eencuraja\u021bi s\u0103 o citeasc\u0103 zilnc. Mesajul fratelui Ghile\u021bchi a fost axat pe versetul din Coloseni 3:15, ur\u00e2ndu-le tinerilor\u00a0<\/span>s\u0103 aib\u0103 din bel\u0219ug: pace, unitate \u0219i bun\u0103stare, iar fratele Vozian i-a \u00eendemnat s\u0103-\u0219i construiasc\u0103 casa pe st\u00e2nc\u0103, pentru ca nici\u00a0ploaia, \u00a0nici furtuna s\u0103 nu o clatine.<\/span><\/p>\n<\/div>\n<p><span id=\"m_-2747512287109380672gmail-yui_3_16_0_1_1476208365639_4667\" style=\"font-size: small;\">Cu o c\u00eentare deosebit de frumoas\u0103 a participat \u0219i grupul persoanelor cu deficien\u021be de auz din Biserica Betel, a c\u0103rei versuri sunt ca o rug\u0103 c\u0103tre Domnul pentru t\u00e2n\u0103ra familie:<br \/>\n<\/span><span id=\"m_-2747512287109380672gmail-yui_3_16_0_1_1476208365639_4653\" style=\"font-size: small;\"><span id=\"m_-2747512287109380672gmail-yiv4637592491yui_3_16_0_1_1475566676164_207927\" style=\"color: #404040;\"><em id=\"m_-2747512287109380672gmail-yiv4637592491yui_3_16_0_1_1475566676164_207928\" style=\"font-weight: inherit;\">Har din cer \u0219i binecuv\u00eentare<br id=\"m_-2747512287109380672gmail-yiv4637592491yui_3_16_0_1_1475566676164_207929\" \/>Te rug\u0103m Isuse s\u0103 le dai.<br id=\"m_-2747512287109380672gmail-yiv4637592491yui_3_16_0_1_1475566676164_207930\" \/>Drumul s\u0103 le fie numai bucurii<br id=\"m_-2747512287109380672gmail-yiv4637592491yui_3_16_0_1_1475566676164_207931\" \/>Cer senin \u0219i totdeauna soare<br id=\"m_-2747512287109380672gmail-yiv4637592491yui_3_16_0_1_1475566676164_207932\" \/>\u0218i speran\u021be sfinte c\u0103tre Rai<br id=\"m_-2747512287109380672gmail-yiv4637592491yui_3_16_0_1_1475566676164_207933\" \/>C\u00eend le e greu pe bra\u021be, Doamne s\u0103 \u00eei \u021bii!<\/em><\/span><\/span><\/p>\n<p><span id=\"m_-2747512287109380672gmail-yui_3_16_0_1_1476208365639_4653\" style=\"font-size: small;\"><span id=\"m_-2747512287109380672gmail-yiv4637592491yui_3_16_0_1_1475566676164_207927\" style=\"color: #404040;\">Dumnezeu s\u0103 \u00eei binecuv\u00eenteze din plin!<em id=\"m_-2747512287109380672gmail-yiv4637592491yui_3_16_0_1_1475566676164_207928\" style=\"font-weight: inherit;\"><br \/>\n<\/em><\/span><\/span><\/p>\n<\/div>\n","protected":false},"excerpt":{"rendered":"<p>Ziua de duminic\u0103, 9 octombrie, va ram\u00e2ne pentru familia fratelui Anton \u0219i Raisa Pl\u0103cint\u0103 \u0219i familia fratelui Ion \u0219i Valentina Miron o zi deosebit\u0103, zi \u00een care copiii lor au format o nou\u0103 familie:&#46;&#46;&#46;<\/p>\n","protected":false},"author":2,"featured_media":13507,"comment_status":"open","ping_status":"open","sticky":false,"template":"","format":"standard","meta":{"footnotes":""},"categories":[77,23],"tags":[],"class_list":["post-13506","post","type-post","status-publish","format-standard","has-post-thumbnail","hentry","category-slides","category-interne"],"fimg_url":"https:\/\/baptist.org.md\/ro\/wp-content\/uploads\/Slides.jpg","views":3288,"_links":{"self":[{"href":"https:\/\/baptist.org.md\/ro\/index.php?rest_route=\/wp\/v2\/posts\/13506","targetHints":{"allow":["GET"]}}],"collection":[{"href":"https:\/\/baptist.org.md\/ro\/index.php?rest_route=\/wp\/v2\/posts"}],"about":[{"href":"https:\/\/baptist.org.md\/ro\/index.php?rest_route=\/wp\/v2\/types\/post"}],"author":[{"embeddable":true,"href":"https:\/\/baptist.org.md\/ro\/index.php?rest_route=\/wp\/v2\/users\/2"}],"replies":[{"embeddable":true,"href":"https:\/\/baptist.org.md\/ro\/index.php?rest_route=%2Fwp%2Fv2%2Fcomments&post=13506"}],"version-history":[{"count":10,"href":"https:\/\/baptist.org.md\/ro\/index.php?rest_route=\/wp\/v2\/posts\/13506\/revisions"}],"predecessor-version":[{"id":13524,"href":"https:\/\/baptist.org.md\/ro\/index.php?rest_route=\/wp\/v2\/posts\/13506\/revisions\/13524"}],"wp:featuredmedia":[{"embeddable":true,"href":"https:\/\/baptist.org.md\/ro\/index.php?rest_route=\/wp\/v2\/media\/13507"}],"wp:attachment":[{"href":"https:\/\/baptist.org.md\/ro\/index.php?rest_route=%2Fwp%2Fv2%2Fmedia&parent=13506"}],"wp:term":[{"taxonomy":"category","embeddable":true,"href":"https:\/\/baptist.org.md\/ro\/index.php?rest_route=%2Fwp%2Fv2%2Fcategories&post=13506"},{"taxonomy":"post_tag","embeddable":true,"href":"https:\/\/baptist.org.md\/ro\/index.php?rest_route=%2Fwp%2Fv2%2Ftags&post=13506"}],"curies":[{"name":"wp","href":"https:\/\/api.w.org\/{rel}","templated":true}]}}