{"id":13488,"date":"2016-10-10T22:13:04","date_gmt":"2016-10-10T19:13:04","guid":{"rendered":"http:\/\/baptist.org.md\/ro\/?p=13488"},"modified":"2016-10-10T23:01:04","modified_gmt":"2016-10-10T20:01:04","slug":"conferinta-de-apologetica-cine-este-isus","status":"publish","type":"post","link":"https:\/\/baptist.org.md\/ro\/?p=13488","title":{"rendered":"Conferin\u0163a de Apologetic\u0103: &#8220;Cine este Isus&#8221;?"},"content":{"rendered":"<p style=\"text-align: justify;\"><a href=\"http:\/\/baptist.org.md\/ro\/wp-content\/uploads\/cine-este-isus-748.jpg\"><img loading=\"lazy\" decoding=\"async\" class=\"aligncenter size-full wp-image-13492\" src=\"http:\/\/baptist.org.md\/ro\/wp-content\/uploads\/cine-este-isus-748.jpg\" alt=\"cine-este-isus-748\" width=\"748\" height=\"400\" srcset=\"https:\/\/baptist.org.md\/ro\/wp-content\/uploads\/cine-este-isus-748.jpg 748w, https:\/\/baptist.org.md\/ro\/wp-content\/uploads\/cine-este-isus-748-300x160.jpg 300w\" sizes=\"auto, (max-width: 748px) 100vw, 748px\" \/><\/a><\/p>\n<p style=\"text-align: justify;\">\u201cDe-a lungul veacurilor, oamenii s-au deosebit prin r\u0103spunsul pe care l-au dat la \u00eentrebarea: \u201eCine este Isus?\u201d De ce at\u00e2t de multe discu\u0163ii asupra acestei persoane? Cum se face c\u0103 numele Lui, mai mult dec\u00e2t cel al oric\u0103rui alt lider religios, produce tulburare? Cum se face oare c\u0103 atunci c\u00e2nd vorbe\u015fti despre Dumnezeu oamenii nu par a fi ofensa\u0163i, dar de \u00eendat\u0103 ce pomene\u015fti numele lui Isus, de cele mai multe ori, ei \u00eencearc\u0103 s\u0103 schimbe subiectul, sau devin defensivi?\u201d citat de Josh McDowell<\/p>\n<p style=\"text-align: justify;\">V\u0103 invit\u0103m al\u0103turi de noi la o nou\u0103 Conferin\u021b\u0103 de Apologetic\u0103, s\u0103 descoperim al\u0103turi de Dr. Livius Percy identitatea lui Isus.\u00a0Vom afla care sunt dovezile istorice ale existen\u021bei lui Isus \u0219i vom afla prin ce a marcat El istoria \u0219i a r\u0103mas ca cel mai mare personaj religios pentru mii de ani.<\/p>\n<p style=\"text-align: justify;\">Conferin\u021ba va avea loc \u00een trei regiuni ale \u021a\u0103rii: <strong>B\u0102L\u021aI<\/strong> 19-20 octombrie 2016 ora 18:00-20:00 Adresa: municipiul B\u0103l\u021bi, str. Pu\u0219kin 77, Biserica Baptist\u0103\u201eEmanuel\u201d Responsabil: Arsenie Antoceanu, tel. 078302800<\/p>\n<p style=\"text-align: justify;\"><strong>CHI\u0218IN\u0102U<\/strong> 21 octombrie, ora 18:00 &#8211; 20:00 22 octombrie, ora 9:30 -16:00 Adresa: municipiul Chi\u0219in\u0103u, str. Sf.Ilie, 41 , Biserica Baptist\u0103 \u201eIsus Salvatorul \u201d Responsabil: Victor Toac\u0103, tel. 067117555<\/p>\n<p style=\"text-align: justify;\"><strong>CAHUL<\/strong> 29 octombrie, ora 9:30 -16:00 Adresa: or. Cahul, str. Prospectul Republicii 25A, Biserica Baptist\u0103 \u201dEmanuel\u201d Responsabil: Gelu Ciorna, tel. 078756864<\/p>\n<p style=\"text-align: justify;\">INTRARE LIBER\u0102<\/p>\n","protected":false},"excerpt":{"rendered":"<p>\u201cDe-a lungul veacurilor, oamenii s-au deosebit prin r\u0103spunsul pe care l-au dat la \u00eentrebarea: \u201eCine este Isus?\u201d De ce at\u00e2t de multe discu\u0163ii asupra acestei persoane? Cum se face c\u0103 numele Lui, mai mult&#46;&#46;&#46;<\/p>\n","protected":false},"author":2,"featured_media":13492,"comment_status":"open","ping_status":"open","sticky":false,"template":"","format":"standard","meta":{"footnotes":""},"categories":[1492,1083,77,24],"tags":[1567,146,104,105],"class_list":["post-13488","post","type-post","status-publish","format-standard","has-post-thumbnail","hentry","category-anul-dedicarii-si-credinciosiei-lui-dumnezeu-2","category-anuntul-evenimentelor","category-slides","category-tineret-anuturi-si-evenimente","tag-cine-este-isus","tag-conferinta-de-apologetica","tag-livius-percy","tag-scoala-de-apologetica"],"fimg_url":"https:\/\/baptist.org.md\/ro\/wp-content\/uploads\/cine-este-isus-748.jpg","views":1993,"_links":{"self":[{"href":"https:\/\/baptist.org.md\/ro\/index.php?rest_route=\/wp\/v2\/posts\/13488","targetHints":{"allow":["GET"]}}],"collection":[{"href":"https:\/\/baptist.org.md\/ro\/index.php?rest_route=\/wp\/v2\/posts"}],"about":[{"href":"https:\/\/baptist.org.md\/ro\/index.php?rest_route=\/wp\/v2\/types\/post"}],"author":[{"embeddable":true,"href":"https:\/\/baptist.org.md\/ro\/index.php?rest_route=\/wp\/v2\/users\/2"}],"replies":[{"embeddable":true,"href":"https:\/\/baptist.org.md\/ro\/index.php?rest_route=%2Fwp%2Fv2%2Fcomments&post=13488"}],"version-history":[{"count":4,"href":"https:\/\/baptist.org.md\/ro\/index.php?rest_route=\/wp\/v2\/posts\/13488\/revisions"}],"predecessor-version":[{"id":13494,"href":"https:\/\/baptist.org.md\/ro\/index.php?rest_route=\/wp\/v2\/posts\/13488\/revisions\/13494"}],"wp:featuredmedia":[{"embeddable":true,"href":"https:\/\/baptist.org.md\/ro\/index.php?rest_route=\/wp\/v2\/media\/13492"}],"wp:attachment":[{"href":"https:\/\/baptist.org.md\/ro\/index.php?rest_route=%2Fwp%2Fv2%2Fmedia&parent=13488"}],"wp:term":[{"taxonomy":"category","embeddable":true,"href":"https:\/\/baptist.org.md\/ro\/index.php?rest_route=%2Fwp%2Fv2%2Fcategories&post=13488"},{"taxonomy":"post_tag","embeddable":true,"href":"https:\/\/baptist.org.md\/ro\/index.php?rest_route=%2Fwp%2Fv2%2Ftags&post=13488"}],"curies":[{"name":"wp","href":"https:\/\/api.w.org\/{rel}","templated":true}]}}