{"id":13475,"date":"2016-10-06T18:16:45","date_gmt":"2016-10-06T15:16:45","guid":{"rendered":"http:\/\/baptist.org.md\/ro\/?p=13475"},"modified":"2016-11-01T09:57:31","modified_gmt":"2016-11-01T07:57:31","slug":"in-orasul-camenca-a-fost-ordinat-un-diacon-responsabil-de-lucrarea-cu-tinerii","status":"publish","type":"post","link":"https:\/\/baptist.org.md\/ro\/?p=13475","title":{"rendered":"\u00cen or. Camenca a fost ordinat un diacon responsabil de lucrarea cu tinerii"},"content":{"rendered":"<p style=\"text-align: justify;\">Pe data de 11 septembrie, \u00een biserica \u201cVestea bun\u0103\u201d din ora\u0219ul Camenca, a avut loc un serviciu de s\u0103rb\u0103toare \u00een cadrul c\u0103ruia fratele Dumitru Matei a fost ordinat \u00een slujirea ca diacon al bisericii. La eveniment a fost prezent fratele Petru Cuzminschi, responsabil de regiunea Transnistrian\u0103, Robert Sheffer, pastor din Germania \u0219i episcopul Uniunii Bisericilor Cre\u015ftine Evanghelice Baptiste, Ion Miron. Mesajul de \u00eendrumare din partea fratelui Ion Miron a avut la baz\u0103 fragmentul din Faptele Apostolilor, unde este scris care sunt func\u021biile de baz\u0103 a unui diacon, ce a fost ales de biseric\u0103 \u0219i binecuv\u00e2ntat pentru a sluji. \u00cen primul r\u00e2nd, un diacon trebuie s\u0103-l ajute pe pastor \u00een orice lucrare care i-a fost \u00eencredin\u021bat\u0103. De asemenea, fratele Miron a men\u021bionat c\u0103 un diacon nu este slujitorul pastorului, ci primul lui ajutor \u00een orice lucrare. La rug\u0103ciunea de binecuv\u00e2ntare a fratelui Dumitru Matei a luat parte\u00a0fratele Petru Cuzminschi, Robert Sheffer, Ion Miron \u0219i Nicolai Tcaci, pastorul bisericii locale.<\/p>\n<p style=\"text-align: justify;\"><a href=\"http:\/\/baptist.org.md\/ro\/wp-content\/uploads\/19.jpg\"><img loading=\"lazy\" decoding=\"async\" class=\"aligncenter size-full wp-image-13476\" src=\"http:\/\/baptist.org.md\/ro\/wp-content\/uploads\/19.jpg\" alt=\"1\" width=\"1024\" height=\"905\" srcset=\"https:\/\/baptist.org.md\/ro\/wp-content\/uploads\/19.jpg 1024w, https:\/\/baptist.org.md\/ro\/wp-content\/uploads\/19-300x265.jpg 300w\" sizes=\"auto, (max-width: 1024px) 100vw, 1024px\" \/><\/a><\/p>\n<p style=\"text-align: justify;\">Dumitru Matei a crescut \u00eentr-o familie necre\u0219tin\u0103, \u00eens\u0103 s-a \u00eentors la Domnul c\u00e2nd era t\u00e2n\u0103r, gra\u021bie faptului c\u0103 a \u00eenceput s\u0103 frecventeze \u00eent\u00e2lnirile de tineret ce se organizau la biserica \u201cVestea bun\u0103\u201d. Anume aceasta l-a motivat s\u0103 se implice \u00een lucrarea cu adolescen\u021bii \u0219i tinerii. \u201c\u00cen biserica noastr\u0103 se pune un accent deosebit pe lucrarea cu tinerii. Avem \u0219i un club cu numele de <span style=\"text-decoration: underline;\"><a href=\"https:\/\/vk.com\/lagerisolne4nii\">\u00abSunny club<\/a><\/span>\u00bb, ce presupune organizarea unor \u00eent\u00e2lniri speciale la care vin tineri, \u00een mare parte din familii necre\u0219tine. Trei membri ai clubului se preg\u0103tesc s\u0103 primeasc\u0103 botezul anul viitor. De asemenea, noi planific\u0103m s\u0103 organiz\u0103m \u00een biseric\u0103, o dat\u0103 pe lun\u0103, c\u00e2te o slujire mai special\u0103 pentru tineri. Dar visul meu cel mai mare este de a organiza \u0219i realiza c\u00e2t mai multe activit\u0103\u021bi pentru adolescen\u021bii \u0219i tinerii din toat\u0103 regiunea Transnistrian\u0103\u201d , a m\u0103rturisit fratele Dumitru.<\/p>\n<p><a href=\"http:\/\/baptist.org.md\/ro\/wp-content\/uploads\/24.jpg\"><img loading=\"lazy\" decoding=\"async\" class=\"aligncenter size-full wp-image-13477\" src=\"http:\/\/baptist.org.md\/ro\/wp-content\/uploads\/24.jpg\" alt=\"2\" width=\"960\" height=\"720\" srcset=\"https:\/\/baptist.org.md\/ro\/wp-content\/uploads\/24.jpg 960w, https:\/\/baptist.org.md\/ro\/wp-content\/uploads\/24-300x225.jpg 300w\" sizes=\"auto, (max-width: 960px) 100vw, 960px\" \/><\/a><\/p>\n<p style=\"text-align: justify;\">\u00cen Camenca, lucrarea de slujire a fost \u00eenceput\u0103 \u00een anul 1993, atunci c\u00e2nd \u00een aceast\u0103 regiune a venit ca misionar fratele Nicolai Tcaci, pe atunci un t\u00e2n\u0103r predicator din satul Mihailovca, \u00a0raionul S\u00eengerei.\u00a0La acel moment, fratele Nicolai era proasp\u0103t absolvent al primei promo\u021bii din cadrul Institutului Biblic, apoi s-a c\u0103s\u0103torit cu sora Svetlana, din ora\u0219ul Chi\u0219in\u0103u. Greu\u021b\u0103\u021bile \u0219i incertitudinile nu i-au speriat pe aceast\u0103 t\u00e2n\u0103r\u0103 familie ce a primit de la Domnul \u00eencredin\u021barea de a sluji \u00een acel \u201cde\u0219ert spiritual\u201d. Chiar din primele zile \u00een care s-au aflat \u00een Transnistria ei s-au confruntat cu greut\u0103\u021bi destul de mari. Urm\u0103rirea constant\u0103 din partea autorit\u0103\u021bilor, chem\u0103rile repetate la KGB, deport\u0103rile, amenin\u021b\u0103rile- toate acestea \u00eens\u0103 nu au putut s\u0103 sting\u0103 credin\u021ba arz\u0103toare a celor doi ce au continuat s\u0103-L slujeasc\u0103 cu credincio\u0219ie pe Domnul.<\/p>\n<p><a href=\"http:\/\/baptist.org.md\/ro\/wp-content\/uploads\/35.jpg\"><img loading=\"lazy\" decoding=\"async\" class=\"aligncenter size-full wp-image-13478\" src=\"http:\/\/baptist.org.md\/ro\/wp-content\/uploads\/35.jpg\" alt=\"3\" width=\"1024\" height=\"765\" srcset=\"https:\/\/baptist.org.md\/ro\/wp-content\/uploads\/35.jpg 1024w, https:\/\/baptist.org.md\/ro\/wp-content\/uploads\/35-300x224.jpg 300w\" sizes=\"auto, (max-width: 1024px) 100vw, 1024px\" \/><\/a><\/p>\n<p>Cu o deosebit\u0103 bucurie, fratele Nicolai Tcaci a \u021binut s\u0103 spun\u0103 urm\u0103toarele lucruri despre fratele Dumitru: \u201cA\u0219 vrea s\u0103 men\u021bionez c\u0103, \u00een primul r\u00e2nd, am observat la fratele nostru urm\u0103toarea calitate: jertfirea. El \u0219i-a jertfit timpul, resursele; a adunat tinerii, s-a rugat \u00eempreun\u0103 cu ei \u0219i au studiat Sf\u00e2nta Scriptur\u0103 \u00eempreun\u0103. A doua calitate este frica lui de Dumnezeu. A treia- ascultarea \u0219i s\u00e2rgui\u021ba de a \u00eendeplini orice lucrare care i-a fost \u00eencredin\u021bat\u0103. Acum, fiind binecuv\u00e2ntat de Dumnezeu \u0219i de pastori, el va continua s\u0103 slujeasc\u0103 \u00een lucrarea cu tinerii \u0219i, dup\u0103 necesitate, \u00een consilierea membrilor bisericii.<\/p>\n<p><a href=\"http:\/\/baptist.org.md\/ro\/wp-content\/uploads\/41.jpg\"><img loading=\"lazy\" decoding=\"async\" class=\"aligncenter size-full wp-image-13479\" src=\"http:\/\/baptist.org.md\/ro\/wp-content\/uploads\/41.jpg\" alt=\"4\" width=\"1024\" height=\"768\" srcset=\"https:\/\/baptist.org.md\/ro\/wp-content\/uploads\/41.jpg 1024w, https:\/\/baptist.org.md\/ro\/wp-content\/uploads\/41-300x225.jpg 300w\" sizes=\"auto, (max-width: 1024px) 100vw, 1024px\" \/><\/a><\/p>\n<p style=\"text-align: justify;\">La serviciul divin de diminea\u021b\u0103, din biserica &#8220;Vestea bun\u0103&#8221;, au fost prezen\u021bi aproximativ 50 de persoane. \u00cen aceast\u0103 comunitate se pune un accent deosebit at\u00e2t pe lucrarea cu tinerii \u0219i adolescen\u021bii, c\u00e2t \u0219i pe asisten\u021ba social\u0103. Membrii bisericii viziteaz\u0103 satele din \u00eemprejurime, unde vestesc Cuv\u00e2ntul lui Dumnezeu prin distribuirea literaturii cre\u0219tine \u0219i vorbind despre Domnul cu localnicii. \u00cempreun\u0103 cu pastorul Nicolai Tcaci \u0219i fratele Dumitru Matei, deja diacon al bisericii, lucrez\u0103 pe ogorul Evangheliei \u0219i fratele misionar, Victor Ianac. \u00a0\u00cen prezent, membrii bisericii se adun\u0103 \u00eentr-o \u00eenc\u0103pere din casa pastorului Nicolai, dar au \u00eenceput luc\u0103rile pentru construc\u021bia unei Case de Rug\u0103ciune pe un teren aparte.<\/p>\n<p style=\"text-align: justify;\"><a href=\"http:\/\/baptist.org.md\/ro\/wp-content\/uploads\/51.jpg\"><img loading=\"lazy\" decoding=\"async\" class=\"aligncenter size-full wp-image-13480\" src=\"http:\/\/baptist.org.md\/ro\/wp-content\/uploads\/51.jpg\" alt=\"5\" width=\"1024\" height=\"576\" srcset=\"https:\/\/baptist.org.md\/ro\/wp-content\/uploads\/51.jpg 1024w, https:\/\/baptist.org.md\/ro\/wp-content\/uploads\/51-300x168.jpg 300w\" sizes=\"auto, (max-width: 1024px) 100vw, 1024px\" \/><\/a><\/p>\n<p style=\"text-align: justify;\">\u00cen acest an se planific\u0103 de a pune acoperi\u0219ul pe cl\u0103direa deja ridicat\u0103. Acest lucru reprezint\u0103 \u0219i un motiv de rug\u0103ciune a bisericii locale, pe care noi trebuie s\u0103 o sus\u021binem \u00een rug\u0103ciune. De asemenea, s\u0103 ne rug\u0103m \u0219i pentru zidirea spiritual\u0103 a bisericii, pentru c\u0103 av\u00e2nd un fundament solid, care este Isus Cristos, biserica \u201cVia\u021ba nou\u0103\u201d s\u0103 devin\u0103 un templu sf\u00e2nt al lui Dumnezeu (Efeseni 2:12) .<\/p>\n","protected":false},"excerpt":{"rendered":"<p>Pe data de 11 septembrie, \u00een biserica \u201cVestea bun\u0103\u201d din ora\u0219ul Camenca, a avut loc un serviciu de s\u0103rb\u0103toare \u00een cadrul c\u0103ruia fratele Dumitru Matei a fost ordinat \u00een slujirea ca diacon al bisericii.&#46;&#46;&#46;<\/p>\n","protected":false},"author":2,"featured_media":13486,"comment_status":"open","ping_status":"open","sticky":false,"template":"","format":"standard","meta":{"footnotes":""},"categories":[77,23],"tags":[],"class_list":["post-13475","post","type-post","status-publish","format-standard","has-post-thumbnail","hentry","category-slides","category-interne"],"fimg_url":"https:\/\/baptist.org.md\/ro\/wp-content\/uploads\/principala.jpg","views":1947,"_links":{"self":[{"href":"https:\/\/baptist.org.md\/ro\/index.php?rest_route=\/wp\/v2\/posts\/13475","targetHints":{"allow":["GET"]}}],"collection":[{"href":"https:\/\/baptist.org.md\/ro\/index.php?rest_route=\/wp\/v2\/posts"}],"about":[{"href":"https:\/\/baptist.org.md\/ro\/index.php?rest_route=\/wp\/v2\/types\/post"}],"author":[{"embeddable":true,"href":"https:\/\/baptist.org.md\/ro\/index.php?rest_route=\/wp\/v2\/users\/2"}],"replies":[{"embeddable":true,"href":"https:\/\/baptist.org.md\/ro\/index.php?rest_route=%2Fwp%2Fv2%2Fcomments&post=13475"}],"version-history":[{"count":2,"href":"https:\/\/baptist.org.md\/ro\/index.php?rest_route=\/wp\/v2\/posts\/13475\/revisions"}],"predecessor-version":[{"id":13482,"href":"https:\/\/baptist.org.md\/ro\/index.php?rest_route=\/wp\/v2\/posts\/13475\/revisions\/13482"}],"wp:featuredmedia":[{"embeddable":true,"href":"https:\/\/baptist.org.md\/ro\/index.php?rest_route=\/wp\/v2\/media\/13486"}],"wp:attachment":[{"href":"https:\/\/baptist.org.md\/ro\/index.php?rest_route=%2Fwp%2Fv2%2Fmedia&parent=13475"}],"wp:term":[{"taxonomy":"category","embeddable":true,"href":"https:\/\/baptist.org.md\/ro\/index.php?rest_route=%2Fwp%2Fv2%2Fcategories&post=13475"},{"taxonomy":"post_tag","embeddable":true,"href":"https:\/\/baptist.org.md\/ro\/index.php?rest_route=%2Fwp%2Fv2%2Ftags&post=13475"}],"curies":[{"name":"wp","href":"https:\/\/api.w.org\/{rel}","templated":true}]}}