{"id":13284,"date":"2016-07-19T16:09:11","date_gmt":"2016-07-19T13:09:11","guid":{"rendered":"http:\/\/baptist.org.md\/ro\/?p=13284"},"modified":"2016-08-07T13:54:46","modified_gmt":"2016-08-07T10:54:46","slug":"tony-peck-despre-rezultatul-referendumului-asupra-membriei-marii-britanii-in-ue","status":"publish","type":"post","link":"https:\/\/baptist.org.md\/ro\/?p=13284","title":{"rendered":"Tony Peck despre rezultatul referendumului asupra membriei Marii Britanii \u00een UE"},"content":{"rendered":"<p style=\"text-align: center;\"><a href=\"http:\/\/baptist.org.md\/ro\/wp-content\/uploads\/Tony-Peck-EBF.jpg\"><img loading=\"lazy\" decoding=\"async\" class=\"aligncenter wp-image-13286\" src=\"http:\/\/baptist.org.md\/ro\/wp-content\/uploads\/Tony-Peck-EBF.jpg\" alt=\"Tony Peck EBF\" width=\"720\" height=\"540\" srcset=\"https:\/\/baptist.org.md\/ro\/wp-content\/uploads\/Tony-Peck-EBF.jpg 992w, https:\/\/baptist.org.md\/ro\/wp-content\/uploads\/Tony-Peck-EBF-300x225.jpg 300w\" sizes=\"auto, (max-width: 720px) 100vw, 720px\" \/><\/a><\/p>\n<p style=\"text-align: justify;\">De\u015fi, desigur, eu respect decizia democratic\u0103 a Marii Britanii de a p\u0103r\u0103si Uniunea European\u0103 \u015fi \u00eencerc s\u0103 \u00een\u0163eleg impulsurile profunde care i-au determinat pe unii s\u0103 doreasc\u0103 s\u0103 p\u0103r\u0103seasc\u0103 UE, totu\u015fi, am r\u0103mas stupefiat \u015fi ad\u00e2nc str\u0103puns de o astfel de decizie. Cred c\u0103 na\u0163iunea noastr\u0103 a deviat de la valori precum generozitatea, ospitalitatea, interconexiunea, sociabilitatea \u015fi solidaritatea fa\u021b\u0103 de restul lumii. Pentru mine, acestea sunt adev\u0103ratele valori evanghelice \u015fi, de asemenea, nucleul identit\u0103\u021bii noastre baptiste. Desigur, practicarea lor nu depind \u00een \u00eentregime de membria noastr\u0103 \u00een UE, dar modul \u00een care a fost format\u0103 campania de retragere a membriei \u015fi unele minciuni generate \u00een cadrul acesteia, \u00eemi sugereaz\u0103 ideea c\u0103 aceste valori se afl\u0103 \u00een pericol acum \u015fi \u00een viitor. Provocarea pentru bisericile noastre din Marea Britanie \u015fi pentru noi ca \u015fi credincio\u0219i individuali este ca s\u0103 le facem (valorile) \u015fi mai pronun\u021bate \u00een m\u0103rturiile noastre, chiar form\u00e2nd comunit\u0103\u021bi de \u201erezisten\u021b\u0103 sf\u00e2nt\u0103\u201d pentru \u00cemp\u0103r\u0103\u021bia lui Dumnezeu \u015fi pentru aceste valori subminate.<\/p>\n<p style=\"text-align: justify;\">Unii m-au \u00eentrebat cum va afecta aceasta via\u021ba Federa\u021biei Baptiste Europene (FBE). Noi pur \u015fi simplu nu \u0219tim, cu toate c\u0103 ar putea ap\u0103rea anumite consecin\u021be asupra activit\u0103\u021bilor noastre, precum libertatea de deplasare. \u00cens\u0103, la momentul actual, jum\u0103tate din membrii FBE nu provin din statele membre ale UE, a\u0219a c\u0103 nu ne focus\u0103m \u00een \u00eentregime asupra Uniunii Europene. Cu toate acestea, p\u00e2n\u0103 \u00een prezent am participat din plin \u00een calitate de membri la Conferin\u021ba Bisericilor Europene f\u0103c\u00e2nd s\u0103 se aud\u0103 vocea cre\u0219tin\u0103 \u00een politic\u0103 \u015fi activitatea UE. Pe viitor, aceasta ar putea deveni ceva mai greu pentru bisericile din Marea Britanie. Dup\u0103 ce s-a anun\u021bat rezultatul referendumului, eu, al\u0103turi de c\u00e2\u021biva colegi de la FBE, am participat la o Consulta\u021bie privind Problema Refugia\u021bilor, care a fost organizat\u0103 de Universitatea de Studii a Orientului Mijlociu de la Seminarul Teologic Arab din Beirut, Liban. Participan\u021bii, care \u00een mare parte provin din regiunea MENA (Orientul Mijlociu \u015fi Nordul Africii), precum \u015fi partenerii din Canada, SUA \u015fi Europa au \u00een\u021beles \u00eendat\u0103 caracterul important al deciziei luate de Marea Britanie c\u00e2t \u015fi posibilele consecin\u021be asupra \u021bintei acestei Consulta\u021bii privind Problema Refugia\u021bilor \u00een Europa \u015fi Orientul Mijlociu.<\/p>\n<p style=\"text-align: justify;\">Doi prieteni buni libanezi, Martin Accad \u015fi Elie Haddad \u2013 ambii fiind vocile profetice privind situa\u021bia din Orientul Mijlociu \u2013 au vorbit, \u015fi apoi s-au rugat la scurt timp dup\u0103 anun\u021barea rezultatului referendumului. Participan\u021bii din Marea Britanie au l\u0103sat prin cuvintele lor un profund sentiment de sprijin, dragoste \u015fi solidaritate \u00een Hristos.<\/p>\n<p style=\"text-align: justify;\">Martin, un cunoscut teolog libanez, a vorbit despre importan\u021ba acestei decizii \u015fi a amintit c\u0103 exist\u0103 o vreme \u00een c\u0103l\u0103toria noastr\u0103 c\u00e2nd trebuie s\u0103 pl\u00e2ngem, fiind con\u0219tien\u021bi de faptul c\u0103 suntem parte a societ\u0103\u021bii \u00een care tr\u0103im \u015fi c\u0103 lumea este interconectat\u0103. El a recunoscut \u015fi importan\u021ba subiectului discutat la conferin\u021b\u0103: \u00een ceea ce prive\u0219te atitudinea noastr\u0103 fa\u021b\u0103 de venetici, str\u0103ini, imigran\u021bi \u015fi refugia\u021bi. El a invitat participan\u021bii conferin\u021bei s\u0103-\u015fi exprime solidaritatea fa\u021b\u0103 de participan\u021bii din Marea Britanie \u015fi s\u0103 recunoasc\u0103 gravitatea acestei decizii. Totodat\u0103, el a subliniat c\u0103 aceasta este o \u0219ans\u0103 bun\u0103 de a reafirma \u00eencrederea noastr\u0103 \u00een suveranitatea \u015fi credincio\u0219ia lui Dumnezeu, precum \u015fi persisten\u021ba \u00cemp\u0103r\u0103\u021biei Lui \u015fi ambi\u021bia Lui de a lucra prin Biserica Lui.<br \/>\nRug\u0103ciunea lui Elie Haddad, rectorul Seminarului Teologic Baptist Arab:<\/p>\n<p style=\"text-align: justify;\">\u201eTat\u0103, Te l\u0103ud\u0103m \u015fi-\u021ai mul\u021bumim pentru ziua aceasta \u015fi pentru mila \u015fi binecuv\u00e2nt\u0103rile tale pe care le tr\u0103im \u00een fiecare zi. Tu e\u0219ti un Dumnezeu suveran \u015fi un Dumnezeu sf\u00e2nt. Doar Tu e\u0219ti vrednic de lauda noastr\u0103.\u00a0Cu toate c\u0103 tr\u0103im \u00een Orientul Mijlociu plin de tulbur\u0103ri, este u\u0219or s\u0103 uit\u0103m de faptul c\u0103 \u00een multe alte p\u0103r\u021bi ale lumii instabilitatea cre\u0219te. Ast\u0103zi, Tat\u0103, vrem s\u0103 ne rug\u0103m pentru fra\u021bii \u015fi surorile noastre din Marea Britanie. Decizii serioase, precum cea de ieri (23.06.16), pot crea diviziuni. Dar, \u00een ciuda acestor decizii, noi ne rug\u0103m ca fra\u021bii \u015fi surorile noastre din Marea Britanie s\u0103 experimenteze o re\u00eennoire a \u00eencrederii lor \u00een Tine, St\u0103p\u00e2ne. Ne rug\u0103m ca \u00een viitor Marea Britanie s\u0103 nu fie condus\u0103 de fric\u0103, ci de dragoste \u015fi ospitalitate; ca s\u0103 r\u0103m\u00e2n\u0103 primitoare de str\u0103ini.\u00a0Ne rug\u0103m ca biserica din Anglia, \u00een timp ce este \u00eempins\u0103 aproape la limit\u0103, s\u0103 descopere o nou\u0103 voce profetic\u0103 prin migran\u0163i, s\u0103 caute s\u0103 influen\u021beze societatea britanic\u0103 cu valori ve\u0219nice \u015fi prin puterea Evangheliei.\u00a0Ne rug\u0103m pentru impactul acestei decizii asupra \u00eentregului continent european. Ne rug\u0103m pentru liderii principali, precum cei de la FBE, care sunt printre noi acum. FBE\u00a0are un impact \u015fi o influen\u021b\u0103 major\u0103 asupra multor biserici din Europa \u015fi Orientul Mijlociu. Ne rug\u0103m ca bisericile noastre s\u0103 fie \u00eendr\u0103zne\u021be \u00een a conduce comunit\u0103\u021bile noastre spre unitate, pace, reconciliere \u015fi speran\u021b\u0103.\u00a0Mul\u021bumim Tat\u0103, c\u0103 Tu e\u0219ti sursa fericirii \u015fi speran\u021bei noastre. Numai \u00een Tine g\u0103sim odihn\u0103. Ne rug\u0103m ca Duhul T\u0103u s\u0103 ne umple azi \u015fi \u00een fiecare zi, \u00een a\u0219a fel \u00eenc\u00e2t s\u0103 ne tr\u0103im chemarea \u00een ciuda circumstan\u021belor care prevaleaz\u0103.\u201d<\/p>\n<p style=\"text-align: justify;\">Sunt privilegiat \u015fi m\u00e2ndru c\u0103 pot conduce re\u021beaua de biserici baptiste, adic\u0103 Federa\u021bia European\u0103 Baptist\u0103. Noi vom continua s\u0103 m\u0103rturisim pe Hristos care nu recunoa\u0219te grani\u021be \u015fi nici identitate na\u021bional\u0103, dar continu\u0103 s\u0103-\u015ei zideasc\u0103 Biserica dincolo de acestea, \u015fi noi ne rug\u0103m ca acestea s\u0103 fie caracterizate de o dragoste generoas\u0103, o n\u0103dejde vie \u015fi o profund\u0103 bucurie evanghelic\u0103.<\/p>\n<p style=\"text-align: justify;\">Tony Peck,<br \/>\nSecretarul general al FBE<br \/>\n24 iunie 2016<\/p>\n<p style=\"text-align: justify;\">\n","protected":false},"excerpt":{"rendered":"<p>De\u015fi, desigur, eu respect decizia democratic\u0103 a Marii Britanii de a p\u0103r\u0103si Uniunea European\u0103 \u015fi \u00eencerc s\u0103 \u00een\u0163eleg impulsurile profunde care i-au determinat pe unii s\u0103 doreasc\u0103 s\u0103 p\u0103r\u0103seasc\u0103 UE, totu\u015fi, am r\u0103mas stupefiat&#46;&#46;&#46;<\/p>\n","protected":false},"author":2,"featured_media":13286,"comment_status":"open","ping_status":"open","sticky":false,"template":"","format":"standard","meta":{"footnotes":""},"categories":[2,22],"tags":[],"class_list":["post-13284","post","type-post","status-publish","format-standard","has-post-thumbnail","hentry","category-spiritualitate","category-externe"],"fimg_url":"https:\/\/baptist.org.md\/ro\/wp-content\/uploads\/Tony-Peck-EBF.jpg","views":2334,"_links":{"self":[{"href":"https:\/\/baptist.org.md\/ro\/index.php?rest_route=\/wp\/v2\/posts\/13284","targetHints":{"allow":["GET"]}}],"collection":[{"href":"https:\/\/baptist.org.md\/ro\/index.php?rest_route=\/wp\/v2\/posts"}],"about":[{"href":"https:\/\/baptist.org.md\/ro\/index.php?rest_route=\/wp\/v2\/types\/post"}],"author":[{"embeddable":true,"href":"https:\/\/baptist.org.md\/ro\/index.php?rest_route=\/wp\/v2\/users\/2"}],"replies":[{"embeddable":true,"href":"https:\/\/baptist.org.md\/ro\/index.php?rest_route=%2Fwp%2Fv2%2Fcomments&post=13284"}],"version-history":[{"count":2,"href":"https:\/\/baptist.org.md\/ro\/index.php?rest_route=\/wp\/v2\/posts\/13284\/revisions"}],"predecessor-version":[{"id":13287,"href":"https:\/\/baptist.org.md\/ro\/index.php?rest_route=\/wp\/v2\/posts\/13284\/revisions\/13287"}],"wp:featuredmedia":[{"embeddable":true,"href":"https:\/\/baptist.org.md\/ro\/index.php?rest_route=\/wp\/v2\/media\/13286"}],"wp:attachment":[{"href":"https:\/\/baptist.org.md\/ro\/index.php?rest_route=%2Fwp%2Fv2%2Fmedia&parent=13284"}],"wp:term":[{"taxonomy":"category","embeddable":true,"href":"https:\/\/baptist.org.md\/ro\/index.php?rest_route=%2Fwp%2Fv2%2Fcategories&post=13284"},{"taxonomy":"post_tag","embeddable":true,"href":"https:\/\/baptist.org.md\/ro\/index.php?rest_route=%2Fwp%2Fv2%2Ftags&post=13284"}],"curies":[{"name":"wp","href":"https:\/\/api.w.org\/{rel}","templated":true}]}}