{"id":13030,"date":"2016-04-24T15:26:29","date_gmt":"2016-04-24T12:26:29","guid":{"rendered":"http:\/\/baptist.org.md\/ro\/?p=13030"},"modified":"2016-07-13T17:12:30","modified_gmt":"2016-07-13T14:12:30","slug":"pozitia-comisarului-european-pentru-drepturile-omului-privind-cazul-bodnariu-la-apce","status":"publish","type":"post","link":"https:\/\/baptist.org.md\/ro\/?p=13030","title":{"rendered":"Pozi\u0163ia Comisarului European pentru Drepturile Omului privind cazul Bodnariu la APCE"},"content":{"rendered":"<p style=\"text-align: justify;\"><a href=\"http:\/\/baptist.org.md\/ro\/wp-content\/uploads\/ghiletchi_muiynieks-e1461500761477.jpg\"><img loading=\"lazy\" decoding=\"async\" class=\"aligncenter size-full wp-image-13034\" src=\"http:\/\/baptist.org.md\/ro\/wp-content\/uploads\/ghiletchi_muiynieks-e1461500761477.jpg\" alt=\"ghiletchi_muiynieks\" width=\"720\" height=\"405\" \/><\/a><\/p>\n<p style=\"text-align: justify;\">Drama familiei Bodnariu r\u0103m\u00e2ne un subiect pe agenda Adun\u0103rii Parlamentare a Consiliului Europei (ACPE). \u00cen cadrul dezbaterilor din sesiunea de prim\u0103var\u0103 a APCE ce se desf\u0103\u015foar\u0103 \u00een perioada, 18-23 aprilie la Strasbourg, deputatul moldovean, Valeriu Ghile\u0163chi a solicitat opinia Comisarului European pentru Drepturile Omului, Rnils Muiznieks cu privire la familia Bodnariu \u015fi practica lu\u0103rii copiilor din familii de c\u0103tre Barnevernet.<\/p>\n<p style=\"text-align: justify;\">\u201eDle comisar, \u00eendep\u0103rtarea copiilor, pe baza unui ordin administrativ provizoriu \u00een locul unei hot\u0103r\u00e2ri judec\u0103tore\u0219ti contravine Rezolu\u021biei 2049, adoptat\u0103 anul trecut de aceast\u0103 Adunare. Care este opinia dumneavoastr\u0103 cu privire la aceast\u0103 practic\u0103 \u00een unele dintre statele noastre membre? Mai specific, \u00een Norvegia, serviciile sociale au luat cinci copii dintr-o familie mixt\u0103 format\u0103 dintr-un cet\u0103\u0163ean rom\u00e2n \u015fi o cet\u0103\u0163eanc\u0103 norvegian\u0103, ceea ce a dus la un val de proteste la nivel interna\u021bional, care s\u00e2mb\u0103ta trecut\u0103 s-a desf\u0103\u015furat \u00een 22 de \u021b\u0103ri\u201d.<\/p>\n<p style=\"text-align: justify;\">Potrivit deputatului, Valeriu Ghile\u0163chi, r\u0103spunsul Comisarului European pentru Drepturile Omului la surprins pl\u0103cut:<\/p>\n<p style=\"text-align: justify;\">\u201eSepararea copiilor de p\u0103rin\u021bi este o chestiune mai larg\u0103 \u015fi aici se cere maxim\u0103 pruden\u021b\u0103, pentru c\u0103 noi trebuie s\u0103 ne \u00eentreb\u0103m care este cel mai bun interes pentru copil? Cel mai bun interes pentru copil este aproape \u00eentotdeauna s\u0103 fie cu p\u0103rin\u021bii s\u0103i. Doar \u00een cazuri extreme \u015fi excep\u021bionale, c\u00e2nd copilul poate suferi daune serioase din cauza comportamentului p\u0103rin\u021bilor, copilul ar trebui separat temporar de p\u0103rin\u021bi. Noi trebuie s\u0103 intervenim pentru a sus\u021bine familiile ca ele s\u0103 r\u0103m\u00e2n\u0103 \u00eempreun\u0103 \u015fi copiii s\u0103 fie cu familiile lor. Separarea copiilor de p\u0103rin\u021bi trebuie s\u0103 fie doar \u00een ultima instan\u021b\u0103 \u015fi doar pentru o perioad\u0103 foarte scurt\u0103\u201d, a r\u0103spuns Comisarul European, deputatului moldovean, Valeriu Ghile\u0163chi.<\/p>\n<p style=\"text-align: justify;\">Amintim c\u0103 <a href=\"http:\/\/www.stiricrestine.ro\/2015\/11\/20\/semnati-petitia-pentru-sustinerea-familiei-marius-si-ruth-bodnariu-din-norvegia\/\" target=\"_blank\"><strong>familia Bodnariu a r\u0103mas\u0103 f\u0103r\u0103 cei cinci micu\u0163i luni, 16 noiembrie 2015<\/strong><\/a>, c\u00e2nd Protec\u0163ia Copilului din Barnevernet au r\u0103pit cele dou\u0103 fete ale familie de la \u015fcoal\u0103, f\u0103r\u0103 avizarea p\u0103rin\u0163ilor. C\u00e2teva ore mai t\u00e2rziu, cei de la Protec\u0163ia Copilului au venit la domiciliul familiei Bodnariu \u015fi \u00een lipsa tat\u0103lui care se afla la serviciu au luat cu for\u0163a \u015fi cei doi b\u0103ie\u0163i ai familiei l\u0103s\u00e2nd-o pe mama devastat\u0103 cu mezinul de trei luni. Miercuri, 17 noiembrie familia a mai primit o lovitur\u0103. Reprezentan\u0163ii Protec\u0163iei Civile au b\u0103tut din nou la u\u015f\u0103, \u00eenso\u0163i\u0163i de patru poli\u0163i\u015fti, f\u0103r\u0103 nici o h\u00e2rtie sau ordin judec\u0103toresc \u015fi au luat din bra\u0163ele mamei \u015fi pruncul de trei luni, declar\u00e2nd c\u0103 mama este periculoas\u0103.<\/p>\n<p style=\"text-align: justify;\">\u00cen scurt timp, cazul Bodnariu s-a transformat \u00eentr-o mi\u015fcare interna\u0163ional\u0103, iar protestele de sus\u0163inere a familiei stabilit\u0103 de 10 ani \u00een Norvegia au luat amploare \u00een toat\u0103 lumea. Continua\u0163i s\u0103 v\u0103 ruga\u0163i pentru re\u00eentregirea familiei Bondariu \u015fi pentru protec\u0163ia familiilor care se afl\u0103 \u00een acest pericol. Ruga\u0163i-v\u0103 \u015fi pentru promotorii valorilor moral-spirituale la nivel politic, pentru ca s\u0103 aib\u0103 trecere \u015fi pricepere atunci c\u00e2nd pledeaz\u0103 pentru aceast\u0103 cauz\u0103.<\/p>\n<p style=\"text-align: justify;\">Ruga\u0163i-v\u0103 pentru toate familiile din vremea noastr\u0103, pentru c\u0103 este cea mai atacat\u0103 institu\u0163ie \u00een orice col\u0163 al lumii.<\/p>\n<p style=\"text-align: justify;\">Mai multe \u015ftiri despre <a href=\"http:\/\/www.stiricrestine.ro\/?s=Familia+Bodnariu+\" target=\"_blank\"><strong>familia Bodnariu g\u0103si\u0163i AICI<\/strong><\/a>!<\/p>\n<p style=\"text-align: justify;\"><a href=\"http:\/\/www.stiricrestine.ro\/2016\/04\/19\/breaking-news-pozitia-comisarului-european-pentru-drepturile-omului-privind-cazul-bodnariu-la-apce\/\" target=\"_blank\"><strong>Sursa: \u015etiriCre\u015ftine.ro<\/strong><\/a><\/p>\n<p style=\"text-align: justify;\">\n","protected":false},"excerpt":{"rendered":"<p>Drama familiei Bodnariu r\u0103m\u00e2ne un subiect pe agenda Adun\u0103rii Parlamentare a Consiliului Europei (ACPE). \u00cen cadrul dezbaterilor din sesiunea de prim\u0103var\u0103 a APCE ce se desf\u0103\u015foar\u0103 \u00een perioada, 18-23 aprilie la Strasbourg, deputatul moldovean,&#46;&#46;&#46;<\/p>\n","protected":false},"author":2,"featured_media":13034,"comment_status":"open","ping_status":"open","sticky":false,"template":"","format":"standard","meta":{"footnotes":""},"categories":[513,22],"tags":[371,1499,1498,75],"class_list":["post-13030","post","type-post","status-publish","format-standard","has-post-thumbnail","hentry","category-nevoi-de-rugaciune","category-externe","tag-apce","tag-comisarul-european-pentru-drepturile-omului","tag-familia-bodnariu","tag-valeriu-ghiletchi"],"fimg_url":"https:\/\/baptist.org.md\/ro\/wp-content\/uploads\/ghiletchi_muiynieks-e1461500761477.jpg","views":3402,"_links":{"self":[{"href":"https:\/\/baptist.org.md\/ro\/index.php?rest_route=\/wp\/v2\/posts\/13030","targetHints":{"allow":["GET"]}}],"collection":[{"href":"https:\/\/baptist.org.md\/ro\/index.php?rest_route=\/wp\/v2\/posts"}],"about":[{"href":"https:\/\/baptist.org.md\/ro\/index.php?rest_route=\/wp\/v2\/types\/post"}],"author":[{"embeddable":true,"href":"https:\/\/baptist.org.md\/ro\/index.php?rest_route=\/wp\/v2\/users\/2"}],"replies":[{"embeddable":true,"href":"https:\/\/baptist.org.md\/ro\/index.php?rest_route=%2Fwp%2Fv2%2Fcomments&post=13030"}],"version-history":[{"count":3,"href":"https:\/\/baptist.org.md\/ro\/index.php?rest_route=\/wp\/v2\/posts\/13030\/revisions"}],"predecessor-version":[{"id":13035,"href":"https:\/\/baptist.org.md\/ro\/index.php?rest_route=\/wp\/v2\/posts\/13030\/revisions\/13035"}],"wp:featuredmedia":[{"embeddable":true,"href":"https:\/\/baptist.org.md\/ro\/index.php?rest_route=\/wp\/v2\/media\/13034"}],"wp:attachment":[{"href":"https:\/\/baptist.org.md\/ro\/index.php?rest_route=%2Fwp%2Fv2%2Fmedia&parent=13030"}],"wp:term":[{"taxonomy":"category","embeddable":true,"href":"https:\/\/baptist.org.md\/ro\/index.php?rest_route=%2Fwp%2Fv2%2Fcategories&post=13030"},{"taxonomy":"post_tag","embeddable":true,"href":"https:\/\/baptist.org.md\/ro\/index.php?rest_route=%2Fwp%2Fv2%2Ftags&post=13030"}],"curies":[{"name":"wp","href":"https:\/\/api.w.org\/{rel}","templated":true}]}}