{"id":13024,"date":"2016-04-06T15:13:57","date_gmt":"2016-04-06T12:13:57","guid":{"rendered":"http:\/\/baptist.org.md\/ro\/?p=13024"},"modified":"2016-05-21T18:22:43","modified_gmt":"2016-05-21T15:22:43","slug":"ziua-nationala-de-rugaciune-pentru-republica-irak","status":"publish","type":"post","link":"https:\/\/baptist.org.md\/ro\/?p=13024","title":{"rendered":"Ziua Na\u0163ional\u0103 de Rug\u0103ciune pentru Republica Irak"},"content":{"rendered":"<blockquote>\n<p style=\"text-align: right;\"><strong>Numele Oficial:<\/strong> Republica Irak<br \/>\n<strong>Capitala:<\/strong> Bagdad<br \/>\n<strong>Popula\u0163ie:<\/strong> 27.499.638<br \/>\n<strong>Suprafa\u0163\u0103:<\/strong> 438,317 km<br \/>\n<strong>Limba oficial\u0103:<\/strong> Arab\u0103 \u015fi Kurd\u0103<br \/>\n<strong>Religie:<\/strong> 95% \u00eemp\u0103rt\u0103\u015fesc islamul.<\/p>\n<\/blockquote>\n<p style=\"text-align: justify;\"><a href=\"http:\/\/baptist.org.md\/ro\/wp-content\/uploads\/sfaturi-de-calatorie-irak-199.jpg\"><img loading=\"lazy\" decoding=\"async\" class=\"alignright size-full wp-image-13027\" src=\"http:\/\/baptist.org.md\/ro\/wp-content\/uploads\/sfaturi-de-calatorie-irak-199.jpg\" alt=\"sfaturi-de-calatorie-irak-199\" width=\"700\" height=\"466\" srcset=\"https:\/\/baptist.org.md\/ro\/wp-content\/uploads\/sfaturi-de-calatorie-irak-199.jpg 700w, https:\/\/baptist.org.md\/ro\/wp-content\/uploads\/sfaturi-de-calatorie-irak-199-300x199.jpg 300w\" sizes=\"auto, (max-width: 700px) 100vw, 700px\" \/><\/a><\/p>\n<p style=\"text-align: justify;\">Potrivit raportului Organiza\u0163iei Interna\u0163ionale \u201eOpen Doors\u201d din 2014, Irak-ul ocup\u0103 locul 4 \u00een topul 50 cele mai persecutoare state din lume.<\/p>\n<p style=\"text-align: justify;\">Cre\u015ftinii alc\u0103tuiesc doar 3% din popula\u0163ia Irak-ului. Num\u0103rul cre\u015ftinilor poate ajunge p\u00e2n\u0103 la un milion de persoane. Doar c\u0103 dup\u0103 intensificarea ac\u0163iunilor violente din partea radicalilor islamici din 2003 \u00eencoace, mul\u0163i cre\u015ftini au fost for\u0163a\u0163i s\u0103 p\u0103r\u0103seasc\u0103 \u0163ara.<\/p>\n<p style=\"text-align: justify;\">Cea mai Biseric\u0103 Cre\u015ftin\u0103 din Irak este Biserica Catolic\u0103 Caldeic\u0103, format\u0103 \u00een 1551 de c\u0103tre autorit\u0103\u0163ile irakiene. Pe l\u00e2ng\u0103 biserica caldeean\u0103 sunt recunoscute alte trei Biserici Cre\u015ftine: Biserica Catolic\u0103 Sirian\u0103, Biserica Ortodox\u0103 Sirian\u0103 \u015fi Biserica Apostolic\u0103 Armean\u0103.<\/p>\n<p style=\"text-align: justify;\">Cre\u015ftinismul a ap\u0103rut pe teritoriul Irakului \u00eenc\u0103 \u00een perioada apostolic\u0103 a Bisericii Primare. Biserica cre\u015ftin\u0103 din Irak a fost salutat\u0103 prin scrisori de Apostolul Petru (1 Petru 5:13), iar \u00een predicare pe aceste teritorii a fost implicat Apostolul Toma.<\/p>\n<p style=\"text-align: justify;\">\u00cenainte de anul 2003, pe teritoriul Irakului locuiau aproximativ 1,5 milioane de cre\u015ftini, dar banditismul, atacurile permanente, crimele \u015fi discriminarea cre\u015ftinilor au condus la exodul cre\u015ftinilor din Irak. \u00cen iunie 2014, c\u00e2nd nordul Irakului a fost atacat de grupul terorist Statul Islamic din Irak \u015fi Levant, cople\u015fi\u0163i de team\u0103 \u015fi lovi\u0163i de focuri \u015fi persecu\u0163ie, cre\u015ftinii au l\u0103sat \u00een urm\u0103 cas\u0103 \u015fi mas\u0103. \u00cen ora\u015ful Mo\u015ful peste 45 de Biserici Cre\u015ftine au fost distruse, jefuite sau transformate \u00een moschei. Alte 11 biserici au fost complet mistuite de foc. \u00cen prezent, \u00een Erbil sunt 70 de mii de refugia\u0163i cre\u015ftini, iar cei mai mul\u0163i dintre ei sunt nevoi\u0163i s\u0103 doarm\u0103 pe str\u0103zi. \u00cen ora\u015ful Dohuc se ad\u0103postesc peste 60 de mii de refugia\u0163i. Mass-media raporteaz\u0103 c\u0103 militan\u0163ii ISIS regulat execut\u0103 copiii cre\u015ftinilor, femeile sunt supuse violen\u0163ei \u015fi violurilor.<\/p>\n<p style=\"text-align: justify;\">Potrivit rapoartelor misiunilor de caritate din Irak, refugia\u0163ii cre\u015ftini duc lips\u0103 acut\u0103 de ap\u0103, alimente \u015fi \u00eembr\u0103c\u0103minte, oamenii din taberele de refugia\u0163i au \u00eenceput s\u0103 moar\u0103 de foame \u015fi de sete. Ideologii Statului Islamic pun \u00een aplicare sarcina de a distruge sau a izgoni cu des\u0103v\u00e2r\u015fire cre\u015ftinii de pe teritoriile ocupate de ei.<\/p>\n<p style=\"text-align: justify;\"><strong>MOTIVE DE RUG\u0102CIUNE:<\/strong><br \/>\n&#8211; Pentru \u00eencetarea violen\u0163ei \u015fi \u00eennoirea dialogului politic pa\u015fnic \u00een Irak<br \/>\n&#8211; Salvarea vie\u0163ilor cre\u015ftinilor care au fost lua\u0163i prizonieri<br \/>\n&#8211; Pentru cre\u015ftinii \u00eencerca\u0163i din greu s\u0103 nu \u00ee\u015fi piard\u0103 credin\u0163a<br \/>\n&#8211; R\u0103sp\u00e2ndirea Evangheliei liber\u0103 \u00een Irak<\/p>\n","protected":false},"excerpt":{"rendered":"<p>Numele Oficial: Republica Irak Capitala: Bagdad Popula\u0163ie: 27.499.638 Suprafa\u0163\u0103: 438,317 km Limba oficial\u0103: Arab\u0103 \u015fi Kurd\u0103 Religie: 95% \u00eemp\u0103rt\u0103\u015fesc islamul. Potrivit raportului Organiza\u0163iei Interna\u0163ionale \u201eOpen Doors\u201d din 2014, Irak-ul ocup\u0103 locul 4 \u00een topul&#46;&#46;&#46;<\/p>\n","protected":false},"author":2,"featured_media":13027,"comment_status":"open","ping_status":"open","sticky":false,"template":"","format":"standard","meta":{"footnotes":""},"categories":[1083,2,513],"tags":[1359,1253,245,1497,188],"class_list":["post-13024","post","type-post","status-publish","format-standard","has-post-thumbnail","hentry","category-anuntul-evenimentelor","category-spiritualitate","category-nevoi-de-rugaciune","tag-biserica-persecutata","tag-irak","tag-mbm","tag-rugaciune-pentru-irak","tag-uniunea-baptista-din-moldova"],"fimg_url":"https:\/\/baptist.org.md\/ro\/wp-content\/uploads\/sfaturi-de-calatorie-irak-199.jpg","views":1940,"_links":{"self":[{"href":"https:\/\/baptist.org.md\/ro\/index.php?rest_route=\/wp\/v2\/posts\/13024","targetHints":{"allow":["GET"]}}],"collection":[{"href":"https:\/\/baptist.org.md\/ro\/index.php?rest_route=\/wp\/v2\/posts"}],"about":[{"href":"https:\/\/baptist.org.md\/ro\/index.php?rest_route=\/wp\/v2\/types\/post"}],"author":[{"embeddable":true,"href":"https:\/\/baptist.org.md\/ro\/index.php?rest_route=\/wp\/v2\/users\/2"}],"replies":[{"embeddable":true,"href":"https:\/\/baptist.org.md\/ro\/index.php?rest_route=%2Fwp%2Fv2%2Fcomments&post=13024"}],"version-history":[{"count":3,"href":"https:\/\/baptist.org.md\/ro\/index.php?rest_route=\/wp\/v2\/posts\/13024\/revisions"}],"predecessor-version":[{"id":13028,"href":"https:\/\/baptist.org.md\/ro\/index.php?rest_route=\/wp\/v2\/posts\/13024\/revisions\/13028"}],"wp:featuredmedia":[{"embeddable":true,"href":"https:\/\/baptist.org.md\/ro\/index.php?rest_route=\/wp\/v2\/media\/13027"}],"wp:attachment":[{"href":"https:\/\/baptist.org.md\/ro\/index.php?rest_route=%2Fwp%2Fv2%2Fmedia&parent=13024"}],"wp:term":[{"taxonomy":"category","embeddable":true,"href":"https:\/\/baptist.org.md\/ro\/index.php?rest_route=%2Fwp%2Fv2%2Fcategories&post=13024"},{"taxonomy":"post_tag","embeddable":true,"href":"https:\/\/baptist.org.md\/ro\/index.php?rest_route=%2Fwp%2Fv2%2Ftags&post=13024"}],"curies":[{"name":"wp","href":"https:\/\/api.w.org\/{rel}","templated":true}]}}