{"id":12989,"date":"2016-03-17T17:44:54","date_gmt":"2016-03-17T15:44:54","guid":{"rendered":"http:\/\/baptist.org.md\/ro\/?p=12989"},"modified":"2016-04-24T15:18:29","modified_gmt":"2016-04-24T12:18:29","slug":"victorie-pentru-demnitatea-umana-apce-a-respins-raportul-privind-mamele-surogat","status":"publish","type":"post","link":"https:\/\/baptist.org.md\/ro\/?p=12989","title":{"rendered":"&#8220;Victorie pentru demnitatea uman\u0103&#8221; &#8211; APCE a respins raportul privind mamele surogat"},"content":{"rendered":"<p><a href=\"http:\/\/baptist.org.md\/ro\/wp-content\/uploads\/IMG_7585.jpg\"><img loading=\"lazy\" decoding=\"async\" class=\"size-full wp-image-12993 aligncenter\" src=\"http:\/\/baptist.org.md\/ro\/wp-content\/uploads\/IMG_7585.jpg\" alt=\"IMG_7585\" width=\"800\" height=\"600\" srcset=\"https:\/\/baptist.org.md\/ro\/wp-content\/uploads\/IMG_7585.jpg 800w, https:\/\/baptist.org.md\/ro\/wp-content\/uploads\/IMG_7585-300x225.jpg 300w\" sizes=\"auto, (max-width: 800px) 100vw, 800px\" \/><\/a><\/p>\n<p style=\"text-align: justify;\">O nou\u0103 victorie istoric\u0103 la APCE. Cu o diferen\u0163\u0103 de un singur vot, deputa\u0163ii promotori ai valorilor morale, inclusiv doi cre\u015ftini evanghelici din Rom\u00e2nia \u015fi Republica Moldova, au c\u00e2\u015ftigat o lupt\u0103 dificil\u0103 \u00een cadrul dezbaterilor raportului privind mamele surogat.<\/p>\n<p style=\"text-align: justify;\">Raportul cu titlul: <strong>\u201eHuman rights and the ethical issues related to surrogacy \u2013 Drepturile omului \u015fi aspectele etice legate de surogat\u201d <\/strong>avea drept scop cercetarea practicii europene \u00een domeniul surogatului \u015fi combaterea traficului de maternitate. Mo\u021biunea care a stat la baza raportului a fost \u00eenregistrat\u0103 \u00een 2014 la ini\u0163iativa pre\u015fedintelui Comisiei Afaceri Sociale \u015fi Dezvoltare Durabil\u0103 APCE de atunci, Valeriu Ghile\u0163chi. Din p\u0103cate \u00eens\u0103, raportul a fost elaborat de un raportor, care \u00eemp\u0103rt\u0103\u0219ea o alt\u0103 viziune asupra surogatului.<\/p>\n<p style=\"text-align: justify;\">Raportorul principal a fost o poltician\u0103 socialist\u0103 din Belgia, cunoscut\u0103 ca fiind militant\u0103 a comunit\u0103\u0163ii LGBT, o persoan\u0103 transgender, Dr. Petra De Sutter. \u00cen cadrul elabor\u0103rii raportului, Dna De Sutter a pus accent pe legalizarea a\u0219a numitului &#8220;surogat altruist&#8221;. Acceptarea acestui concept ar fi deschis larg u\u0219a pentru practicarea surogatului, deoarece este extrem de dificil s\u0103 se fac\u0103 diferen\u021b\u0103 \u00eentre surogatul altruist \u0219i cel comercial.<\/p>\n<p style=\"text-align: justify;\">Lupta pentru victorie a fost lung\u0103 \u015fi a inclus mai multe evenimente. \u00cen cadrul sesiunii de prim\u0103var\u0103 APCE din 2015, s-au organizat audieri sub egida: <a href=\"http:\/\/ghiletchi.pldm.md\/2015\/04\/29\/audieri-in-cadrul-apce-nu-traficului-de-maternitate\/\" target=\"_blank\"><strong>\u201eNo Maternity Traffic &#8211; Nu traficului de maternitate\u201d.<\/strong> <\/a>Audierile desf\u0103\u015furate \u00een 22 aprilie 2015 au pus \u00een dezbateri aspectul comercial al surogatului. Dezbaterile au scos \u00een eviden\u0163\u0103 mai multe probleme de ordin moral \u00een practica surogatului. A fost subliniat faptul ca scopul \u00eenregistr\u0103rii acestei mo\u0163iuni a fost elaborarea unei rezolu\u0163ii care s\u0103 apere femeile de exploatare \u015fi s\u0103 nu permit\u0103 transformarea copiilor \u00een obiect comercial.<\/p>\n<p style=\"text-align: justify;\">La sesiunea din iarn\u0103 din acest an s-a \u00eencercat schimbarea raportorului pe motiv de conflict de interese, av\u00e2nd \u00een vedere faptul c\u0103 Dr. De Sutter conduce un departament dintr-o clinic\u0103 din Belgia, care practic\u0103 surogatul. Dar nu s-a reu\u0219it, \u00een mare parte din cauza lipsei unei proceduri clare \u00een regulamentul APCE \u0219i confuzia creat\u0103 de noul pre\u0219edinte al comisiei, Dna Stella Kiryakides, deputat PPE din Cipru.<\/p>\n<p style=\"text-align: justify;\">Lupta a continuat cu o serie de ac\u0163iuni, \u00een care au fost mobilizate mai multe ONG-uri cre\u015ftine, dar \u015fi organiza\u0163ii feministe. Demersurile lor, asisten\u0163a \u015fi expertiza necesar\u0103 acordat\u0103 deputa\u021bilor a fost de mare ajutor.<\/p>\n<p style=\"text-align: justify;\"><a href=\"http:\/\/baptist.org.md\/ro\/wp-content\/uploads\/IMG_7656.jpg\"><img loading=\"lazy\" decoding=\"async\" class=\"aligncenter wp-image-12997 size-full\" src=\"http:\/\/baptist.org.md\/ro\/wp-content\/uploads\/IMG_7656.jpg\" alt=\"IMG_7656\" width=\"800\" height=\"600\" srcset=\"https:\/\/baptist.org.md\/ro\/wp-content\/uploads\/IMG_7656.jpg 800w, https:\/\/baptist.org.md\/ro\/wp-content\/uploads\/IMG_7656-300x225.jpg 300w\" sizes=\"auto, (max-width: 800px) 100vw, 800px\" \/><\/a><\/p>\n<p style=\"text-align: justify;\">B\u0103t\u0103lia final\u0103 s-a dat pe 15 martie in cadrul Comisiei Afaceri Sociale \u0219i a durat peste trei ore. \u0218edin\u021ba a decurs cu dezbateri aprinse \u015fi cu proteste vocale la u\u015fa sediului Consiliului Europei din Paris. La un moment dat, b\u0103t\u0103lia p\u0103rea pierdut\u0103 pentru c\u0103 noul pre\u015fedinte al Comisiei Afaceri Sociale \u015fi Dezvoltare Durabil\u0103, de fiecare dat\u0103 c\u00e2nd era paritate de voturi, decidea \u00een favoare Dnei De Sutter. Votul final, \u00eens\u0103, a fost unul victorios.<\/p>\n<p style=\"text-align: justify;\">Cu emo\u0163ii de bucurie, deputa\u021bii cre\u015ftini la APCE au\u00a0 \u00eemp\u0103rt\u0103\u015fit urm\u0103toarele: &#8220;O lupt\u0103 foarte grea, dar care s-a \u00eencununat cu o victorie frumoas\u0103. \u00cen urm\u0103 unor dezbateri fierbin\u021bi, am reu\u015fit \u00eempreun\u0103 cu al\u021bi colegi s\u0103 convingem Comisia Afaceri Sociale, APCE, s\u0103 resping\u0103 \u00een final controversatul raport cu privire la mamele surogat, care propunea propriu-zis legalizarea surogatului. Cu diferen\u021ba de un singur vot, am ob\u021binut aceast\u0103 victorie. Rug\u0103ciunile multora \u015fi protestele de azi diminea\u021b\u0103 din fa\u021ba sediului Consiliului Europei au fost din plin r\u0103spl\u0103tite. Cred c\u0103 este o victorie foarte important\u0103. Dac\u0103 nu gre\u015fesc, este pentru prima oar\u0103 \u00een istoria APCE, c\u00e2nd un raport este respins \u00een comisia de fond&#8221;, a declarat deputatul moldovean, Valeriu Ghile\u0163chi.<\/p>\n<p style=\"text-align: justify;\"><img loading=\"lazy\" decoding=\"async\" class=\"aligncenter wp-image-12995 size-full\" src=\"http:\/\/baptist.org.md\/ro\/wp-content\/uploads\/IMG_7606.jpg\" alt=\"IMG_7606\" width=\"800\" height=\"600\" srcset=\"https:\/\/baptist.org.md\/ro\/wp-content\/uploads\/IMG_7606.jpg 800w, https:\/\/baptist.org.md\/ro\/wp-content\/uploads\/IMG_7606-300x225.jpg 300w\" sizes=\"auto, (max-width: 800px) 100vw, 800px\" \/><\/p>\n<p style=\"text-align: justify;\">&#8220;Azi am c\u00e2\u015ftigat o mare b\u0103t\u0103lie. La \u015fedin\u0163a comisiei ce a dezb\u0103tut proiectul &#8220;mamei surogat&#8221;, dup\u0103 ce luni bune ne certam \u00een \u00eencercarea de a ar\u0103ta conflictul de interese a raportoarei Dr. Sutter &#8211; ce practic\u0103 acest lucru \u00een Belgia \/India; dup\u0103 ce am reu\u015fit s\u0103 am\u00e2n\u0103m, s\u0103 cerem respingere etc., azi am fost nevoi\u0163i s\u0103 ajungem la discutarea raportului pe fond. De diminea\u0163\u0103 au fost \u00een fa\u0163a Consiliului Europei proteste cu sute de oameni \u00een sus\u0163inerea noastr\u0103. Plin de poli\u0163ie. Nici metroul nu a oprit la sta\u0163ia din apropiere, fiind blocat\u0103 de poli\u0163ie. Am preg\u0103tit toata strategia, amendamente \u015fi am discutat ce face fiecare. Pe majoritatea articolelor am fost la paritate, iar decizia a fost a pre\u015fedintei comisiei care a votat \u00eempotriva noastr\u0103 (de\u015fi era cipriota \u015fi din grupul PPE!). Totul se juca la limit\u0103, a\u015fa c\u0103 doar o parte am reu\u015fit s\u0103 c\u00e2\u015ftig\u0103m. La final Dumnezeu a f\u0103cut o minune: 15 voturi pentru sus\u0163inerea raportului, iar 16 pentru respingerea lui \u00een totalitate! Slava Domnului!&#8221;, a declarat membrul delega\u0163iei Rom\u00e2niei la APCE, Ben-Oni Ardelean.<\/p>\n<p style=\"text-align: justify;\">\u201eVictorie pentru demnitatea uman\u0103\u201d, \u201eDezbateri fierbin\u0163i \u00een Comisia Afaceri Sociale \u015fi Dezvoltare Durabil\u0103 APCE\u201d, \u201eConsiliul Europei pichetat de organiza\u0163iile feministe\u201d sunt titluri care au titrat presa interna\u0163ional\u0103.<\/p>\n\n\t\t<style type=\"text\/css\">\n\t\t\t#gallery-1 {\n\t\t\t\tmargin: auto;\n\t\t\t}\n\t\t\t#gallery-1 .gallery-item {\n\t\t\t\tfloat: left;\n\t\t\t\tmargin-top: 10px;\n\t\t\t\ttext-align: center;\n\t\t\t\twidth: 33%;\n\t\t\t}\n\t\t\t#gallery-1 img {\n\t\t\t\tborder: 2px solid #cfcfcf;\n\t\t\t}\n\t\t\t#gallery-1 .gallery-caption {\n\t\t\t\tmargin-left: 0;\n\t\t\t}\n\t\t\t\/* see gallery_shortcode() in wp-includes\/media.php *\/\n\t\t<\/style>\n\t\t<div id='gallery-1' class='gallery galleryid-12989 gallery-columns-3 gallery-size-thumbnail'><dl class='gallery-item'>\n\t\t\t<dt class='gallery-icon landscape'>\n\t\t\t\t<a href='https:\/\/baptist.org.md\/ro\/?attachment_id=12994'><img loading=\"lazy\" decoding=\"async\" width=\"150\" height=\"150\" src=\"https:\/\/baptist.org.md\/ro\/wp-content\/uploads\/IMG_7594-150x150.jpg\" class=\"attachment-thumbnail size-thumbnail\" alt=\"\" srcset=\"https:\/\/baptist.org.md\/ro\/wp-content\/uploads\/IMG_7594-150x150.jpg 150w, https:\/\/baptist.org.md\/ro\/wp-content\/uploads\/IMG_7594-160x160.jpg 160w\" sizes=\"auto, (max-width: 150px) 100vw, 150px\" \/><\/a>\n\t\t\t<\/dt><\/dl><dl class='gallery-item'>\n\t\t\t<dt class='gallery-icon landscape'>\n\t\t\t\t<a href='https:\/\/baptist.org.md\/ro\/?attachment_id=12996'><img loading=\"lazy\" decoding=\"async\" width=\"150\" height=\"150\" src=\"https:\/\/baptist.org.md\/ro\/wp-content\/uploads\/IMG_7619-150x150.jpg\" class=\"attachment-thumbnail size-thumbnail\" alt=\"\" srcset=\"https:\/\/baptist.org.md\/ro\/wp-content\/uploads\/IMG_7619-150x150.jpg 150w, https:\/\/baptist.org.md\/ro\/wp-content\/uploads\/IMG_7619-160x160.jpg 160w\" sizes=\"auto, (max-width: 150px) 100vw, 150px\" \/><\/a>\n\t\t\t<\/dt><\/dl><dl class='gallery-item'>\n\t\t\t<dt class='gallery-icon landscape'>\n\t\t\t\t<a href='https:\/\/baptist.org.md\/ro\/?attachment_id=12998'><img loading=\"lazy\" decoding=\"async\" width=\"150\" height=\"150\" src=\"https:\/\/baptist.org.md\/ro\/wp-content\/uploads\/IMG_7524-150x150.jpg\" class=\"attachment-thumbnail size-thumbnail\" alt=\"\" srcset=\"https:\/\/baptist.org.md\/ro\/wp-content\/uploads\/IMG_7524-150x150.jpg 150w, https:\/\/baptist.org.md\/ro\/wp-content\/uploads\/IMG_7524-160x160.jpg 160w\" sizes=\"auto, (max-width: 150px) 100vw, 150px\" \/><\/a>\n\t\t\t<\/dt><\/dl><br style=\"clear: both\" \/>\n\t\t<\/div>\n\n","protected":false},"excerpt":{"rendered":"<p>O nou\u0103 victorie istoric\u0103 la APCE. Cu o diferen\u0163\u0103 de un singur vot, deputa\u0163ii promotori ai valorilor morale, inclusiv doi cre\u015ftini evanghelici din Rom\u00e2nia \u015fi Republica Moldova, au c\u00e2\u015ftigat o lupt\u0103 dificil\u0103 \u00een cadrul&#46;&#46;&#46;<\/p>\n","protected":false},"author":2,"featured_media":12993,"comment_status":"open","ping_status":"open","sticky":false,"template":"","format":"standard","meta":{"footnotes":""},"categories":[2,22],"tags":[371,1244,892,75],"class_list":["post-12989","post","type-post","status-publish","format-standard","has-post-thumbnail","hentry","category-spiritualitate","category-externe","tag-apce","tag-mamele-surogat","tag-senatorul-ben-oni-ardelean","tag-valeriu-ghiletchi"],"fimg_url":"https:\/\/baptist.org.md\/ro\/wp-content\/uploads\/IMG_7585.jpg","views":2453,"_links":{"self":[{"href":"https:\/\/baptist.org.md\/ro\/index.php?rest_route=\/wp\/v2\/posts\/12989","targetHints":{"allow":["GET"]}}],"collection":[{"href":"https:\/\/baptist.org.md\/ro\/index.php?rest_route=\/wp\/v2\/posts"}],"about":[{"href":"https:\/\/baptist.org.md\/ro\/index.php?rest_route=\/wp\/v2\/types\/post"}],"author":[{"embeddable":true,"href":"https:\/\/baptist.org.md\/ro\/index.php?rest_route=\/wp\/v2\/users\/2"}],"replies":[{"embeddable":true,"href":"https:\/\/baptist.org.md\/ro\/index.php?rest_route=%2Fwp%2Fv2%2Fcomments&post=12989"}],"version-history":[{"count":5,"href":"https:\/\/baptist.org.md\/ro\/index.php?rest_route=\/wp\/v2\/posts\/12989\/revisions"}],"predecessor-version":[{"id":13000,"href":"https:\/\/baptist.org.md\/ro\/index.php?rest_route=\/wp\/v2\/posts\/12989\/revisions\/13000"}],"wp:featuredmedia":[{"embeddable":true,"href":"https:\/\/baptist.org.md\/ro\/index.php?rest_route=\/wp\/v2\/media\/12993"}],"wp:attachment":[{"href":"https:\/\/baptist.org.md\/ro\/index.php?rest_route=%2Fwp%2Fv2%2Fmedia&parent=12989"}],"wp:term":[{"taxonomy":"category","embeddable":true,"href":"https:\/\/baptist.org.md\/ro\/index.php?rest_route=%2Fwp%2Fv2%2Fcategories&post=12989"},{"taxonomy":"post_tag","embeddable":true,"href":"https:\/\/baptist.org.md\/ro\/index.php?rest_route=%2Fwp%2Fv2%2Ftags&post=12989"}],"curies":[{"name":"wp","href":"https:\/\/api.w.org\/{rel}","templated":true}]}}