{"id":12513,"date":"2016-01-01T21:22:40","date_gmt":"2016-01-01T19:22:40","guid":{"rendered":"http:\/\/baptist.org.md\/ro\/?p=12513"},"modified":"2016-01-02T00:40:53","modified_gmt":"2016-01-01T22:40:53","slug":"agenda-2016-anul-dedicarii-si-credinciosiei-lui-dumnezeu","status":"publish","type":"post","link":"https:\/\/baptist.org.md\/ro\/?p=12513","title":{"rendered":"Agenda 2016 &#8211; ANUL Dedic\u0103rii \u015fi Credincio\u015fiei lui Dumnezeu"},"content":{"rendered":"<p style=\"text-align: justify;\">Dup\u0103 o <a href=\"http:\/\/baptist.org.md\/ro\/?cat=464\" target=\"_blank\"><strong>#\u00cennoireaSpiritual\u01032015<\/strong><\/a> Uniunea Bisericilor Cre\u015ftine Evanghelice Baptiste (UBCEB) dedic\u0103 &#8220;<strong>Anul 2016 &#8211; Dedic\u0103rii \u015fi Credincio\u015fiei lui Dumnezeu&#8221;<\/strong>. \u00cen urm\u0103toarele 365 de zile vom exersa dedicarea \u015fi credincio\u015fia fa\u0163\u0103 de CEL care a \u00eeng\u0103duit s\u0103 p\u0103\u015fim \u00eentr-un nou an.<\/p>\n<p style=\"text-align: justify;\"><a href=\"http:\/\/baptist.org.md\/ro\/wp-content\/uploads\/Agenda-2016-1.jpg\"><img loading=\"lazy\" decoding=\"async\" class=\"aligncenter wp-image-12542 size-large\" src=\"http:\/\/baptist.org.md\/ro\/wp-content\/uploads\/Agenda-2016-1-718x1024.jpg\" alt=\"Agenda 2016 (1)\" width=\"718\" height=\"1024\" srcset=\"https:\/\/baptist.org.md\/ro\/wp-content\/uploads\/Agenda-2016-1-718x1024.jpg 718w, https:\/\/baptist.org.md\/ro\/wp-content\/uploads\/Agenda-2016-1-210x300.jpg 210w, https:\/\/baptist.org.md\/ro\/wp-content\/uploads\/Agenda-2016-1.jpg 974w\" sizes=\"auto, (max-width: 718px) 100vw, 718px\" \/><\/a><\/p>\n<p style=\"text-align: justify;\">Pe agenda 2016 cu aceast\u0103 tematic\u0103, conducerea UBCEB a planificat o serie de evenimente care au drept scop motivarea \u015fi \u00eencurajarea diverselor categorii de slujitori \u00een ogorul Evangheliei.<\/p>\n<p style=\"text-align: justify;\"><strong>Printre acestea se num\u0103r\u0103:<\/strong><\/p>\n<p style=\"text-align: justify;\">&#8211; Conferin\u0163a Na\u0163ional\u0103 de Tineret &#8211; martie 2016,<\/p>\n<p style=\"text-align: justify;\">&#8211; Conferin\u0163\u0103 pentru diaconi \u015fi so\u0163iile lor &#8211; 1 aprilie 2016,<\/p>\n<p style=\"text-align: justify;\">&#8211; Conferin\u0163\u0103 pentru contabilii Bisericilor.<\/p>\n<p style=\"text-align: justify;\">&#8211; Evangheliz\u0103ri regionale \u015fi tradi\u0163ionalele Conferin\u0163e Pastorale.<\/p>\n<p style=\"text-align: justify;\">Pe l\u00e2ng\u0103 evenimentele care vor marca o premier\u0103, Bisericile Baptiste revin la <strong>Zilele Na\u0163ionale de Rug\u0103ciune<\/strong> lunare pentru \u0163\u0103rile lumii. Fiecare a doua duminic\u0103 din lun\u0103 va fi dedicat\u0103 mijlocirii pentru o \u0163ar\u0103 lovit\u0103 de persecu\u0163ii, tensiuni militare sau atacuri teroriste. Programul de rug\u0103ciune pentru \u0163\u0103rile lumii \u00een care este nevoie de pacea lui Dumnezeu, a fost inclus \u00een Agenda cu planul de citire al Bibliei pentru 2016, iar lunar \u00eel ve\u0163i putea g\u0103si la pagina <a href=\"http:\/\/baptist.org.md\/ro\/?page_id=1826\" target=\"_blank\"><strong>\u015etafeta Rug\u0103ciunii<\/strong><\/a>.<\/p>\n<p style=\"text-align: justify;\">Firul ro\u015fu care leag\u0103 cele 12 pagini principale ale Agendei 2016 prezint\u0103 ideea Vi\u0163ei \u015fi a ml\u0103di\u0163elor din Evanghelia \u00cemp\u0103r\u0103\u0163iei, iar \u00een final, punctul culminat este rodul pe care trebuie s\u0103 \u00eel aduc\u0103 fiecare cre\u015ftin care r\u0103m\u00e2ne \u00een Vi\u0163\u0103. V\u0103 \u00eendemn\u0103m s\u0103 face\u0163i rost de aceast\u0103 agend\u0103 \u015fi s\u0103 beneficia\u0163i de toate datele informa\u0163ionale \u015fi ziditoare plasate pentru fiecare dintre noi cu scopul de a s\u0103di \u00een noi dedicare \u015fi credincio\u015fie \u00een alergarea noastr\u0103 zilnic\u0103.<\/p>\n<p style=\"text-align: justify;\"><img loading=\"lazy\" decoding=\"async\" class=\"aligncenter wp-image-12543 size-large\" src=\"http:\/\/baptist.org.md\/ro\/wp-content\/uploads\/Agenda-2016-2-719x1024.jpg\" alt=\"Agenda 2016 (2)\" width=\"719\" height=\"1024\" srcset=\"https:\/\/baptist.org.md\/ro\/wp-content\/uploads\/Agenda-2016-2-719x1024.jpg 719w, https:\/\/baptist.org.md\/ro\/wp-content\/uploads\/Agenda-2016-2-210x300.jpg 210w, https:\/\/baptist.org.md\/ro\/wp-content\/uploads\/Agenda-2016-2.jpg 975w\" sizes=\"auto, (max-width: 719px) 100vw, 719px\" \/><\/p>\n<p style=\"text-align: justify;\">Cu mai multe detalii din Agenda 2016 vom reveni pe parcurs, p\u00e2n\u0103 atunci v\u0103 invit\u0103m la PRIMUL eveniment tradi\u0163ional al Anului &#8211; <a href=\"http:\/\/baptist.org.md\/ro\/?p=12506\" target=\"_blank\"><strong>S\u0103pt\u0103m\u00e2na de Rug\u0103ciune 2015! CLICK pentru DETALII!<\/strong><\/a><\/p>\n<p style=\"text-align: justify;\">\n","protected":false},"excerpt":{"rendered":"<p>Dup\u0103 o #\u00cennoireaSpiritual\u01032015 Uniunea Bisericilor Cre\u015ftine Evanghelice Baptiste (UBCEB) dedic\u0103 &#8220;Anul 2016 &#8211; Dedic\u0103rii \u015fi Credincio\u015fiei lui Dumnezeu&#8221;. \u00cen urm\u0103toarele 365 de zile vom exersa dedicarea \u015fi credincio\u015fia fa\u0163\u0103 de CEL care a \u00eeng\u0103duit&#46;&#46;&#46;<\/p>\n","protected":false},"author":2,"featured_media":12544,"comment_status":"open","ping_status":"open","sticky":false,"template":"","format":"standard","meta":{"footnotes":""},"categories":[1083,77,23],"tags":[1393,1392,1391,1394,114],"class_list":["post-12513","post","type-post","status-publish","format-standard","has-post-thumbnail","hentry","category-anuntul-evenimentelor","category-slides","category-interne","tag-anul-2016","tag-anul-credinciosii","tag-anul-dedicarii","tag-tematica-2016","tag-uniunea-baptista"],"fimg_url":"https:\/\/baptist.org.md\/ro\/wp-content\/uploads\/Agenda-2016_postersite.jpg","views":3195,"_links":{"self":[{"href":"https:\/\/baptist.org.md\/ro\/index.php?rest_route=\/wp\/v2\/posts\/12513","targetHints":{"allow":["GET"]}}],"collection":[{"href":"https:\/\/baptist.org.md\/ro\/index.php?rest_route=\/wp\/v2\/posts"}],"about":[{"href":"https:\/\/baptist.org.md\/ro\/index.php?rest_route=\/wp\/v2\/types\/post"}],"author":[{"embeddable":true,"href":"https:\/\/baptist.org.md\/ro\/index.php?rest_route=\/wp\/v2\/users\/2"}],"replies":[{"embeddable":true,"href":"https:\/\/baptist.org.md\/ro\/index.php?rest_route=%2Fwp%2Fv2%2Fcomments&post=12513"}],"version-history":[{"count":16,"href":"https:\/\/baptist.org.md\/ro\/index.php?rest_route=\/wp\/v2\/posts\/12513\/revisions"}],"predecessor-version":[{"id":12548,"href":"https:\/\/baptist.org.md\/ro\/index.php?rest_route=\/wp\/v2\/posts\/12513\/revisions\/12548"}],"wp:featuredmedia":[{"embeddable":true,"href":"https:\/\/baptist.org.md\/ro\/index.php?rest_route=\/wp\/v2\/media\/12544"}],"wp:attachment":[{"href":"https:\/\/baptist.org.md\/ro\/index.php?rest_route=%2Fwp%2Fv2%2Fmedia&parent=12513"}],"wp:term":[{"taxonomy":"category","embeddable":true,"href":"https:\/\/baptist.org.md\/ro\/index.php?rest_route=%2Fwp%2Fv2%2Fcategories&post=12513"},{"taxonomy":"post_tag","embeddable":true,"href":"https:\/\/baptist.org.md\/ro\/index.php?rest_route=%2Fwp%2Fv2%2Ftags&post=12513"}],"curies":[{"name":"wp","href":"https:\/\/api.w.org\/{rel}","templated":true}]}}