{"id":12371,"date":"2015-10-25T13:32:58","date_gmt":"2015-10-25T11:32:58","guid":{"rendered":"http:\/\/baptist.org.md\/ro\/?p=12371"},"modified":"2016-01-01T18:23:32","modified_gmt":"2016-01-01T16:23:32","slug":"reportaj-video-de-la-ziua-multumirii-2015","status":"publish","type":"post","link":"https:\/\/baptist.org.md\/ro\/?p=12371","title":{"rendered":"REPORTAJ VIDEO de la Ziua Mul\u0163umirii 2015"},"content":{"rendered":"<p style=\"text-align: justify;\"><a href=\"http:\/\/baptist.org.md\/ro\/wp-content\/uploads\/PoEEkRnGthzUmYXcv06VwAWs_RC_StbOUfXorzW3uTg.jpg\"><img loading=\"lazy\" decoding=\"async\" class=\"aligncenter wp-image-12374 size-large\" src=\"http:\/\/baptist.org.md\/ro\/wp-content\/uploads\/PoEEkRnGthzUmYXcv06VwAWs_RC_StbOUfXorzW3uTg-1024x682.jpg\" alt=\"PoEEkRnGthzUmYXcv06VwAWs_RC_StbOUfXorzW3uTg\" width=\"720\" height=\"479\" \/><\/a><\/p>\n<p style=\"text-align: justify;\">\u00cen perioada, 17-18 noiembrie 2015, Uniunea Bisericilor Cre\u015ftine Evanghelice Baptiste din Republica Moldova a s\u0103rb\u0103torit Ziua Mul\u0163umirii 2015 la Manejul Sportiv din Chi\u015fin\u0103u. La marea s\u0103rb\u0103toare au participat peste 3000 de persoane. Timp de dou\u0103 seri, arena de la Manej s-a transformat \u00eentr-un loc de \u00eenchinare \u015fi glorificare a Dumnezeului Prea \u00cenalt.<\/p>\n<p style=\"text-align: justify;\">Invita\u0163ii de onoare ai s\u0103rb\u0103torii au fost: evanghelistul Sammy Tippit, interpre\u0163ii: Marin Pavliuc, Alexandr Popov, Costel Macari, corul unit \u015fi trupa Not an Idol.<\/p>\n<p style=\"text-align: justify;\"><iframe loading=\"lazy\" src=\"https:\/\/www.youtube.com\/embed\/BB7miAufHBU\" width=\"720\" height=\"480\" frameborder=\"0\" allowfullscreen=\"allowfullscreen\"><\/iframe><\/p>\n<p style=\"text-align: justify;\"><a href=\"https:\/\/www.youtube.com\/channel\/UCeW3HzRTA7XNuq5w_JRX0ow\" target=\"_blank\"><strong>Sursa: Moldova Cre\u015ftin\u0103 TV<\/strong><\/a><\/p>\n","protected":false},"excerpt":{"rendered":"<p>\u00cen perioada, 17-18 noiembrie 2015, Uniunea Bisericilor Cre\u015ftine Evanghelice Baptiste din Republica Moldova a s\u0103rb\u0103torit Ziua Mul\u0163umirii 2015 la Manejul Sportiv din Chi\u015fin\u0103u. La marea s\u0103rb\u0103toare au participat peste 3000 de persoane. Timp de&#46;&#46;&#46;<\/p>\n","protected":false},"author":2,"featured_media":12374,"comment_status":"closed","ping_status":"closed","sticky":false,"template":"","format":"standard","meta":{"footnotes":""},"categories":[464,77,23,28],"tags":[179,1319,388,1343,171],"class_list":["post-12371","post","type-post","status-publish","format-standard","has-post-thumbnail","hentry","category-anul-innoirii-spirituale","category-slides","category-interne","category-video","tag-evanghelizare","tag-manejul-sportiv","tag-moldova-crestina","tag-reportaj-video","tag-ziua-multumirii"],"fimg_url":"https:\/\/baptist.org.md\/ro\/wp-content\/uploads\/PoEEkRnGthzUmYXcv06VwAWs_RC_StbOUfXorzW3uTg-e1451665380394.jpg","views":1952,"_links":{"self":[{"href":"https:\/\/baptist.org.md\/ro\/index.php?rest_route=\/wp\/v2\/posts\/12371","targetHints":{"allow":["GET"]}}],"collection":[{"href":"https:\/\/baptist.org.md\/ro\/index.php?rest_route=\/wp\/v2\/posts"}],"about":[{"href":"https:\/\/baptist.org.md\/ro\/index.php?rest_route=\/wp\/v2\/types\/post"}],"author":[{"embeddable":true,"href":"https:\/\/baptist.org.md\/ro\/index.php?rest_route=\/wp\/v2\/users\/2"}],"replies":[{"embeddable":true,"href":"https:\/\/baptist.org.md\/ro\/index.php?rest_route=%2Fwp%2Fv2%2Fcomments&post=12371"}],"version-history":[{"count":4,"href":"https:\/\/baptist.org.md\/ro\/index.php?rest_route=\/wp\/v2\/posts\/12371\/revisions"}],"predecessor-version":[{"id":12540,"href":"https:\/\/baptist.org.md\/ro\/index.php?rest_route=\/wp\/v2\/posts\/12371\/revisions\/12540"}],"wp:featuredmedia":[{"embeddable":true,"href":"https:\/\/baptist.org.md\/ro\/index.php?rest_route=\/wp\/v2\/media\/12374"}],"wp:attachment":[{"href":"https:\/\/baptist.org.md\/ro\/index.php?rest_route=%2Fwp%2Fv2%2Fmedia&parent=12371"}],"wp:term":[{"taxonomy":"category","embeddable":true,"href":"https:\/\/baptist.org.md\/ro\/index.php?rest_route=%2Fwp%2Fv2%2Fcategories&post=12371"},{"taxonomy":"post_tag","embeddable":true,"href":"https:\/\/baptist.org.md\/ro\/index.php?rest_route=%2Fwp%2Fv2%2Ftags&post=12371"}],"curies":[{"name":"wp","href":"https:\/\/api.w.org\/{rel}","templated":true}]}}