{"id":12182,"date":"2015-10-12T11:11:57","date_gmt":"2015-10-12T08:11:57","guid":{"rendered":"http:\/\/baptist.org.md\/ro\/?p=12182"},"modified":"2015-10-12T11:23:29","modified_gmt":"2015-10-12T08:23:29","slug":"conferinta-pastorala-innoirea-spirituala-in-viata-de-rugaciune-a-slujitorului","status":"publish","type":"post","link":"https:\/\/baptist.org.md\/ro\/?p=12182","title":{"rendered":"Conferin\u0163a Pastoral\u0103: &#8220;\u00cennoirea Spiritual\u0103 \u00een via\u0163a de rug\u0103ciune a slujitorului&#8221;"},"content":{"rendered":"<p style=\"text-align: justify;\"><a href=\"http:\/\/baptist.org.md\/ro\/wp-content\/uploads\/praying-hands.jpg\"><img loading=\"lazy\" decoding=\"async\" class=\"alignleft wp-image-12186 size-large\" src=\"http:\/\/baptist.org.md\/ro\/wp-content\/uploads\/praying-hands-1024x682.jpg\" alt=\"praying-hands\" width=\"720\" height=\"479\" srcset=\"https:\/\/baptist.org.md\/ro\/wp-content\/uploads\/praying-hands-1024x682.jpg 1024w, https:\/\/baptist.org.md\/ro\/wp-content\/uploads\/praying-hands-300x200.jpg 300w\" sizes=\"auto, (max-width: 720px) 100vw, 720px\" \/><\/a><\/p>\n<p style=\"text-align: justify;\">Suntem \u00een <a href=\"http:\/\/baptist.org.md\/ro\/?cat=464\" target=\"_blank\"><strong>Anul \u00cennoirii Spirituale<\/strong><\/a> \u015fi continu\u0103m seria de evenimente cu aceast\u0103 tematic\u0103 special\u0103 pentru slujitori. \u00cen perioada, 15-16 octombrie, Uniunea Bisericilor Cre\u015ftine Evanghelice Baptiste din Republica Moldova cheam\u0103 to\u0163i slujitorii la <strong>Conferin\u0163a Pastoral\u0103: &#8220;\u00cennoirea Spiritual\u0103 \u00een via\u0163a de rug\u0103ciune a slujitorului&#8221;<\/strong>.<\/p>\n<p style=\"text-align: justify;\">Evenimentul este g\u0103zduit de Biserica &#8220;Betel&#8221; din Chi\u015fin\u0103u. Vorbitorul principal este evanghelistul <a href=\"http:\/\/baptist.org.md\/ro\/?p=12147\" target=\"_blank\"><strong>Summy Tippit, biografia c\u0103ruia o pute\u0163i vedea AICI.<\/strong><\/a><\/p>\n<p style=\"text-align: justify;\"><a href=\"http:\/\/baptist.org.md\/ro\/wp-content\/uploads\/monkimage1.png\"><img loading=\"lazy\" decoding=\"async\" class=\"alignleft wp-image-12188\" src=\"http:\/\/baptist.org.md\/ro\/wp-content\/uploads\/monkimage1.png\" alt=\"monkimage\" width=\"720\" height=\"497\" srcset=\"https:\/\/baptist.org.md\/ro\/wp-content\/uploads\/monkimage1.png 960w, https:\/\/baptist.org.md\/ro\/wp-content\/uploads\/monkimage1-300x207.png 300w\" sizes=\"auto, (max-width: 720px) 100vw, 720px\" \/><\/a><\/p>\n<p style=\"text-align: justify;\">La Conferin\u0163a Pastoral\u0103 sunt invita\u0163i to\u0163i slujitorii, \u00eempreun\u0103 cu so\u0163iilor lor. Aceasta este a treia Conferin\u0163\u0103 Pastoral\u0103 din 2015 cu tematic\u0103 #\u00cennoireaSpiritual\u0103 a slujitorilor. \u015ei de aceast\u0103 dat\u0103, participan\u0163ii vor avea dou\u0103 zile de rug\u0103ciune, aprofundare \u00een studierea Scripturilor \u015fi \u00eencurajare la perseveren\u0163\u0103 \u00een slujire.<\/p>\n<p style=\"text-align: justify;\">\u00censcrierea participan\u0163ilor va \u00eencepe joi, 15 octombrie la ora 08:00, iar programul de \u00eenchinare la ora 10:00. Cu mai multe detalii vom reveni pe parcurs.<\/p>\n","protected":false},"excerpt":{"rendered":"<p>Suntem \u00een Anul \u00cennoirii Spirituale \u015fi continu\u0103m seria de evenimente cu aceast\u0103 tematic\u0103 special\u0103 pentru slujitori. \u00cen perioada, 15-16 octombrie, Uniunea Bisericilor Cre\u015ftine Evanghelice Baptiste din Republica Moldova cheam\u0103 to\u0163i slujitorii la Conferin\u0163a Pastoral\u0103:&#46;&#46;&#46;<\/p>\n","protected":false},"author":2,"featured_media":12186,"comment_status":"open","ping_status":"open","sticky":false,"template":"","format":"standard","meta":{"footnotes":""},"categories":[464,1083,77,23],"tags":[1054,906,1308,1309],"class_list":["post-12182","post","type-post","status-publish","format-standard","has-post-thumbnail","hentry","category-anul-innoirii-spirituale","category-anuntul-evenimentelor","category-slides","category-interne","tag-conferinta-pastorala","tag-innoirea-spirituala","tag-summy-tippit","tag-viata-de-rugaciune-a-slujitorului"],"fimg_url":"https:\/\/baptist.org.md\/ro\/wp-content\/uploads\/praying-hands.jpg","views":2923,"_links":{"self":[{"href":"https:\/\/baptist.org.md\/ro\/index.php?rest_route=\/wp\/v2\/posts\/12182","targetHints":{"allow":["GET"]}}],"collection":[{"href":"https:\/\/baptist.org.md\/ro\/index.php?rest_route=\/wp\/v2\/posts"}],"about":[{"href":"https:\/\/baptist.org.md\/ro\/index.php?rest_route=\/wp\/v2\/types\/post"}],"author":[{"embeddable":true,"href":"https:\/\/baptist.org.md\/ro\/index.php?rest_route=\/wp\/v2\/users\/2"}],"replies":[{"embeddable":true,"href":"https:\/\/baptist.org.md\/ro\/index.php?rest_route=%2Fwp%2Fv2%2Fcomments&post=12182"}],"version-history":[{"count":5,"href":"https:\/\/baptist.org.md\/ro\/index.php?rest_route=\/wp\/v2\/posts\/12182\/revisions"}],"predecessor-version":[{"id":12189,"href":"https:\/\/baptist.org.md\/ro\/index.php?rest_route=\/wp\/v2\/posts\/12182\/revisions\/12189"}],"wp:featuredmedia":[{"embeddable":true,"href":"https:\/\/baptist.org.md\/ro\/index.php?rest_route=\/wp\/v2\/media\/12186"}],"wp:attachment":[{"href":"https:\/\/baptist.org.md\/ro\/index.php?rest_route=%2Fwp%2Fv2%2Fmedia&parent=12182"}],"wp:term":[{"taxonomy":"category","embeddable":true,"href":"https:\/\/baptist.org.md\/ro\/index.php?rest_route=%2Fwp%2Fv2%2Fcategories&post=12182"},{"taxonomy":"post_tag","embeddable":true,"href":"https:\/\/baptist.org.md\/ro\/index.php?rest_route=%2Fwp%2Fv2%2Ftags&post=12182"}],"curies":[{"name":"wp","href":"https:\/\/api.w.org\/{rel}","templated":true}]}}