{"id":11860,"date":"2015-09-04T07:52:16","date_gmt":"2015-09-04T04:52:16","guid":{"rendered":"http:\/\/baptist.org.md\/ro\/?p=11860"},"modified":"2015-10-24T20:17:40","modified_gmt":"2015-10-24T17:17:40","slug":"vlad-criznic-apologetica-si-evanghelizarea-ingrediente-in-innoirea-spirituala","status":"publish","type":"post","link":"https:\/\/baptist.org.md\/ro\/?p=11860","title":{"rendered":"VLAD CR\u00ceZNIC: &#8220;Apologetica \u015fi Evanghelizarea-ingrediente \u00een \u00cennoirea Spiritual\u0103&#8221;"},"content":{"rendered":"<p style=\"text-align: justify;\"><a href=\"http:\/\/baptist.org.md\/ro\/wp-content\/uploads\/conferin\u0163a-de-tineret-\u00eennoire-spiritual\u0103-2015-7.jpg\"><img loading=\"lazy\" decoding=\"async\" class=\"aligncenter size-full wp-image-11672\" src=\"http:\/\/baptist.org.md\/ro\/wp-content\/uploads\/conferin\u0163a-de-tineret-\u00eennoire-spiritual\u0103-2015-7.jpg\" alt=\"conferin\u0163a de tineret \u00eennoire spiritual\u0103 2015 (7)\" width=\"720\" height=\"480\" srcset=\"https:\/\/baptist.org.md\/ro\/wp-content\/uploads\/conferin\u0163a-de-tineret-\u00eennoire-spiritual\u0103-2015-7.jpg 720w, https:\/\/baptist.org.md\/ro\/wp-content\/uploads\/conferin\u0163a-de-tineret-\u00eennoire-spiritual\u0103-2015-7-300x200.jpg 300w\" sizes=\"auto, (max-width: 720px) 100vw, 720px\" \/><\/a><\/p>\n<p style=\"text-align: justify;\">Prima sesiune cu Vlad Cr\u00eeznic la Conferin\u0163a Na\u0163ional\u0103 de Tineret 2015: &#8220;\u00cennoire Spiritual\u0103&#8221; desf\u0103\u015furat\u0103 \u00een perioada 15-21 august \u00een satul de vacan\u0163\u0103 &#8220;Br\u0103dule\u0163&#8221; din Vadul lui Vod\u0103.<\/p>\n<p style=\"text-align: justify;\">Asculta\u0163i aici m\u0103rturia personal\u0103 a reprezentantului Ravi Zacharias Rom\u00e2nia \u015fi primul subiect care abordeaz\u0103 cele mai importante ingrediente \u00een #\u00cennoireaSpiritual\u0103!<\/p>\n<p><iframe loading=\"lazy\" style=\"width: 100%; height: 131px;\" src=\"https:\/\/www.spreaker.com\/embed\/player\/standard?episode_id=6577617&amp;autoplay=false\" width=\"300\" height=\"150\" frameborder=\"0\" scrolling=\"no\"><\/iframe><\/p>\n","protected":false},"excerpt":{"rendered":"<p>Prima sesiune cu Vlad Cr\u00eeznic la Conferin\u0163a Na\u0163ional\u0103 de Tineret 2015: &#8220;\u00cennoire Spiritual\u0103&#8221; desf\u0103\u015furat\u0103 \u00een perioada 15-21 august \u00een satul de vacan\u0163\u0103 &#8220;Br\u0103dule\u0163&#8221; din Vadul lui Vod\u0103. Asculta\u0163i aici m\u0103rturia personal\u0103 a reprezentantului Ravi&#46;&#46;&#46;<\/p>\n","protected":false},"author":2,"featured_media":11672,"comment_status":"open","ping_status":"open","sticky":false,"template":"","format":"standard","meta":{"footnotes":""},"categories":[464,3,15,77],"tags":[1218,376,1219,906,114,1142],"class_list":["post-11860","post","type-post","status-publish","format-standard","has-post-thumbnail","hentry","category-anul-innoirii-spirituale","category-audio","category-predici","category-slides","tag-apologetica-si-evanghelizarea","tag-conferinta-de-tineret","tag-ingrediente-in-innoire-spirituala","tag-innoirea-spirituala","tag-uniunea-baptista","tag-vlad-criznic"],"fimg_url":"https:\/\/baptist.org.md\/ro\/wp-content\/uploads\/conferin\u0163a-de-tineret-\u00eennoire-spiritual\u0103-2015-7.jpg","views":3027,"_links":{"self":[{"href":"https:\/\/baptist.org.md\/ro\/index.php?rest_route=\/wp\/v2\/posts\/11860","targetHints":{"allow":["GET"]}}],"collection":[{"href":"https:\/\/baptist.org.md\/ro\/index.php?rest_route=\/wp\/v2\/posts"}],"about":[{"href":"https:\/\/baptist.org.md\/ro\/index.php?rest_route=\/wp\/v2\/types\/post"}],"author":[{"embeddable":true,"href":"https:\/\/baptist.org.md\/ro\/index.php?rest_route=\/wp\/v2\/users\/2"}],"replies":[{"embeddable":true,"href":"https:\/\/baptist.org.md\/ro\/index.php?rest_route=%2Fwp%2Fv2%2Fcomments&post=11860"}],"version-history":[{"count":2,"href":"https:\/\/baptist.org.md\/ro\/index.php?rest_route=\/wp\/v2\/posts\/11860\/revisions"}],"predecessor-version":[{"id":11862,"href":"https:\/\/baptist.org.md\/ro\/index.php?rest_route=\/wp\/v2\/posts\/11860\/revisions\/11862"}],"wp:featuredmedia":[{"embeddable":true,"href":"https:\/\/baptist.org.md\/ro\/index.php?rest_route=\/wp\/v2\/media\/11672"}],"wp:attachment":[{"href":"https:\/\/baptist.org.md\/ro\/index.php?rest_route=%2Fwp%2Fv2%2Fmedia&parent=11860"}],"wp:term":[{"taxonomy":"category","embeddable":true,"href":"https:\/\/baptist.org.md\/ro\/index.php?rest_route=%2Fwp%2Fv2%2Fcategories&post=11860"},{"taxonomy":"post_tag","embeddable":true,"href":"https:\/\/baptist.org.md\/ro\/index.php?rest_route=%2Fwp%2Fv2%2Ftags&post=11860"}],"curies":[{"name":"wp","href":"https:\/\/api.w.org\/{rel}","templated":true}]}}